{"id":447552,"date":"2022-10-03T22:06:45","date_gmt":"2022-10-04T03:06:45","guid":{"rendered":"https:\/\/www.zunoticia.com\/noticias-de-hidalgo\/?p=447552"},"modified":"2022-10-03T22:06:48","modified_gmt":"2022-10-04T03:06:48","slug":"espejeando-por-perseo-428","status":"publish","type":"post","link":"https:\/\/www.zunoticia.com\/noticias-de-hidalgo\/2022\/10\/03\/espejeando-por-perseo-428\/","title":{"rendered":"ESPEJEANDO por Perseo"},"content":{"rendered":"<aside class=\"mashsb-container mashsb-main mashsb-stretched\"><div class=\"mashsb-box\"><div class=\"mashsb-count mash-large\" style=\"float:left\"><div class=\"counts mashsbcount\">23<\/div><span class=\"mashsb-sharetext\">SHARES<\/span><\/div><div class=\"mashsb-buttons\"><a class=\"mashicon-facebook mash-large mash-center mashsb-noshadow\" href=\"https:\/\/www.facebook.com\/sharer.php?u=https%3A%2F%2Fwww.zunoticia.com%2Fnoticias-de-hidalgo%2F2022%2F10%2F03%2Fespejeando-por-perseo-428%2F\" target=\"_top\" rel=\"nofollow\"><span class=\"icon\"><\/span><span class=\"text\">Share<\/span><\/a><a class=\"mashicon-twitter mash-large mash-center mashsb-noshadow\" href=\"https:\/\/twitter.com\/intent\/tweet?text=&amp;url=https:\/\/www.zunoticia.com\/noticias-de-hidalgo\/2022\/10\/03\/espejeando-por-perseo-428\/\" target=\"_top\" rel=\"nofollow\"><span class=\"icon\"><\/span><span class=\"text\">Tweet<\/span><\/a><div class=\"onoffswitch2 mash-large mashsb-noshadow\" style=\"display:none\"><\/div><\/div>\n            <\/div>\n                <div style=\"clear:both\"><\/div><div class=\"mashsb-toggle-container\"><\/div><\/aside>\n            <!-- Share buttons by mashshare.net - Version: 4.0.47-->\n<p>\u2022 Jos\u00e9 Antonio Vital ayer dej\u00f3 el cargo interino de despacho al frente de la subsecretar\u00eda y en esta responsabilidad Marco Antonio Ramos Moguel es el nuevo titular.<\/p>\n\n\n\n<p>\u2022 El exalcalde y exdiputado local asumi\u00f3 el nuevo rol de la atenci\u00f3n y servicio a una regi\u00f3n con diferencias, que conoce perfectamente, atenderlos por mucho tiempo le da experiencia y ha mostrado adem\u00e1s de capacidad, la sensibilidad necesaria que se requiere para conciliar, que de eso hay mucho que hacer.<\/p>\n\n\n\n<p>\u2022 De entrada, Ramos Moguel encuentra las solicitudes de autoridades comunales para gestiones de apoyos para el pueblo con motivo del Xantolo y, aunque no es su funci\u00f3n inmediata, tampoco desconoce que sus paisanos cuentan en esta tradici\u00f3n con un apoyo que estaba preestablecido dentro de un formato pol\u00edtico en servicios; solo el COVID los habr\u00eda varado para evitar contagios, pero las fiestas como esta, sobre todo, nunca par\u00f3 en sus comunidades.<\/p>\n\n\n\n<p>\u2022 Las Autoridades de El Lindero y Pahuatitla de Huejutla son parte de las muchas que solicitan a la Subsecretar\u00eda de Gobierno en el que requieren de este beneficio.<\/p>\n\n\n\n<p>\u2022 Pero Marco Antonio Ramos hoy no solo tiene la responsabilidad de intervenir en conflictos como mediador, cuenta con esa capacidad de gestionar Cacao para los faeneros comunitarios.<\/p>\n\n\n\n<p>\u2022 Llevan tres a\u00f1os sin el beneficio de cacao y az\u00facar que el gobierno estatal en turno cada a\u00f1o les hac\u00eda entrega.<\/p>\n\n\n\n<p>\u2022 Fue en el a\u00f1o 2019 el \u00faltimo que el gobierno estatal entreg\u00f3 121 toneladas de cacao para 21 municipios de la huasteca, sierra y la regi\u00f3n Otom\u00ed Tepehua; en el 2020 lleg\u00f3 la pandemia, el 2021 fue imposible, pero este a\u00f1o 2022 presenta otro gobierno, nuevas pol\u00edticas p\u00fablicas y todo esto pudiera cambiar, es importante tambi\u00e9n establecer que estos apoyos dependen de un presupuesto que cada a\u00f1o era planificado y que el dinero de este a\u00f1o tambi\u00e9n fue programado para el gasto de pandemia, como en el 2020 y 2021.<\/p>\n\n\n\n<p>\u2022 Marco Moguel es el personaje central para Huejutla y en el distrito de San Felipe el exregidor panista y due\u00f1o del esc\u00e1ndalo p\u00fablico de la solicitud que hizo de 60 mil pesos como &#8220;apoyo&#8221; de dieta mensual en la administraci\u00f3n, precisamente de Marco Antonio Ramos Moguel, apoyo extraecon\u00f3mico que se autorizaron en el cabildo y que la sociedad conden\u00f3.<\/p>\n\n\n\n<p>\u2022 Sin duda no puede pasar inadvertido el paso de Paulino Hern\u00e1ndez Ram\u00edrez pues ahora tiene varios municipios y es imposible no recordar ese pasaje en el que evidenci\u00f3 inter\u00e9s por aprovechar un espacio p\u00fablico. Esperemos que el ondear de la bandera de la 4T lo motive.<\/p>\n\n\n\n<figure class=\"wp-block-image size-large\"><img fetchpriority=\"high\" decoding=\"async\" width=\"1024\" height=\"726\" src=\"https:\/\/www.zunoticia.com\/noticias-de-hidalgo\/wp-content\/uploads\/2022\/10\/WhatsApp-Image-2022-10-03-at-9.17.33-PM-1024x726.jpeg\" alt=\"\" class=\"wp-image-447553\" srcset=\"https:\/\/www.zunoticia.com\/noticias-de-hidalgo\/wp-content\/uploads\/2022\/10\/WhatsApp-Image-2022-10-03-at-9.17.33-PM-1024x726.jpeg 1024w, https:\/\/www.zunoticia.com\/noticias-de-hidalgo\/wp-content\/uploads\/2022\/10\/WhatsApp-Image-2022-10-03-at-9.17.33-PM-300x213.jpeg 300w, https:\/\/www.zunoticia.com\/noticias-de-hidalgo\/wp-content\/uploads\/2022\/10\/WhatsApp-Image-2022-10-03-at-9.17.33-PM-768x545.jpeg 768w, https:\/\/www.zunoticia.com\/noticias-de-hidalgo\/wp-content\/uploads\/2022\/10\/WhatsApp-Image-2022-10-03-at-9.17.33-PM.jpeg 1080w\" sizes=\"(max-width: 1024px) 100vw, 1024px\" \/><\/figure>\n","protected":false},"excerpt":{"rendered":"<p>\u2022 Jos\u00e9 Antonio Vital ayer dej\u00f3 el cargo interino de despacho al frente de la subsecretar\u00eda y en esta responsabilidad Marco Antonio Ramos Moguel es el nuevo titular. \u2022 El exalcalde y exdiputado local asumi\u00f3 el nuevo rol de la atenci\u00f3n y servicio a una regi\u00f3n con diferencias, que conoce perfectamente, atenderlos por mucho tiempo&hellip; <a class=\"more-link\" href=\"https:\/\/www.zunoticia.com\/noticias-de-hidalgo\/2022\/10\/03\/espejeando-por-perseo-428\/\">Seguir leyendo <span class=\"screen-reader-text\">ESPEJEANDO por Perseo<\/span><\/a><\/p>\n","protected":false},"author":12,"featured_media":447554,"comment_status":"closed","ping_status":"open","sticky":false,"template":"","format":"standard","meta":{"rop_custom_images_group":[],"rop_custom_messages_group":[],"rop_publish_now":"initial","rop_publish_now_accounts":{"facebook_10159540855086992_322828327761733":""},"rop_publish_now_history":[],"rop_publish_now_status":"pending","footnotes":""},"categories":[176],"tags":[205],"class_list":["post-447552","post","type-post","status-publish","format-standard","has-post-thumbnail","hentry","category-espejeando","tag-espejeando","entry"],"_links":{"self":[{"href":"https:\/\/www.zunoticia.com\/noticias-de-hidalgo\/wp-json\/wp\/v2\/posts\/447552","targetHints":{"allow":["GET"]}}],"collection":[{"href":"https:\/\/www.zunoticia.com\/noticias-de-hidalgo\/wp-json\/wp\/v2\/posts"}],"about":[{"href":"https:\/\/www.zunoticia.com\/noticias-de-hidalgo\/wp-json\/wp\/v2\/types\/post"}],"author":[{"embeddable":true,"href":"https:\/\/www.zunoticia.com\/noticias-de-hidalgo\/wp-json\/wp\/v2\/users\/12"}],"replies":[{"embeddable":true,"href":"https:\/\/www.zunoticia.com\/noticias-de-hidalgo\/wp-json\/wp\/v2\/comments?post=447552"}],"version-history":[{"count":1,"href":"https:\/\/www.zunoticia.com\/noticias-de-hidalgo\/wp-json\/wp\/v2\/posts\/447552\/revisions"}],"predecessor-version":[{"id":447555,"href":"https:\/\/www.zunoticia.com\/noticias-de-hidalgo\/wp-json\/wp\/v2\/posts\/447552\/revisions\/447555"}],"wp:featuredmedia":[{"embeddable":true,"href":"https:\/\/www.zunoticia.com\/noticias-de-hidalgo\/wp-json\/wp\/v2\/media\/447554"}],"wp:attachment":[{"href":"https:\/\/www.zunoticia.com\/noticias-de-hidalgo\/wp-json\/wp\/v2\/media?parent=447552"}],"wp:term":[{"taxonomy":"category","embeddable":true,"href":"https:\/\/www.zunoticia.com\/noticias-de-hidalgo\/wp-json\/wp\/v2\/categories?post=447552"},{"taxonomy":"post_tag","embeddable":true,"href":"https:\/\/www.zunoticia.com\/noticias-de-hidalgo\/wp-json\/wp\/v2\/tags?post=447552"}],"curies":[{"name":"wp","href":"https:\/\/api.w.org\/{rel}","templated":true}]}}