{"id":448204,"date":"2022-10-07T14:18:34","date_gmt":"2022-10-07T19:18:34","guid":{"rendered":"https:\/\/www.zunoticia.com\/noticias-de-hidalgo\/?p=448204"},"modified":"2022-10-07T14:18:37","modified_gmt":"2022-10-07T19:18:37","slug":"inpi-inicia-jornada-nacional-del-catalogo-de-comunidades-indigenas-y-afroamericanas","status":"publish","type":"post","link":"https:\/\/www.zunoticia.com\/noticias-de-hidalgo\/2022\/10\/07\/inpi-inicia-jornada-nacional-del-catalogo-de-comunidades-indigenas-y-afroamericanas\/","title":{"rendered":"INPI inicia jornada Nacional del Cat\u00e1logo de Comunidades Ind\u00edgenas y Afroamericanas"},"content":{"rendered":"<aside class=\"mashsb-container mashsb-main mashsb-stretched\"><div class=\"mashsb-box\"><div class=\"mashsb-count mash-large\" style=\"float:left\"><div class=\"counts mashsbcount\">24<\/div><span class=\"mashsb-sharetext\">SHARES<\/span><\/div><div class=\"mashsb-buttons\"><a class=\"mashicon-facebook mash-large mash-center mashsb-noshadow\" href=\"https:\/\/www.facebook.com\/sharer.php?u=https%3A%2F%2Fwww.zunoticia.com%2Fnoticias-de-hidalgo%2F2022%2F10%2F07%2Finpi-inicia-jornada-nacional-del-catalogo-de-comunidades-indigenas-y-afroamericanas%2F\" target=\"_top\" rel=\"nofollow\"><span class=\"icon\"><\/span><span class=\"text\">Share<\/span><\/a><a class=\"mashicon-twitter mash-large mash-center mashsb-noshadow\" href=\"https:\/\/twitter.com\/intent\/tweet?text=&amp;url=https:\/\/www.zunoticia.com\/noticias-de-hidalgo\/2022\/10\/07\/inpi-inicia-jornada-nacional-del-catalogo-de-comunidades-indigenas-y-afroamericanas\/\" target=\"_top\" rel=\"nofollow\"><span class=\"icon\"><\/span><span class=\"text\">Tweet<\/span><\/a><div class=\"onoffswitch2 mash-large mashsb-noshadow\" style=\"display:none\"><\/div><\/div>\n            <\/div>\n                <div style=\"clear:both\"><\/div><div class=\"mashsb-toggle-container\"><\/div><\/aside>\n            <!-- Share buttons by mashshare.net - Version: 4.0.47-->\n<p><em>Por Roberto Meza\/Zunoticia<\/em><\/p>\n\n\n\n<p><strong>Huazalingo, Hgo. &#8211;<\/strong> Personal del Instituto Nacional de los Pueblos Ind\u00edgenas de la regi\u00f3n Huasteca -INPI-, en coordinaci\u00f3n con el ayuntamiento que preside Julio C\u00e9sar Gonz\u00e1lez, efectuaron la ma\u00f1ana de este viernes una reuni\u00f3n con los delegados de las comunidades, con la finalidad de iniciar con la Jornada Nacional del Registro de Cat\u00e1logo de Comunidades Ind\u00edgenas.<\/p>\n\n\n\n<figure class=\"wp-block-image size-full\"><img fetchpriority=\"high\" decoding=\"async\" width=\"672\" height=\"420\" src=\"https:\/\/www.zunoticia.com\/noticias-de-hidalgo\/wp-content\/uploads\/2022\/10\/WhatsApp-Image-2022-10-07-at-2.15.07-PM-1.jpeg\" alt=\"\" class=\"wp-image-448206\" srcset=\"https:\/\/www.zunoticia.com\/noticias-de-hidalgo\/wp-content\/uploads\/2022\/10\/WhatsApp-Image-2022-10-07-at-2.15.07-PM-1.jpeg 672w, https:\/\/www.zunoticia.com\/noticias-de-hidalgo\/wp-content\/uploads\/2022\/10\/WhatsApp-Image-2022-10-07-at-2.15.07-PM-1-300x188.jpeg 300w\" sizes=\"(max-width: 672px) 100vw, 672px\" \/><figcaption><em>Personal del INPI al encabezar el evento de la Jornada Nacional de Cat\u00e1logo de Comunidades.<\/em><\/figcaption><\/figure>\n\n\n\n<p>El evento se llev\u00f3 a cabo en galera p\u00fablica, en donde estuvo la titular del INPI Cristina Hern\u00e1ndez Bautista y funcionarios del \u00e1rea de Asuntos ind\u00edgenas, por lo que despu\u00e9s de la presentaci\u00f3n, los delegados recibieron la instrucci\u00f3n de c\u00f3mo integrar este documento en sus comunidades, en donde debe de ser consensado por la mayor\u00eda de los habitantes de los pueblos.<\/p>\n\n\n\n<p>Personal del INPI expres\u00f3 que, es de gran importancia este cat\u00e1logo, por lo que en cada una de las comunidades se les orientar\u00e1 sobre c\u00f3mo llevar sus cat\u00e1logos, sobre todo les traer\u00e1 grandes beneficios para el progreso, por eso es necesario que trabajen en las localidades en donde los delegados deben coordinar esta actividad para el registro de sus poblaciones.<\/p>\n","protected":false},"excerpt":{"rendered":"<p>Por Roberto Meza\/Zunoticia Huazalingo, Hgo. &#8211; Personal del Instituto Nacional de los Pueblos Ind\u00edgenas de la regi\u00f3n Huasteca -INPI-, en coordinaci\u00f3n con el ayuntamiento que preside Julio C\u00e9sar Gonz\u00e1lez, efectuaron la ma\u00f1ana de este viernes una reuni\u00f3n con los delegados de las comunidades, con la finalidad de iniciar con la Jornada Nacional del Registro de&hellip; <a class=\"more-link\" href=\"https:\/\/www.zunoticia.com\/noticias-de-hidalgo\/2022\/10\/07\/inpi-inicia-jornada-nacional-del-catalogo-de-comunidades-indigenas-y-afroamericanas\/\">Seguir leyendo <span class=\"screen-reader-text\">INPI inicia jornada Nacional del Cat\u00e1logo de Comunidades Ind\u00edgenas y Afroamericanas<\/span><\/a><\/p>\n","protected":false},"author":12,"featured_media":448205,"comment_status":"closed","ping_status":"open","sticky":false,"template":"","format":"standard","meta":{"rop_custom_images_group":[],"rop_custom_messages_group":[],"rop_publish_now":"initial","rop_publish_now_accounts":{"facebook_10159540855086992_322828327761733":""},"rop_publish_now_history":[],"rop_publish_now_status":"pending","footnotes":""},"categories":[179,212],"tags":[138],"class_list":["post-448204","post","type-post","status-publish","format-standard","has-post-thumbnail","hentry","category-huasteca","category-huazalingo","tag-huazalingo","entry"],"_links":{"self":[{"href":"https:\/\/www.zunoticia.com\/noticias-de-hidalgo\/wp-json\/wp\/v2\/posts\/448204","targetHints":{"allow":["GET"]}}],"collection":[{"href":"https:\/\/www.zunoticia.com\/noticias-de-hidalgo\/wp-json\/wp\/v2\/posts"}],"about":[{"href":"https:\/\/www.zunoticia.com\/noticias-de-hidalgo\/wp-json\/wp\/v2\/types\/post"}],"author":[{"embeddable":true,"href":"https:\/\/www.zunoticia.com\/noticias-de-hidalgo\/wp-json\/wp\/v2\/users\/12"}],"replies":[{"embeddable":true,"href":"https:\/\/www.zunoticia.com\/noticias-de-hidalgo\/wp-json\/wp\/v2\/comments?post=448204"}],"version-history":[{"count":1,"href":"https:\/\/www.zunoticia.com\/noticias-de-hidalgo\/wp-json\/wp\/v2\/posts\/448204\/revisions"}],"predecessor-version":[{"id":448207,"href":"https:\/\/www.zunoticia.com\/noticias-de-hidalgo\/wp-json\/wp\/v2\/posts\/448204\/revisions\/448207"}],"wp:featuredmedia":[{"embeddable":true,"href":"https:\/\/www.zunoticia.com\/noticias-de-hidalgo\/wp-json\/wp\/v2\/media\/448205"}],"wp:attachment":[{"href":"https:\/\/www.zunoticia.com\/noticias-de-hidalgo\/wp-json\/wp\/v2\/media?parent=448204"}],"wp:term":[{"taxonomy":"category","embeddable":true,"href":"https:\/\/www.zunoticia.com\/noticias-de-hidalgo\/wp-json\/wp\/v2\/categories?post=448204"},{"taxonomy":"post_tag","embeddable":true,"href":"https:\/\/www.zunoticia.com\/noticias-de-hidalgo\/wp-json\/wp\/v2\/tags?post=448204"}],"curies":[{"name":"wp","href":"https:\/\/api.w.org\/{rel}","templated":true}]}}