{"id":448229,"date":"2022-10-07T16:55:38","date_gmt":"2022-10-07T21:55:38","guid":{"rendered":"https:\/\/www.zunoticia.com\/noticias-de-hidalgo\/?p=448229"},"modified":"2022-10-07T16:55:40","modified_gmt":"2022-10-07T21:55:40","slug":"comite-de-padres-de-familia-solicitan-ampliacion-de-rampa","status":"publish","type":"post","link":"https:\/\/www.zunoticia.com\/noticias-de-hidalgo\/2022\/10\/07\/comite-de-padres-de-familia-solicitan-ampliacion-de-rampa\/","title":{"rendered":"Comit\u00e9 de padres de familia solicitan ampliaci\u00f3n de rampa"},"content":{"rendered":"<aside class=\"mashsb-container mashsb-main mashsb-stretched\"><div class=\"mashsb-box\"><div class=\"mashsb-count mash-large\" style=\"float:left\"><div class=\"counts mashsbcount\">5<\/div><span class=\"mashsb-sharetext\">SHARES<\/span><\/div><div class=\"mashsb-buttons\"><a class=\"mashicon-facebook mash-large mash-center mashsb-noshadow\" href=\"https:\/\/www.facebook.com\/sharer.php?u=https%3A%2F%2Fwww.zunoticia.com%2Fnoticias-de-hidalgo%2F2022%2F10%2F07%2Fcomite-de-padres-de-familia-solicitan-ampliacion-de-rampa%2F\" target=\"_top\" rel=\"nofollow\"><span class=\"icon\"><\/span><span class=\"text\">Share<\/span><\/a><a class=\"mashicon-twitter mash-large mash-center mashsb-noshadow\" href=\"https:\/\/twitter.com\/intent\/tweet?text=&amp;url=https:\/\/www.zunoticia.com\/noticias-de-hidalgo\/2022\/10\/07\/comite-de-padres-de-familia-solicitan-ampliacion-de-rampa\/\" target=\"_top\" rel=\"nofollow\"><span class=\"icon\"><\/span><span class=\"text\">Tweet<\/span><\/a><div class=\"onoffswitch2 mash-large mashsb-noshadow\" style=\"display:none\"><\/div><\/div>\n            <\/div>\n                <div style=\"clear:both\"><\/div><div class=\"mashsb-toggle-container\"><\/div><\/aside>\n            <!-- Share buttons by mashshare.net - Version: 4.0.47-->\n<p><em>Por Salvador Altamirano\/Zunoticia<\/em><\/p>\n\n\n\n<p><strong>Huejutla, Hgo. &#8211;<\/strong> El comit\u00e9 de padres de familia de la &#8220;Escuela Primaria L\u00e1zaro C\u00e1rdenas del R\u00edo&#8221; (LACARI), solicitan al ayuntamiento la ampliaci\u00f3n de la rampa de acceso al estacionamiento del auditorio municipal.<\/p>\n\n\n\n<p>Enfatizaron que, de manera simult\u00e1nea a la solicitud agradecen p\u00fablicamente a la autoridad municipal por haber autorizado que padres de familia, quienes llevan a sus hijos en veh\u00edculos al plantel educativo, ingresen con sus unidades al mencionado aparcamiento unos momentos, mientras encaminan a sus peque\u00f1os al port\u00f3n.<\/p>\n\n\n\n<p>Agregaron que, para el tr\u00e1fico vehicular que a la hora de ingreso hay en la parte frontal del plantel educativo, la rampa que existe en la entrada de dicho espacio es insuficiente, por lo que requieren que se ampl\u00ede para mayor seguridad y comodidad de los conductores.<\/p>\n\n\n\n<p>Para concluir, comentaron tener conocimiento que el gobierno municipal planea construir en ese espacio otra rampa, para que los automovilistas entren por una y salgan por otra, pero mientras tanto, solicitan la ampliaci\u00f3n de la ya existente.<\/p>\n","protected":false},"excerpt":{"rendered":"<p>Por Salvador Altamirano\/Zunoticia Huejutla, Hgo. &#8211; El comit\u00e9 de padres de familia de la &#8220;Escuela Primaria L\u00e1zaro C\u00e1rdenas del R\u00edo&#8221; (LACARI), solicitan al ayuntamiento la ampliaci\u00f3n de la rampa de acceso al estacionamiento del auditorio municipal. Enfatizaron que, de manera simult\u00e1nea a la solicitud agradecen p\u00fablicamente a la autoridad municipal por haber autorizado que padres&hellip; <a class=\"more-link\" href=\"https:\/\/www.zunoticia.com\/noticias-de-hidalgo\/2022\/10\/07\/comite-de-padres-de-familia-solicitan-ampliacion-de-rampa\/\">Seguir leyendo <span class=\"screen-reader-text\">Comit\u00e9 de padres de familia solicitan ampliaci\u00f3n de rampa<\/span><\/a><\/p>\n","protected":false},"author":12,"featured_media":448230,"comment_status":"closed","ping_status":"open","sticky":false,"template":"","format":"standard","meta":{"rop_custom_images_group":[],"rop_custom_messages_group":[],"rop_publish_now":"initial","rop_publish_now_accounts":{"facebook_10159540855086992_322828327761733":""},"rop_publish_now_history":[],"rop_publish_now_status":"pending","footnotes":""},"categories":[181],"tags":[121],"class_list":["post-448229","post","type-post","status-publish","format-standard","has-post-thumbnail","hentry","category-huejutla","tag-huejutla","entry"],"_links":{"self":[{"href":"https:\/\/www.zunoticia.com\/noticias-de-hidalgo\/wp-json\/wp\/v2\/posts\/448229","targetHints":{"allow":["GET"]}}],"collection":[{"href":"https:\/\/www.zunoticia.com\/noticias-de-hidalgo\/wp-json\/wp\/v2\/posts"}],"about":[{"href":"https:\/\/www.zunoticia.com\/noticias-de-hidalgo\/wp-json\/wp\/v2\/types\/post"}],"author":[{"embeddable":true,"href":"https:\/\/www.zunoticia.com\/noticias-de-hidalgo\/wp-json\/wp\/v2\/users\/12"}],"replies":[{"embeddable":true,"href":"https:\/\/www.zunoticia.com\/noticias-de-hidalgo\/wp-json\/wp\/v2\/comments?post=448229"}],"version-history":[{"count":1,"href":"https:\/\/www.zunoticia.com\/noticias-de-hidalgo\/wp-json\/wp\/v2\/posts\/448229\/revisions"}],"predecessor-version":[{"id":448231,"href":"https:\/\/www.zunoticia.com\/noticias-de-hidalgo\/wp-json\/wp\/v2\/posts\/448229\/revisions\/448231"}],"wp:featuredmedia":[{"embeddable":true,"href":"https:\/\/www.zunoticia.com\/noticias-de-hidalgo\/wp-json\/wp\/v2\/media\/448230"}],"wp:attachment":[{"href":"https:\/\/www.zunoticia.com\/noticias-de-hidalgo\/wp-json\/wp\/v2\/media?parent=448229"}],"wp:term":[{"taxonomy":"category","embeddable":true,"href":"https:\/\/www.zunoticia.com\/noticias-de-hidalgo\/wp-json\/wp\/v2\/categories?post=448229"},{"taxonomy":"post_tag","embeddable":true,"href":"https:\/\/www.zunoticia.com\/noticias-de-hidalgo\/wp-json\/wp\/v2\/tags?post=448229"}],"curies":[{"name":"wp","href":"https:\/\/api.w.org\/{rel}","templated":true}]}}