{"id":448259,"date":"2022-10-07T18:33:10","date_gmt":"2022-10-07T23:33:10","guid":{"rendered":"https:\/\/www.zunoticia.com\/noticias-de-hidalgo\/?p=448259"},"modified":"2022-10-07T18:33:13","modified_gmt":"2022-10-07T23:33:13","slug":"sera-el-difh-autentico-aliado-de-las-familias","status":"publish","type":"post","link":"https:\/\/www.zunoticia.com\/noticias-de-hidalgo\/2022\/10\/07\/sera-el-difh-autentico-aliado-de-las-familias\/","title":{"rendered":"Ser\u00e1 el DIFH aut\u00e9ntico aliado de las familias"},"content":{"rendered":"<aside class=\"mashsb-container mashsb-main mashsb-stretched\"><div class=\"mashsb-box\"><div class=\"mashsb-count mash-large\" style=\"float:left\"><div class=\"counts mashsbcount\">18<\/div><span class=\"mashsb-sharetext\">SHARES<\/span><\/div><div class=\"mashsb-buttons\"><a class=\"mashicon-facebook mash-large mash-center mashsb-noshadow\" href=\"https:\/\/www.facebook.com\/sharer.php?u=https%3A%2F%2Fwww.zunoticia.com%2Fnoticias-de-hidalgo%2F2022%2F10%2F07%2Fsera-el-difh-autentico-aliado-de-las-familias%2F\" target=\"_top\" rel=\"nofollow\"><span class=\"icon\"><\/span><span class=\"text\">Share<\/span><\/a><a class=\"mashicon-twitter mash-large mash-center mashsb-noshadow\" href=\"https:\/\/twitter.com\/intent\/tweet?text=&amp;url=https:\/\/www.zunoticia.com\/noticias-de-hidalgo\/2022\/10\/07\/sera-el-difh-autentico-aliado-de-las-familias\/\" target=\"_top\" rel=\"nofollow\"><span class=\"icon\"><\/span><span class=\"text\">Tweet<\/span><\/a><div class=\"onoffswitch2 mash-large mashsb-noshadow\" style=\"display:none\"><\/div><\/div>\n            <\/div>\n                <div style=\"clear:both\"><\/div><div class=\"mashsb-toggle-container\"><\/div><\/aside>\n            <!-- Share buttons by mashshare.net - Version: 4.0.47-->\n<ul class=\"wp-block-list\"><li>Edda Vite refrenda su compromiso con los sectores m\u00e1s desfavorecidos; pondr\u00e1 en marcha acciones de reconstrucci\u00f3n del tejido social<\/li><\/ul>\n\n\n\n<ul class=\"wp-block-list\"><li>El gobernador Julio Menchaca tom\u00f3 protesta a integrantes del Patronato del Sistema DIF Hidalgo<\/li><\/ul>\n\n\n\n<p><em>Por Redacci\u00f3n\/Zunoticia<\/em><\/p>\n\n\n\n<p><strong>Pachuca, Hgo<\/strong><strong>.-<\/strong> En el gobierno para la transformaci\u00f3n de Hidalgo, la atenci\u00f3n a los sectores m\u00e1s vulnerables ser\u00e1 una acci\u00f3n prioritaria; por ello el gobernador Julio Menchaca Salazar tom\u00f3 protesta a las y los integrantes del Patronato del Sistema para el Desarrollo Integral de la Familia (DIF), el cual estar\u00e1 presidido por Edda Vite Ramos, durante el periodo 2022-2028.<\/p>\n\n\n\n<figure class=\"wp-block-image size-large\"><img fetchpriority=\"high\" decoding=\"async\" width=\"1024\" height=\"682\" src=\"https:\/\/www.zunoticia.com\/noticias-de-hidalgo\/wp-content\/uploads\/2022\/10\/eZy-Watermark-07-10-2022-06-11-03p.m.-1024x682.jpg\" alt=\"\" class=\"wp-image-448266\" srcset=\"https:\/\/www.zunoticia.com\/noticias-de-hidalgo\/wp-content\/uploads\/2022\/10\/eZy-Watermark-07-10-2022-06-11-03p.m.-1024x682.jpg 1024w, https:\/\/www.zunoticia.com\/noticias-de-hidalgo\/wp-content\/uploads\/2022\/10\/eZy-Watermark-07-10-2022-06-11-03p.m.-300x200.jpg 300w, https:\/\/www.zunoticia.com\/noticias-de-hidalgo\/wp-content\/uploads\/2022\/10\/eZy-Watermark-07-10-2022-06-11-03p.m.-768x512.jpg 768w, https:\/\/www.zunoticia.com\/noticias-de-hidalgo\/wp-content\/uploads\/2022\/10\/eZy-Watermark-07-10-2022-06-11-03p.m.-1536x1023.jpg 1536w, https:\/\/www.zunoticia.com\/noticias-de-hidalgo\/wp-content\/uploads\/2022\/10\/eZy-Watermark-07-10-2022-06-11-03p.m.-1568x1045.jpg 1568w, https:\/\/www.zunoticia.com\/noticias-de-hidalgo\/wp-content\/uploads\/2022\/10\/eZy-Watermark-07-10-2022-06-11-03p.m..jpg 1600w\" sizes=\"(max-width: 1024px) 100vw, 1024px\" \/><\/figure>\n\n\n\n<p>En su intervenci\u00f3n, Vite Ramos se\u00f1al\u00f3 que el Sistema DIF Hidalgo inicia una nueva etapa, en donde los trabajos se enfocar\u00e1n en la atenci\u00f3n a las y los m\u00e1s desfavorecidos, convirtiendo a esta instituci\u00f3n en un organismo cercano a la poblaci\u00f3n y con actividades centradas en la construcci\u00f3n de valores que permitan una sana convivencia en igualdad de condiciones.<\/p>\n\n\n\n<figure class=\"wp-block-image size-full\"><img decoding=\"async\" width=\"1024\" height=\"683\" src=\"https:\/\/www.zunoticia.com\/noticias-de-hidalgo\/wp-content\/uploads\/2022\/10\/eZy-Watermark-07-10-2022-06-10-21p.m..jpg\" alt=\"\" class=\"wp-image-448268\" srcset=\"https:\/\/www.zunoticia.com\/noticias-de-hidalgo\/wp-content\/uploads\/2022\/10\/eZy-Watermark-07-10-2022-06-10-21p.m..jpg 1024w, https:\/\/www.zunoticia.com\/noticias-de-hidalgo\/wp-content\/uploads\/2022\/10\/eZy-Watermark-07-10-2022-06-10-21p.m.-300x200.jpg 300w, https:\/\/www.zunoticia.com\/noticias-de-hidalgo\/wp-content\/uploads\/2022\/10\/eZy-Watermark-07-10-2022-06-10-21p.m.-768x512.jpg 768w\" sizes=\"(max-width: 1024px) 100vw, 1024px\" \/><\/figure>\n\n\n\n<p>\u201cNuestra principal tarea es la protecci\u00f3n a la poblaci\u00f3n m\u00e1s vulnerable, por lo que desde el inicio de esta administraci\u00f3n nos hemos propuesto contar con lugares dignos donde la poblaci\u00f3n sea atendida con respeto, calidez y humanidad. De ah\u00ed que a partir de ahora emprendamos acciones que garanticen respuesta oportuna a las demandas m\u00e1s sentidas de la poblaci\u00f3n\u201d, subray\u00f3 la presidenta del Patronato.<\/p>\n\n\n\n<figure class=\"wp-block-image size-large\"><img decoding=\"async\" width=\"1024\" height=\"683\" src=\"https:\/\/www.zunoticia.com\/noticias-de-hidalgo\/wp-content\/uploads\/2022\/10\/eZy-Watermark-07-10-2022-06-10-44p.m.-1024x683.jpg\" alt=\"\" class=\"wp-image-448267\" srcset=\"https:\/\/www.zunoticia.com\/noticias-de-hidalgo\/wp-content\/uploads\/2022\/10\/eZy-Watermark-07-10-2022-06-10-44p.m.-1024x683.jpg 1024w, https:\/\/www.zunoticia.com\/noticias-de-hidalgo\/wp-content\/uploads\/2022\/10\/eZy-Watermark-07-10-2022-06-10-44p.m.-300x200.jpg 300w, https:\/\/www.zunoticia.com\/noticias-de-hidalgo\/wp-content\/uploads\/2022\/10\/eZy-Watermark-07-10-2022-06-10-44p.m.-768x512.jpg 768w, https:\/\/www.zunoticia.com\/noticias-de-hidalgo\/wp-content\/uploads\/2022\/10\/eZy-Watermark-07-10-2022-06-10-44p.m..jpg 1404w\" sizes=\"(max-width: 1024px) 100vw, 1024px\" \/><\/figure>\n\n\n\n<p>El reto es, precis\u00f3, \u201ctener piso parejo para que las personas m\u00e1s vulnerables est\u00e9n en condiciones de tener una vida digna y en ello estamos empe\u00f1ados\u201d.<\/p>\n\n\n\n<figure class=\"wp-block-image size-full\"><img loading=\"lazy\" decoding=\"async\" width=\"1024\" height=\"576\" src=\"https:\/\/www.zunoticia.com\/noticias-de-hidalgo\/wp-content\/uploads\/2022\/10\/eZy-Watermark-07-10-2022-06-09-53p.m..jpg\" alt=\"\" class=\"wp-image-448269\" srcset=\"https:\/\/www.zunoticia.com\/noticias-de-hidalgo\/wp-content\/uploads\/2022\/10\/eZy-Watermark-07-10-2022-06-09-53p.m..jpg 1024w, https:\/\/www.zunoticia.com\/noticias-de-hidalgo\/wp-content\/uploads\/2022\/10\/eZy-Watermark-07-10-2022-06-09-53p.m.-300x169.jpg 300w, https:\/\/www.zunoticia.com\/noticias-de-hidalgo\/wp-content\/uploads\/2022\/10\/eZy-Watermark-07-10-2022-06-09-53p.m.-768x432.jpg 768w\" sizes=\"(max-width: 1024px) 100vw, 1024px\" \/><\/figure>\n\n\n\n<p>El gobernador Julio Menchaca invit\u00f3 a las y los integrantes del Patronato del Sistema DIF Hidalgo a trabajar en beneficio de quienes menos tienen, haciendo un correcto uso de los recursos, a la par de cumplir con los objetivos de asistencia social para que este organismo sea un conducto directo con las comunidades marginadas.<\/p>\n\n\n\n<figure class=\"wp-block-image size-large\"><img loading=\"lazy\" decoding=\"async\" width=\"1024\" height=\"683\" src=\"https:\/\/www.zunoticia.com\/noticias-de-hidalgo\/wp-content\/uploads\/2022\/10\/eZy-Watermark-07-10-2022-06-11-18p.m.-1024x683.jpg\" alt=\"\" class=\"wp-image-448265\" srcset=\"https:\/\/www.zunoticia.com\/noticias-de-hidalgo\/wp-content\/uploads\/2022\/10\/eZy-Watermark-07-10-2022-06-11-18p.m.-1024x683.jpg 1024w, https:\/\/www.zunoticia.com\/noticias-de-hidalgo\/wp-content\/uploads\/2022\/10\/eZy-Watermark-07-10-2022-06-11-18p.m.-300x200.jpg 300w, https:\/\/www.zunoticia.com\/noticias-de-hidalgo\/wp-content\/uploads\/2022\/10\/eZy-Watermark-07-10-2022-06-11-18p.m.-768x512.jpg 768w, https:\/\/www.zunoticia.com\/noticias-de-hidalgo\/wp-content\/uploads\/2022\/10\/eZy-Watermark-07-10-2022-06-11-18p.m.-1536x1024.jpg 1536w, https:\/\/www.zunoticia.com\/noticias-de-hidalgo\/wp-content\/uploads\/2022\/10\/eZy-Watermark-07-10-2022-06-11-18p.m.-1568x1045.jpg 1568w, https:\/\/www.zunoticia.com\/noticias-de-hidalgo\/wp-content\/uploads\/2022\/10\/eZy-Watermark-07-10-2022-06-11-18p.m..jpg 1590w\" sizes=\"(max-width: 1024px) 100vw, 1024px\" \/><\/figure>\n\n\n\n<p>\u201cTengo la seguridad de que quienes integran al Sistema DIF Hidalgo tienen un denominador com\u00fan: servirle a los dem\u00e1s, pues soy testigo de que la suma y la sinergia entre los sectores sociales y p\u00fablicos ayudan a trascender en beneficio de nuestra comunidad\u201d, destac\u00f3.<\/p>\n\n\n\n<figure class=\"wp-block-image size-large\"><img loading=\"lazy\" decoding=\"async\" width=\"1024\" height=\"646\" src=\"https:\/\/www.zunoticia.com\/noticias-de-hidalgo\/wp-content\/uploads\/2022\/10\/eZy-Watermark-07-10-2022-06-12-07p.m.-1024x646.jpg\" alt=\"\" class=\"wp-image-448264\" srcset=\"https:\/\/www.zunoticia.com\/noticias-de-hidalgo\/wp-content\/uploads\/2022\/10\/eZy-Watermark-07-10-2022-06-12-07p.m.-1024x646.jpg 1024w, https:\/\/www.zunoticia.com\/noticias-de-hidalgo\/wp-content\/uploads\/2022\/10\/eZy-Watermark-07-10-2022-06-12-07p.m.-300x189.jpg 300w, https:\/\/www.zunoticia.com\/noticias-de-hidalgo\/wp-content\/uploads\/2022\/10\/eZy-Watermark-07-10-2022-06-12-07p.m.-768x485.jpg 768w, https:\/\/www.zunoticia.com\/noticias-de-hidalgo\/wp-content\/uploads\/2022\/10\/eZy-Watermark-07-10-2022-06-12-07p.m..jpg 1280w\" sizes=\"(max-width: 1024px) 100vw, 1024px\" \/><\/figure>\n\n\n\n<p>El titular del Ejecutivo estatal mencion\u00f3 que, con el inicio de esta nueva administraci\u00f3n del Sistema DIF Hidalgo, miles de familias tendr\u00e1n la oportunidad de contar con una instituci\u00f3n aliada que coadyuvar\u00e1 en el fortalecimiento del bienestar de todas y todos los hidalguenses, pues se emprender\u00e1n trabajos coordinados que garanticen el respeto a los derechos e igualdad de oportunidades.<\/p>\n\n\n\n<p>Integran el Patronato del Sistema DIF Hidalgo: Edda Vite Ramos; Juan Carlos Mart\u00ednez como titular de la Secretar\u00eda General; Marco Disraely Gonz\u00e1lez Cuenca como prosecretario; Miguel \u00c1ngel Guevara Trejo, tesorero; las titulares de las Secretar\u00edas de Salud, Finanzas y Desarrollo Social, Mar\u00eda Zorayda Robles Barrera, Esther Ram\u00edrez Vargas y Simey Olvera Bautista; as\u00ed como Devorah Butr\u00f3n Ornelas, Marcela Mart\u00ednez, Elsa Ru\u00edz L\u00f3pez, como vocales del sector social, adem\u00e1s de Xchel Ad\u00e1n Valle G\u00e1lvez y Luis Samperio Guzm\u00e1n como vocales del sector privado.<\/p>\n","protected":false},"excerpt":{"rendered":"<p>Edda Vite refrenda su compromiso con los sectores m\u00e1s desfavorecidos; pondr\u00e1 en marcha acciones de reconstrucci\u00f3n del tejido social El gobernador Julio Menchaca tom\u00f3 protesta a integrantes del Patronato del Sistema DIF Hidalgo Por Redacci\u00f3n\/Zunoticia Pachuca, Hgo.- En el gobierno para la transformaci\u00f3n de Hidalgo, la atenci\u00f3n a los sectores m\u00e1s vulnerables ser\u00e1 una acci\u00f3n&hellip; <a class=\"more-link\" href=\"https:\/\/www.zunoticia.com\/noticias-de-hidalgo\/2022\/10\/07\/sera-el-difh-autentico-aliado-de-las-familias\/\">Seguir leyendo <span class=\"screen-reader-text\">Ser\u00e1 el DIFH aut\u00e9ntico aliado de las familias<\/span><\/a><\/p>\n","protected":false},"author":12,"featured_media":448264,"comment_status":"closed","ping_status":"open","sticky":false,"template":"","format":"standard","meta":{"rop_custom_images_group":[],"rop_custom_messages_group":[],"rop_publish_now":"initial","rop_publish_now_accounts":{"facebook_10159540855086992_322828327761733":""},"rop_publish_now_history":[],"rop_publish_now_status":"pending","footnotes":""},"categories":[208],"tags":[214],"class_list":["post-448259","post","type-post","status-publish","format-standard","has-post-thumbnail","hentry","category-estado","tag-estado","entry"],"_links":{"self":[{"href":"https:\/\/www.zunoticia.com\/noticias-de-hidalgo\/wp-json\/wp\/v2\/posts\/448259","targetHints":{"allow":["GET"]}}],"collection":[{"href":"https:\/\/www.zunoticia.com\/noticias-de-hidalgo\/wp-json\/wp\/v2\/posts"}],"about":[{"href":"https:\/\/www.zunoticia.com\/noticias-de-hidalgo\/wp-json\/wp\/v2\/types\/post"}],"author":[{"embeddable":true,"href":"https:\/\/www.zunoticia.com\/noticias-de-hidalgo\/wp-json\/wp\/v2\/users\/12"}],"replies":[{"embeddable":true,"href":"https:\/\/www.zunoticia.com\/noticias-de-hidalgo\/wp-json\/wp\/v2\/comments?post=448259"}],"version-history":[{"count":1,"href":"https:\/\/www.zunoticia.com\/noticias-de-hidalgo\/wp-json\/wp\/v2\/posts\/448259\/revisions"}],"predecessor-version":[{"id":448272,"href":"https:\/\/www.zunoticia.com\/noticias-de-hidalgo\/wp-json\/wp\/v2\/posts\/448259\/revisions\/448272"}],"wp:featuredmedia":[{"embeddable":true,"href":"https:\/\/www.zunoticia.com\/noticias-de-hidalgo\/wp-json\/wp\/v2\/media\/448264"}],"wp:attachment":[{"href":"https:\/\/www.zunoticia.com\/noticias-de-hidalgo\/wp-json\/wp\/v2\/media?parent=448259"}],"wp:term":[{"taxonomy":"category","embeddable":true,"href":"https:\/\/www.zunoticia.com\/noticias-de-hidalgo\/wp-json\/wp\/v2\/categories?post=448259"},{"taxonomy":"post_tag","embeddable":true,"href":"https:\/\/www.zunoticia.com\/noticias-de-hidalgo\/wp-json\/wp\/v2\/tags?post=448259"}],"curies":[{"name":"wp","href":"https:\/\/api.w.org\/{rel}","templated":true}]}}