{"id":448273,"date":"2022-10-07T18:42:15","date_gmt":"2022-10-07T23:42:15","guid":{"rendered":"https:\/\/www.zunoticia.com\/noticias-de-hidalgo\/?p=448273"},"modified":"2022-10-07T18:42:17","modified_gmt":"2022-10-07T23:42:17","slug":"concluye-jornada-medica","status":"publish","type":"post","link":"https:\/\/www.zunoticia.com\/noticias-de-hidalgo\/2022\/10\/07\/concluye-jornada-medica\/","title":{"rendered":"Concluye jornada m\u00e9dica"},"content":{"rendered":"<aside class=\"mashsb-container mashsb-main mashsb-stretched\"><div class=\"mashsb-box\"><div class=\"mashsb-count mash-large\" style=\"float:left\"><div class=\"counts mashsbcount\">9<\/div><span class=\"mashsb-sharetext\">SHARES<\/span><\/div><div class=\"mashsb-buttons\"><a class=\"mashicon-facebook mash-large mash-center mashsb-noshadow\" href=\"https:\/\/www.facebook.com\/sharer.php?u=https%3A%2F%2Fwww.zunoticia.com%2Fnoticias-de-hidalgo%2F2022%2F10%2F07%2Fconcluye-jornada-medica%2F\" target=\"_top\" rel=\"nofollow\"><span class=\"icon\"><\/span><span class=\"text\">Share<\/span><\/a><a class=\"mashicon-twitter mash-large mash-center mashsb-noshadow\" href=\"https:\/\/twitter.com\/intent\/tweet?text=&amp;url=https:\/\/www.zunoticia.com\/noticias-de-hidalgo\/2022\/10\/07\/concluye-jornada-medica\/\" target=\"_top\" rel=\"nofollow\"><span class=\"icon\"><\/span><span class=\"text\">Tweet<\/span><\/a><div class=\"onoffswitch2 mash-large mashsb-noshadow\" style=\"display:none\"><\/div><\/div>\n            <\/div>\n                <div style=\"clear:both\"><\/div><div class=\"mashsb-toggle-container\"><\/div><\/aside>\n            <!-- Share buttons by mashshare.net - Version: 4.0.47-->\n<p><em>Por Pedro Luciano\/Zunoticia<\/em><\/p>\n\n\n\n<p><strong>Atlapexco, Hgo.-<\/strong>&nbsp; Una de las prioridades para la administraci\u00f3n p\u00fablica Municipal es la de velar por la salud de los atlapexquenses, es por lo anterior que a trav\u00e9s del sistema DIF municipal en coordinaci\u00f3n con el \u00e1rea de salud, se ha llevado a cabo una jornada medica en el municipio.<\/p>\n\n\n\n<p>Refiri\u00f3 personal pertenecientes al sistema DIF municipal que dicha jornada se llev\u00f3 a cabo el jueves 6 y vienes 7 del presente mes, con el objetivo de brindar consultas a la poblaci\u00f3n en diferentes materias de salud, tales como dental, visual, as\u00ed como consultas generales.<\/p>\n\n\n\n<p>Dichas consultas se llevaron a cabo dentro de la Galera municipal ubicada en la colonia Centro de la cabecera municipal, en donde no solo se brindaron consultas, sino que tambi\u00e9n se dotaron de medicamentos a la poblaci\u00f3n y se apoy\u00f3 con el 50% del costo total de los equipos visuales para los pobladores que lo requer\u00edan.<\/p>\n\n\n\n<p>Concluy\u00f3 refiriendo que se obtuvo una muy buena respuesta por parte de la poblaci\u00f3n, y se espera que en fechas futuras se continue con esta jornada de salud, con el fin de apoyar al bienestar p\u00fablico de los atlapexquenses.<\/p>\n","protected":false},"excerpt":{"rendered":"<p>Por Pedro Luciano\/Zunoticia Atlapexco, Hgo.-&nbsp; Una de las prioridades para la administraci\u00f3n p\u00fablica Municipal es la de velar por la salud de los atlapexquenses, es por lo anterior que a trav\u00e9s del sistema DIF municipal en coordinaci\u00f3n con el \u00e1rea de salud, se ha llevado a cabo una jornada medica en el municipio. Refiri\u00f3 personal&hellip; <a class=\"more-link\" href=\"https:\/\/www.zunoticia.com\/noticias-de-hidalgo\/2022\/10\/07\/concluye-jornada-medica\/\">Seguir leyendo <span class=\"screen-reader-text\">Concluye jornada m\u00e9dica<\/span><\/a><\/p>\n","protected":false},"author":12,"featured_media":448263,"comment_status":"closed","ping_status":"open","sticky":false,"template":"","format":"standard","meta":{"rop_custom_images_group":[],"rop_custom_messages_group":[],"rop_publish_now":"initial","rop_publish_now_accounts":{"facebook_10159540855086992_322828327761733":""},"rop_publish_now_history":[],"rop_publish_now_status":"pending","footnotes":""},"categories":[182],"tags":[133],"class_list":["post-448273","post","type-post","status-publish","format-standard","has-post-thumbnail","hentry","category-atlapexco","tag-atlapexco","entry"],"_links":{"self":[{"href":"https:\/\/www.zunoticia.com\/noticias-de-hidalgo\/wp-json\/wp\/v2\/posts\/448273","targetHints":{"allow":["GET"]}}],"collection":[{"href":"https:\/\/www.zunoticia.com\/noticias-de-hidalgo\/wp-json\/wp\/v2\/posts"}],"about":[{"href":"https:\/\/www.zunoticia.com\/noticias-de-hidalgo\/wp-json\/wp\/v2\/types\/post"}],"author":[{"embeddable":true,"href":"https:\/\/www.zunoticia.com\/noticias-de-hidalgo\/wp-json\/wp\/v2\/users\/12"}],"replies":[{"embeddable":true,"href":"https:\/\/www.zunoticia.com\/noticias-de-hidalgo\/wp-json\/wp\/v2\/comments?post=448273"}],"version-history":[{"count":1,"href":"https:\/\/www.zunoticia.com\/noticias-de-hidalgo\/wp-json\/wp\/v2\/posts\/448273\/revisions"}],"predecessor-version":[{"id":448274,"href":"https:\/\/www.zunoticia.com\/noticias-de-hidalgo\/wp-json\/wp\/v2\/posts\/448273\/revisions\/448274"}],"wp:featuredmedia":[{"embeddable":true,"href":"https:\/\/www.zunoticia.com\/noticias-de-hidalgo\/wp-json\/wp\/v2\/media\/448263"}],"wp:attachment":[{"href":"https:\/\/www.zunoticia.com\/noticias-de-hidalgo\/wp-json\/wp\/v2\/media?parent=448273"}],"wp:term":[{"taxonomy":"category","embeddable":true,"href":"https:\/\/www.zunoticia.com\/noticias-de-hidalgo\/wp-json\/wp\/v2\/categories?post=448273"},{"taxonomy":"post_tag","embeddable":true,"href":"https:\/\/www.zunoticia.com\/noticias-de-hidalgo\/wp-json\/wp\/v2\/tags?post=448273"}],"curies":[{"name":"wp","href":"https:\/\/api.w.org\/{rel}","templated":true}]}}