{"id":448298,"date":"2022-10-07T19:28:35","date_gmt":"2022-10-08T00:28:35","guid":{"rendered":"https:\/\/www.zunoticia.com\/noticias-de-hidalgo\/?p=448298"},"modified":"2022-10-07T19:28:37","modified_gmt":"2022-10-08T00:28:37","slug":"piden-atencion-de-calidad-en-salud-para-comunidades-indigenas","status":"publish","type":"post","link":"https:\/\/www.zunoticia.com\/noticias-de-hidalgo\/2022\/10\/07\/piden-atencion-de-calidad-en-salud-para-comunidades-indigenas\/","title":{"rendered":"Piden atenci\u00f3n de calidad en salud para comunidades Ind\u00edgenas"},"content":{"rendered":"<aside class=\"mashsb-container mashsb-main mashsb-stretched\"><div class=\"mashsb-box\"><div class=\"mashsb-count mash-large\" style=\"float:left\"><div class=\"counts mashsbcount\">27<\/div><span class=\"mashsb-sharetext\">SHARES<\/span><\/div><div class=\"mashsb-buttons\"><a class=\"mashicon-facebook mash-large mash-center mashsb-noshadow\" href=\"https:\/\/www.facebook.com\/sharer.php?u=https%3A%2F%2Fwww.zunoticia.com%2Fnoticias-de-hidalgo%2F2022%2F10%2F07%2Fpiden-atencion-de-calidad-en-salud-para-comunidades-indigenas%2F\" target=\"_top\" rel=\"nofollow\"><span class=\"icon\"><\/span><span class=\"text\">Share<\/span><\/a><a class=\"mashicon-twitter mash-large mash-center mashsb-noshadow\" href=\"https:\/\/twitter.com\/intent\/tweet?text=&amp;url=https:\/\/www.zunoticia.com\/noticias-de-hidalgo\/2022\/10\/07\/piden-atencion-de-calidad-en-salud-para-comunidades-indigenas\/\" target=\"_top\" rel=\"nofollow\"><span class=\"icon\"><\/span><span class=\"text\">Tweet<\/span><\/a><div class=\"onoffswitch2 mash-large mashsb-noshadow\" style=\"display:none\"><\/div><\/div>\n            <\/div>\n                <div style=\"clear:both\"><\/div><div class=\"mashsb-toggle-container\"><\/div><\/aside>\n            <!-- Share buttons by mashshare.net - Version: 4.0.47-->\n<p><em>Por \u00c1ngel Silverio\/Zunoticia<\/em><\/p>\n\n\n\n<p><strong>San Felipe Orizatl\u00e1n, Hgo.-<\/strong> Luego de la manifestaci\u00f3n pac\u00edfica que realizaron el pasado jueves en el Hospital Regional de Huejutla, se\u00f1alando negligencia m\u00e9dica, autoridades y vecinos de la delegaci\u00f3n de Ahuatitla sostuvieron una reuni\u00f3n general para dar a conocer sobre dicha manifestaci\u00f3n, as\u00ed como tambi\u00e9n para organizarse para que se exija que se les d\u00e9 atenci\u00f3n de calidad, cada que requieran de los servicios m\u00e9dicos en cualquier nosocomio p\u00fablico.<\/p>\n\n\n\n<p>&#8220;Esta reuni\u00f3n es para eso, para informarles de lo que estamos haciendo por el bien de nuestra comunidad y de los pueblos vecinos, porque no es justo que por el hecho de no tener las mismas condiciones que otras personas nos quieran dar un trato inhumano, o que incluso solo se dejen as\u00ed las cosas y ni siquiera se investiguen, queremos salud de calidad para todos nuestros hermanos huastecos&#8221;, se\u00f1al\u00f3 el delegado de la comunidad de Ahuatitla, \u00d3scar Mart\u00ednez Amador.<\/p>\n\n\n\n<figure class=\"wp-block-image size-large\"><img fetchpriority=\"high\" decoding=\"async\" width=\"1024\" height=\"768\" src=\"https:\/\/www.zunoticia.com\/noticias-de-hidalgo\/wp-content\/uploads\/2022\/10\/eZy-Watermark-07-10-2022-06-20-41p.m.-1024x768.jpg\" alt=\"\" class=\"wp-image-448281\" srcset=\"https:\/\/www.zunoticia.com\/noticias-de-hidalgo\/wp-content\/uploads\/2022\/10\/eZy-Watermark-07-10-2022-06-20-41p.m.-1024x768.jpg 1024w, https:\/\/www.zunoticia.com\/noticias-de-hidalgo\/wp-content\/uploads\/2022\/10\/eZy-Watermark-07-10-2022-06-20-41p.m.-300x225.jpg 300w, https:\/\/www.zunoticia.com\/noticias-de-hidalgo\/wp-content\/uploads\/2022\/10\/eZy-Watermark-07-10-2022-06-20-41p.m.-768x576.jpg 768w, https:\/\/www.zunoticia.com\/noticias-de-hidalgo\/wp-content\/uploads\/2022\/10\/eZy-Watermark-07-10-2022-06-20-41p.m.-1536x1152.jpg 1536w, https:\/\/www.zunoticia.com\/noticias-de-hidalgo\/wp-content\/uploads\/2022\/10\/eZy-Watermark-07-10-2022-06-20-41p.m.-1568x1176.jpg 1568w, https:\/\/www.zunoticia.com\/noticias-de-hidalgo\/wp-content\/uploads\/2022\/10\/eZy-Watermark-07-10-2022-06-20-41p.m..jpg 1600w\" sizes=\"(max-width: 1024px) 100vw, 1024px\" \/><\/figure>\n\n\n\n<p>Record\u00f3 que la manifestaci\u00f3n que realizaron fue para exigir justicia en el caso de la supuesta negligencia m\u00e9dica de la que fue v\u00edctima una joven, que lamentablemente perdi\u00f3 la vida al igual que su beb\u00e9, y que los doctores no les dieron explicaciones a los familiares sobre las causas del deceso.<\/p>\n\n\n\n<p>Finaliz\u00f3 diciendo, &#8211; &#8220;Nosotros vamos a seguir levantando la voz de manera pac\u00edfica, porque creo que las cosas se pueden componer y que hay inter\u00e9s del gobernador del estado, Julio Menchaca, en mejorar los servicios de salud eso es todo lo que pedimos, que se nos atienda a los ind\u00edgenas con la misma calidad&#8221;.<\/p>\n","protected":false},"excerpt":{"rendered":"<p>Por \u00c1ngel Silverio\/Zunoticia San Felipe Orizatl\u00e1n, Hgo.- Luego de la manifestaci\u00f3n pac\u00edfica que realizaron el pasado jueves en el Hospital Regional de Huejutla, se\u00f1alando negligencia m\u00e9dica, autoridades y vecinos de la delegaci\u00f3n de Ahuatitla sostuvieron una reuni\u00f3n general para dar a conocer sobre dicha manifestaci\u00f3n, as\u00ed como tambi\u00e9n para organizarse para que se exija que&hellip; <a class=\"more-link\" href=\"https:\/\/www.zunoticia.com\/noticias-de-hidalgo\/2022\/10\/07\/piden-atencion-de-calidad-en-salud-para-comunidades-indigenas\/\">Seguir leyendo <span class=\"screen-reader-text\">Piden atenci\u00f3n de calidad en salud para comunidades Ind\u00edgenas<\/span><\/a><\/p>\n","protected":false},"author":12,"featured_media":448279,"comment_status":"closed","ping_status":"open","sticky":false,"template":"","format":"standard","meta":{"rop_custom_images_group":[],"rop_custom_messages_group":[],"rop_publish_now":"initial","rop_publish_now_accounts":{"facebook_10159540855086992_322828327761733":""},"rop_publish_now_history":[],"rop_publish_now_status":"pending","footnotes":""},"categories":[180],"tags":[129],"class_list":["post-448298","post","type-post","status-publish","format-standard","has-post-thumbnail","hentry","category-orizatlan","tag-orizatlan","entry"],"_links":{"self":[{"href":"https:\/\/www.zunoticia.com\/noticias-de-hidalgo\/wp-json\/wp\/v2\/posts\/448298","targetHints":{"allow":["GET"]}}],"collection":[{"href":"https:\/\/www.zunoticia.com\/noticias-de-hidalgo\/wp-json\/wp\/v2\/posts"}],"about":[{"href":"https:\/\/www.zunoticia.com\/noticias-de-hidalgo\/wp-json\/wp\/v2\/types\/post"}],"author":[{"embeddable":true,"href":"https:\/\/www.zunoticia.com\/noticias-de-hidalgo\/wp-json\/wp\/v2\/users\/12"}],"replies":[{"embeddable":true,"href":"https:\/\/www.zunoticia.com\/noticias-de-hidalgo\/wp-json\/wp\/v2\/comments?post=448298"}],"version-history":[{"count":1,"href":"https:\/\/www.zunoticia.com\/noticias-de-hidalgo\/wp-json\/wp\/v2\/posts\/448298\/revisions"}],"predecessor-version":[{"id":448299,"href":"https:\/\/www.zunoticia.com\/noticias-de-hidalgo\/wp-json\/wp\/v2\/posts\/448298\/revisions\/448299"}],"wp:featuredmedia":[{"embeddable":true,"href":"https:\/\/www.zunoticia.com\/noticias-de-hidalgo\/wp-json\/wp\/v2\/media\/448279"}],"wp:attachment":[{"href":"https:\/\/www.zunoticia.com\/noticias-de-hidalgo\/wp-json\/wp\/v2\/media?parent=448298"}],"wp:term":[{"taxonomy":"category","embeddable":true,"href":"https:\/\/www.zunoticia.com\/noticias-de-hidalgo\/wp-json\/wp\/v2\/categories?post=448298"},{"taxonomy":"post_tag","embeddable":true,"href":"https:\/\/www.zunoticia.com\/noticias-de-hidalgo\/wp-json\/wp\/v2\/tags?post=448298"}],"curies":[{"name":"wp","href":"https:\/\/api.w.org\/{rel}","templated":true}]}}