{"id":448308,"date":"2022-10-07T20:01:41","date_gmt":"2022-10-08T01:01:41","guid":{"rendered":"https:\/\/www.zunoticia.com\/noticias-de-hidalgo\/?p=448308"},"modified":"2022-10-07T20:01:43","modified_gmt":"2022-10-08T01:01:43","slug":"se-accidenta-motociclista-2","status":"publish","type":"post","link":"https:\/\/www.zunoticia.com\/noticias-de-hidalgo\/2022\/10\/07\/se-accidenta-motociclista-2\/","title":{"rendered":"Se accidenta motociclista"},"content":{"rendered":"<aside class=\"mashsb-container mashsb-main mashsb-stretched\"><div class=\"mashsb-box\"><div class=\"mashsb-count mash-large\" style=\"float:left\"><div class=\"counts mashsbcount\">41<\/div><span class=\"mashsb-sharetext\">SHARES<\/span><\/div><div class=\"mashsb-buttons\"><a class=\"mashicon-facebook mash-large mash-center mashsb-noshadow\" href=\"https:\/\/www.facebook.com\/sharer.php?u=https%3A%2F%2Fwww.zunoticia.com%2Fnoticias-de-hidalgo%2F2022%2F10%2F07%2Fse-accidenta-motociclista-2%2F\" target=\"_top\" rel=\"nofollow\"><span class=\"icon\"><\/span><span class=\"text\">Share<\/span><\/a><a class=\"mashicon-twitter mash-large mash-center mashsb-noshadow\" href=\"https:\/\/twitter.com\/intent\/tweet?text=&amp;url=https:\/\/www.zunoticia.com\/noticias-de-hidalgo\/2022\/10\/07\/se-accidenta-motociclista-2\/\" target=\"_top\" rel=\"nofollow\"><span class=\"icon\"><\/span><span class=\"text\">Tweet<\/span><\/a><div class=\"onoffswitch2 mash-large mashsb-noshadow\" style=\"display:none\"><\/div><\/div>\n            <\/div>\n                <div style=\"clear:both\"><\/div><div class=\"mashsb-toggle-container\"><\/div><\/aside>\n            <!-- Share buttons by mashshare.net - Version: 4.0.47-->\n<p><em>Por Redacci\u00f3n\/Zunoticia<\/em><\/p>\n\n\n\n<p><strong>Huejutla, Hgo.-<\/strong> Por falta de precauci\u00f3n y probable exceso de velocidad, un motociclista sufri\u00f3 un aparatoso accidente la tarde de este viernes, en el bulevar Adolfo L\u00f3pez Mateos de la colonia Aviaci\u00f3n Civil de esta ciudad.<\/p>\n\n\n\n<p>Testigos que presenciaron el percance comentaron que, la unidad motora presuntamente se desplazada a una velocidad inmoderada, motivo por el cual el conductor perdi\u00f3 el control del volante al llegar a la altura de la entrada al Estadio municipal &#8220;Carlos Fayad Orozco&#8221; y se impact\u00f3 contra un veh\u00edculo de la marca Nissan.<\/p>\n\n\n\n<p>El tripulante de la unidad motora de dos ruedas sufri\u00f3 golpes contusos tras la ca\u00edda, sin embargo, logr\u00f3 ponerse de pie y fue auxiliado.<\/p>\n\n\n\n<p>De los hechos tomaron conocimiento las autoridades polic\u00edacas para el deslinde de responsabilidades, no obstante, las autoridades exhortan a los conductores de veh\u00edculos automotores que circulen con precauci\u00f3n para evitar incidentes, ya que debido a las lluvias que se han presentado en las \u00faltimas horas, la cinta asf\u00e1ltica est\u00e1 resbalosa y se torna peligrosa.<\/p>\n","protected":false},"excerpt":{"rendered":"<p>Por Redacci\u00f3n\/Zunoticia Huejutla, Hgo.- Por falta de precauci\u00f3n y probable exceso de velocidad, un motociclista sufri\u00f3 un aparatoso accidente la tarde de este viernes, en el bulevar Adolfo L\u00f3pez Mateos de la colonia Aviaci\u00f3n Civil de esta ciudad. Testigos que presenciaron el percance comentaron que, la unidad motora presuntamente se desplazada a una velocidad inmoderada,&hellip; <a class=\"more-link\" href=\"https:\/\/www.zunoticia.com\/noticias-de-hidalgo\/2022\/10\/07\/se-accidenta-motociclista-2\/\">Seguir leyendo <span class=\"screen-reader-text\">Se accidenta motociclista<\/span><\/a><\/p>\n","protected":false},"author":12,"featured_media":448271,"comment_status":"closed","ping_status":"open","sticky":false,"template":"","format":"standard","meta":{"rop_custom_images_group":[],"rop_custom_messages_group":[],"rop_publish_now":"initial","rop_publish_now_accounts":{"facebook_10159540855086992_322828327761733":""},"rop_publish_now_history":[],"rop_publish_now_status":"pending","footnotes":""},"categories":[178],"tags":[259],"class_list":["post-448308","post","type-post","status-publish","format-standard","has-post-thumbnail","hentry","category-policiaca","tag-policiaca","entry"],"_links":{"self":[{"href":"https:\/\/www.zunoticia.com\/noticias-de-hidalgo\/wp-json\/wp\/v2\/posts\/448308","targetHints":{"allow":["GET"]}}],"collection":[{"href":"https:\/\/www.zunoticia.com\/noticias-de-hidalgo\/wp-json\/wp\/v2\/posts"}],"about":[{"href":"https:\/\/www.zunoticia.com\/noticias-de-hidalgo\/wp-json\/wp\/v2\/types\/post"}],"author":[{"embeddable":true,"href":"https:\/\/www.zunoticia.com\/noticias-de-hidalgo\/wp-json\/wp\/v2\/users\/12"}],"replies":[{"embeddable":true,"href":"https:\/\/www.zunoticia.com\/noticias-de-hidalgo\/wp-json\/wp\/v2\/comments?post=448308"}],"version-history":[{"count":1,"href":"https:\/\/www.zunoticia.com\/noticias-de-hidalgo\/wp-json\/wp\/v2\/posts\/448308\/revisions"}],"predecessor-version":[{"id":448309,"href":"https:\/\/www.zunoticia.com\/noticias-de-hidalgo\/wp-json\/wp\/v2\/posts\/448308\/revisions\/448309"}],"wp:featuredmedia":[{"embeddable":true,"href":"https:\/\/www.zunoticia.com\/noticias-de-hidalgo\/wp-json\/wp\/v2\/media\/448271"}],"wp:attachment":[{"href":"https:\/\/www.zunoticia.com\/noticias-de-hidalgo\/wp-json\/wp\/v2\/media?parent=448308"}],"wp:term":[{"taxonomy":"category","embeddable":true,"href":"https:\/\/www.zunoticia.com\/noticias-de-hidalgo\/wp-json\/wp\/v2\/categories?post=448308"},{"taxonomy":"post_tag","embeddable":true,"href":"https:\/\/www.zunoticia.com\/noticias-de-hidalgo\/wp-json\/wp\/v2\/tags?post=448308"}],"curies":[{"name":"wp","href":"https:\/\/api.w.org\/{rel}","templated":true}]}}