{"id":448447,"date":"2022-10-09T16:02:14","date_gmt":"2022-10-09T21:02:14","guid":{"rendered":"https:\/\/www.zunoticia.com\/noticias-de-hidalgo\/?p=448447"},"modified":"2022-10-09T16:02:16","modified_gmt":"2022-10-09T21:02:16","slug":"conmemoraran-los-145-anos-de-la-ereccion-de-huazalingo","status":"publish","type":"post","link":"https:\/\/www.zunoticia.com\/noticias-de-hidalgo\/2022\/10\/09\/conmemoraran-los-145-anos-de-la-ereccion-de-huazalingo\/","title":{"rendered":"Conmemorar\u00e1n los 145 a\u00f1os de la erecci\u00f3n de Huazalingo"},"content":{"rendered":"<aside class=\"mashsb-container mashsb-main mashsb-stretched\"><div class=\"mashsb-box\"><div class=\"mashsb-count mash-large\" style=\"float:left\"><div class=\"counts mashsbcount\">18<\/div><span class=\"mashsb-sharetext\">SHARES<\/span><\/div><div class=\"mashsb-buttons\"><a class=\"mashicon-facebook mash-large mash-center mashsb-noshadow\" href=\"https:\/\/www.facebook.com\/sharer.php?u=https%3A%2F%2Fwww.zunoticia.com%2Fnoticias-de-hidalgo%2F2022%2F10%2F09%2Fconmemoraran-los-145-anos-de-la-ereccion-de-huazalingo%2F\" target=\"_top\" rel=\"nofollow\"><span class=\"icon\"><\/span><span class=\"text\">Share<\/span><\/a><a class=\"mashicon-twitter mash-large mash-center mashsb-noshadow\" href=\"https:\/\/twitter.com\/intent\/tweet?text=&amp;url=https:\/\/www.zunoticia.com\/noticias-de-hidalgo\/2022\/10\/09\/conmemoraran-los-145-anos-de-la-ereccion-de-huazalingo\/\" target=\"_top\" rel=\"nofollow\"><span class=\"icon\"><\/span><span class=\"text\">Tweet<\/span><\/a><div class=\"onoffswitch2 mash-large mashsb-noshadow\" style=\"display:none\"><\/div><\/div>\n            <\/div>\n                <div style=\"clear:both\"><\/div><div class=\"mashsb-toggle-container\"><\/div><\/aside>\n            <!-- Share buttons by mashshare.net - Version: 4.0.47-->\n<p><em>Por Roberto Meza\/Zunoticia<\/em><\/p>\n\n\n\n<p><strong>Huazalingo, Hgo.-<\/strong> El presidente municipal Julio C\u00e9sar Gonz\u00e1lez Garc\u00eda dijo que, habr\u00e1n de conmemorar el 145 aniversario de la erecci\u00f3n del municipio de Huazalingo, por lo que con toda oportunidad prepararon actividades socioculturales, a trav\u00e9s de las diversas \u00e1reas, para conmemorar un a\u00f1o m\u00e1s de esta importante fecha.<\/p>\n\n\n\n<p>Ser\u00e1 este lunes, 10 de octubre, que se llevar\u00e1n a cabo los eventos para reconocer a los hombres y mujeres que cimentaron las bases para la fundaci\u00f3n de este gran municipio, por el que hoy los huazalingeses se sienten orgullosos de pertenecer a esta tierra, de su historia, de su lucha y de sus rasgos socioculturales actuales.<\/p>\n\n\n\n<p>Entre las actividades que se tienen programado son: a las 10:00 de la ma\u00f1ana desfile por las principales calles de la cabecera municipal, 11:30 a.m. programa c\u00edvico cultural, 1:30 p.m. tiro al huevo con resortera, 2:15 p.m. carrera de le\u00f1a, 3:15 p.m. palo encerado, 4:00 p.m. lucha libre y a las 10:00 p.m. baile popular.<\/p>\n\n\n\n<p>Por lo que invitan a los huazalingenses a ser part\u00edcipes en estas actividades que se desarrollar\u00e1n, &#8220;efectivamente el pr\u00f3ximo 10 de octubre habremos de conmemorar el 145 aniversario de la fundaci\u00f3n del municipio, lo cual nos llena de orgullo y emoci\u00f3n poder festejar un a\u00f1o m\u00e1s de tan importante fecha&#8221;, resalt\u00f3 el presidente municipal.<\/p>\n","protected":false},"excerpt":{"rendered":"<p>Por Roberto Meza\/Zunoticia Huazalingo, Hgo.- El presidente municipal Julio C\u00e9sar Gonz\u00e1lez Garc\u00eda dijo que, habr\u00e1n de conmemorar el 145 aniversario de la erecci\u00f3n del municipio de Huazalingo, por lo que con toda oportunidad prepararon actividades socioculturales, a trav\u00e9s de las diversas \u00e1reas, para conmemorar un a\u00f1o m\u00e1s de esta importante fecha. Ser\u00e1 este lunes, 10&hellip; <a class=\"more-link\" href=\"https:\/\/www.zunoticia.com\/noticias-de-hidalgo\/2022\/10\/09\/conmemoraran-los-145-anos-de-la-ereccion-de-huazalingo\/\">Seguir leyendo <span class=\"screen-reader-text\">Conmemorar\u00e1n los 145 a\u00f1os de la erecci\u00f3n de Huazalingo<\/span><\/a><\/p>\n","protected":false},"author":12,"featured_media":448441,"comment_status":"closed","ping_status":"open","sticky":false,"template":"","format":"standard","meta":{"rop_custom_images_group":[],"rop_custom_messages_group":[],"rop_publish_now":"initial","rop_publish_now_accounts":{"facebook_10159540855086992_322828327761733":""},"rop_publish_now_history":[],"rop_publish_now_status":"pending","footnotes":""},"categories":[179,212],"tags":[138],"class_list":["post-448447","post","type-post","status-publish","format-standard","has-post-thumbnail","hentry","category-huasteca","category-huazalingo","tag-huazalingo","entry"],"_links":{"self":[{"href":"https:\/\/www.zunoticia.com\/noticias-de-hidalgo\/wp-json\/wp\/v2\/posts\/448447","targetHints":{"allow":["GET"]}}],"collection":[{"href":"https:\/\/www.zunoticia.com\/noticias-de-hidalgo\/wp-json\/wp\/v2\/posts"}],"about":[{"href":"https:\/\/www.zunoticia.com\/noticias-de-hidalgo\/wp-json\/wp\/v2\/types\/post"}],"author":[{"embeddable":true,"href":"https:\/\/www.zunoticia.com\/noticias-de-hidalgo\/wp-json\/wp\/v2\/users\/12"}],"replies":[{"embeddable":true,"href":"https:\/\/www.zunoticia.com\/noticias-de-hidalgo\/wp-json\/wp\/v2\/comments?post=448447"}],"version-history":[{"count":1,"href":"https:\/\/www.zunoticia.com\/noticias-de-hidalgo\/wp-json\/wp\/v2\/posts\/448447\/revisions"}],"predecessor-version":[{"id":448448,"href":"https:\/\/www.zunoticia.com\/noticias-de-hidalgo\/wp-json\/wp\/v2\/posts\/448447\/revisions\/448448"}],"wp:featuredmedia":[{"embeddable":true,"href":"https:\/\/www.zunoticia.com\/noticias-de-hidalgo\/wp-json\/wp\/v2\/media\/448441"}],"wp:attachment":[{"href":"https:\/\/www.zunoticia.com\/noticias-de-hidalgo\/wp-json\/wp\/v2\/media?parent=448447"}],"wp:term":[{"taxonomy":"category","embeddable":true,"href":"https:\/\/www.zunoticia.com\/noticias-de-hidalgo\/wp-json\/wp\/v2\/categories?post=448447"},{"taxonomy":"post_tag","embeddable":true,"href":"https:\/\/www.zunoticia.com\/noticias-de-hidalgo\/wp-json\/wp\/v2\/tags?post=448447"}],"curies":[{"name":"wp","href":"https:\/\/api.w.org\/{rel}","templated":true}]}}