{"id":448477,"date":"2022-10-09T18:51:18","date_gmt":"2022-10-09T23:51:18","guid":{"rendered":"https:\/\/www.zunoticia.com\/noticias-de-hidalgo\/?p=448477"},"modified":"2022-10-09T18:51:20","modified_gmt":"2022-10-09T23:51:20","slug":"sedeso-realizo-promocion-de-productos-artesanales-con-pasarela-en-feria-de-san-francisco-2022","status":"publish","type":"post","link":"https:\/\/www.zunoticia.com\/noticias-de-hidalgo\/2022\/10\/09\/sedeso-realizo-promocion-de-productos-artesanales-con-pasarela-en-feria-de-san-francisco-2022\/","title":{"rendered":"SEDESO realiz\u00f3 promoci\u00f3n de productos artesanales con pasarela en Feria de San Francisco 2022"},"content":{"rendered":"<aside class=\"mashsb-container mashsb-main mashsb-stretched\"><div class=\"mashsb-box\"><div class=\"mashsb-count mash-large\" style=\"float:left\"><div class=\"counts mashsbcount\">5<\/div><span class=\"mashsb-sharetext\">SHARES<\/span><\/div><div class=\"mashsb-buttons\"><a class=\"mashicon-facebook mash-large mash-center mashsb-noshadow\" href=\"https:\/\/www.facebook.com\/sharer.php?u=https%3A%2F%2Fwww.zunoticia.com%2Fnoticias-de-hidalgo%2F2022%2F10%2F09%2Fsedeso-realizo-promocion-de-productos-artesanales-con-pasarela-en-feria-de-san-francisco-2022%2F\" target=\"_top\" rel=\"nofollow\"><span class=\"icon\"><\/span><span class=\"text\">Share<\/span><\/a><a class=\"mashicon-twitter mash-large mash-center mashsb-noshadow\" href=\"https:\/\/twitter.com\/intent\/tweet?text=&amp;url=https:\/\/www.zunoticia.com\/noticias-de-hidalgo\/2022\/10\/09\/sedeso-realizo-promocion-de-productos-artesanales-con-pasarela-en-feria-de-san-francisco-2022\/\" target=\"_top\" rel=\"nofollow\"><span class=\"icon\"><\/span><span class=\"text\">Tweet<\/span><\/a><div class=\"onoffswitch2 mash-large mashsb-noshadow\" style=\"display:none\"><\/div><\/div>\n            <\/div>\n                <div style=\"clear:both\"><\/div><div class=\"mashsb-toggle-container\"><\/div><\/aside>\n            <!-- Share buttons by mashshare.net - Version: 4.0.47-->\n<p><em>Por Redacci\u00f3n\/Zunoticia<\/em><\/p>\n\n\n\n<p><strong>Pachuca, Hgo.-<\/strong> Con la presencia de cientos de observadores se realiz\u00f3 la Pasarela Artesanal organizada por la Secretar\u00eda de Desarrollo Social (SEDESO) en la explanada principal de la Feria de San Francisco 2022 \u201cLate con orgullo\u201d, esto con el objetivo de impulsar los productos y la labor de las y los artesanos de todas las regiones del estado de Hidalgo que participan en el Pabell\u00f3n Artesanal.<\/p>\n\n\n\n<p>La secretaria de Desarrollo Social, Simey Olvera Bautista, coment\u00f3 que este tipo de eventos sirven para proyectar la gran labor que miles de personas en el estado realizan con sus artesan\u00edas, y que est\u00e1n bien representadas por las 140 personas que han sido beneficiadas con un espacio gratuito en el Pabell\u00f3n Artesanal \u201cque dicho sea de paso es el coraz\u00f3n que late con orgullo en la feria\u201d, agreg\u00f3.<\/p>\n\n\n\n<figure class=\"wp-block-image size-large\"><img fetchpriority=\"high\" decoding=\"async\" width=\"1024\" height=\"682\" src=\"https:\/\/www.zunoticia.com\/noticias-de-hidalgo\/wp-content\/uploads\/2022\/10\/eZy-Watermark-09-10-2022-06-37-27p.m.-1024x682.jpg\" alt=\"\" class=\"wp-image-448480\" srcset=\"https:\/\/www.zunoticia.com\/noticias-de-hidalgo\/wp-content\/uploads\/2022\/10\/eZy-Watermark-09-10-2022-06-37-27p.m.-1024x682.jpg 1024w, https:\/\/www.zunoticia.com\/noticias-de-hidalgo\/wp-content\/uploads\/2022\/10\/eZy-Watermark-09-10-2022-06-37-27p.m.-300x200.jpg 300w, https:\/\/www.zunoticia.com\/noticias-de-hidalgo\/wp-content\/uploads\/2022\/10\/eZy-Watermark-09-10-2022-06-37-27p.m.-768x512.jpg 768w, https:\/\/www.zunoticia.com\/noticias-de-hidalgo\/wp-content\/uploads\/2022\/10\/eZy-Watermark-09-10-2022-06-37-27p.m..jpg 1280w\" sizes=\"(max-width: 1024px) 100vw, 1024px\" \/><\/figure>\n\n\n\n<p>Asimismo, se\u00f1al\u00f3 que la visi\u00f3n del gobernador Julio Menchaca Salazar es la de promover el trabajo de la comunidad artesanal, impulso que se realizar\u00e1 de manera m\u00e1s cercana, con un plan de trabajo que detone el crecimiento econ\u00f3mico de las familias que se dedican a esta importante labor de rescate de las artesan\u00edas y promoci\u00f3n de la cultura hidalguense.<\/p>\n\n\n\n<p>En esta pasarela participaron 50 personas que modelaron los productos artesanales, tales como: vestidos, blusas, chales, quexqu\u00e9metl, jorongos, fajeros, bolsas, sombreros, collares, juguetes, entre otros, todo esto pintado por la identidad y colores de Hidalgo.<\/p>\n\n\n\n<figure class=\"wp-block-image size-large\"><img decoding=\"async\" width=\"1024\" height=\"682\" src=\"https:\/\/www.zunoticia.com\/noticias-de-hidalgo\/wp-content\/uploads\/2022\/10\/eZy-Watermark-09-10-2022-06-37-10p.m.-1024x682.jpg\" alt=\"\" class=\"wp-image-448481\" srcset=\"https:\/\/www.zunoticia.com\/noticias-de-hidalgo\/wp-content\/uploads\/2022\/10\/eZy-Watermark-09-10-2022-06-37-10p.m.-1024x682.jpg 1024w, https:\/\/www.zunoticia.com\/noticias-de-hidalgo\/wp-content\/uploads\/2022\/10\/eZy-Watermark-09-10-2022-06-37-10p.m.-300x200.jpg 300w, https:\/\/www.zunoticia.com\/noticias-de-hidalgo\/wp-content\/uploads\/2022\/10\/eZy-Watermark-09-10-2022-06-37-10p.m.-768x512.jpg 768w, https:\/\/www.zunoticia.com\/noticias-de-hidalgo\/wp-content\/uploads\/2022\/10\/eZy-Watermark-09-10-2022-06-37-10p.m..jpg 1280w\" sizes=\"(max-width: 1024px) 100vw, 1024px\" \/><\/figure>\n\n\n\n<p>Lo exhibido mostr\u00f3 que el trabajo artesanal es valioso, innovador y luce bien para ocasiones especiales, as\u00ed lo coment\u00f3 la subsecretaria de Participaci\u00f3n Social y Fomento Artesanal, Claudia M\u00e1rquez Camacho, agregando que las piezas que se modelaron las pueden encontrar en el pabell\u00f3n, ya que de manera muy amable las personas artesanas prestaron sus productos para la realizaci\u00f3n de la pasarela.<\/p>\n\n\n\n<p>Los y las modelos participantes son originarias de los municipios de Pachuca, Tulancingo, Ixmiquilpan, Mineral de la Reforma, Zempoala, Tepeapulco y Zapotl\u00e1n y fueron previamente seleccionados en un casting realizado el mes de septiembre por la Direcci\u00f3n General de Fomento Artesanal.<\/p>\n\n\n\n<p>A este evento tambi\u00e9n acudieron: en representaci\u00f3n de la presidenta del patronato del sistema DIFH, Edda Vite Ramos, Irene Argentina P\u00e9rez Guati-Rojo; en representaci\u00f3n de la Secretar\u00eda de Turismo, Iliana Gorraez Ram\u00edrez; y el director general de Fomento Artesanal, Cesar Aurelio Monroy Vega.<\/p>\n","protected":false},"excerpt":{"rendered":"<p>Por Redacci\u00f3n\/Zunoticia Pachuca, Hgo.- Con la presencia de cientos de observadores se realiz\u00f3 la Pasarela Artesanal organizada por la Secretar\u00eda de Desarrollo Social (SEDESO) en la explanada principal de la Feria de San Francisco 2022 \u201cLate con orgullo\u201d, esto con el objetivo de impulsar los productos y la labor de las y los artesanos de&hellip; <a class=\"more-link\" href=\"https:\/\/www.zunoticia.com\/noticias-de-hidalgo\/2022\/10\/09\/sedeso-realizo-promocion-de-productos-artesanales-con-pasarela-en-feria-de-san-francisco-2022\/\">Seguir leyendo <span class=\"screen-reader-text\">SEDESO realiz\u00f3 promoci\u00f3n de productos artesanales con pasarela en Feria de San Francisco 2022<\/span><\/a><\/p>\n","protected":false},"author":12,"featured_media":448482,"comment_status":"closed","ping_status":"open","sticky":false,"template":"","format":"standard","meta":{"rop_custom_images_group":[],"rop_custom_messages_group":[],"rop_publish_now":"initial","rop_publish_now_accounts":{"facebook_10159540855086992_322828327761733":""},"rop_publish_now_history":[],"rop_publish_now_status":"pending","footnotes":""},"categories":[208],"tags":[214],"class_list":["post-448477","post","type-post","status-publish","format-standard","has-post-thumbnail","hentry","category-estado","tag-estado","entry"],"_links":{"self":[{"href":"https:\/\/www.zunoticia.com\/noticias-de-hidalgo\/wp-json\/wp\/v2\/posts\/448477","targetHints":{"allow":["GET"]}}],"collection":[{"href":"https:\/\/www.zunoticia.com\/noticias-de-hidalgo\/wp-json\/wp\/v2\/posts"}],"about":[{"href":"https:\/\/www.zunoticia.com\/noticias-de-hidalgo\/wp-json\/wp\/v2\/types\/post"}],"author":[{"embeddable":true,"href":"https:\/\/www.zunoticia.com\/noticias-de-hidalgo\/wp-json\/wp\/v2\/users\/12"}],"replies":[{"embeddable":true,"href":"https:\/\/www.zunoticia.com\/noticias-de-hidalgo\/wp-json\/wp\/v2\/comments?post=448477"}],"version-history":[{"count":1,"href":"https:\/\/www.zunoticia.com\/noticias-de-hidalgo\/wp-json\/wp\/v2\/posts\/448477\/revisions"}],"predecessor-version":[{"id":448483,"href":"https:\/\/www.zunoticia.com\/noticias-de-hidalgo\/wp-json\/wp\/v2\/posts\/448477\/revisions\/448483"}],"wp:featuredmedia":[{"embeddable":true,"href":"https:\/\/www.zunoticia.com\/noticias-de-hidalgo\/wp-json\/wp\/v2\/media\/448482"}],"wp:attachment":[{"href":"https:\/\/www.zunoticia.com\/noticias-de-hidalgo\/wp-json\/wp\/v2\/media?parent=448477"}],"wp:term":[{"taxonomy":"category","embeddable":true,"href":"https:\/\/www.zunoticia.com\/noticias-de-hidalgo\/wp-json\/wp\/v2\/categories?post=448477"},{"taxonomy":"post_tag","embeddable":true,"href":"https:\/\/www.zunoticia.com\/noticias-de-hidalgo\/wp-json\/wp\/v2\/tags?post=448477"}],"curies":[{"name":"wp","href":"https:\/\/api.w.org\/{rel}","templated":true}]}}