{"id":448484,"date":"2022-10-09T19:05:05","date_gmt":"2022-10-10T00:05:05","guid":{"rendered":"https:\/\/www.zunoticia.com\/noticias-de-hidalgo\/?p=448484"},"modified":"2022-10-09T19:05:07","modified_gmt":"2022-10-10T00:05:07","slug":"se-capacita-sipinna-en-derechos-de-los-ninos-y-adolescentes","status":"publish","type":"post","link":"https:\/\/www.zunoticia.com\/noticias-de-hidalgo\/2022\/10\/09\/se-capacita-sipinna-en-derechos-de-los-ninos-y-adolescentes\/","title":{"rendered":"Se capacita SIPINNA en derechos de los ni\u00f1os y adolescentes"},"content":{"rendered":"<aside class=\"mashsb-container mashsb-main mashsb-stretched\"><div class=\"mashsb-box\"><div class=\"mashsb-count mash-large\" style=\"float:left\"><div class=\"counts mashsbcount\">14<\/div><span class=\"mashsb-sharetext\">SHARES<\/span><\/div><div class=\"mashsb-buttons\"><a class=\"mashicon-facebook mash-large mash-center mashsb-noshadow\" href=\"https:\/\/www.facebook.com\/sharer.php?u=https%3A%2F%2Fwww.zunoticia.com%2Fnoticias-de-hidalgo%2F2022%2F10%2F09%2Fse-capacita-sipinna-en-derechos-de-los-ninos-y-adolescentes%2F\" target=\"_top\" rel=\"nofollow\"><span class=\"icon\"><\/span><span class=\"text\">Share<\/span><\/a><a class=\"mashicon-twitter mash-large mash-center mashsb-noshadow\" href=\"https:\/\/twitter.com\/intent\/tweet?text=&amp;url=https:\/\/www.zunoticia.com\/noticias-de-hidalgo\/2022\/10\/09\/se-capacita-sipinna-en-derechos-de-los-ninos-y-adolescentes\/\" target=\"_top\" rel=\"nofollow\"><span class=\"icon\"><\/span><span class=\"text\">Tweet<\/span><\/a><div class=\"onoffswitch2 mash-large mashsb-noshadow\" style=\"display:none\"><\/div><\/div>\n            <\/div>\n                <div style=\"clear:both\"><\/div><div class=\"mashsb-toggle-container\"><\/div><\/aside>\n            <!-- Share buttons by mashshare.net - Version: 4.0.47-->\n<p><em>Por \u00c1ngel Silverio\/Zunoticia<\/em><\/p>\n\n\n\n<p><strong>San Felipe Orizatl\u00e1n, Hgo.-<\/strong> Con \u00e9xito concluy\u00f3 el segundo d\u00eda de actividades del 1er Congreso Municipal por los Derechos de ni\u00f1as, ni\u00f1os y adolescentes Pachuca 2022, donde se abordaron problem\u00e1ticas reales y fuertes a las que se enfrentan infantes y adolescentes, evento donde estuvo presente este municipio.<\/p>\n\n\n\n<p>De acuerdo con lo informado por la titular de la Secretar\u00eda Ejecutiva Municipal de SIPINNA, Esmeralda Flores Mej\u00eda, precis\u00f3 que, para la alcaldesa Erika Saab Lara es fundamental impulsar y motivar la capacitaci\u00f3n a funcionarios, es por lo que asisti\u00f3 el d\u00eda 6 y 7 de octubre a dicho congreso por los derechos de ni\u00f1as, ni\u00f1os y adolescentes, donde se cont\u00f3 con la presencia de importantes organizaciones.<\/p>\n\n\n\n<figure class=\"wp-block-image size-large\"><img fetchpriority=\"high\" decoding=\"async\" width=\"1024\" height=\"907\" src=\"https:\/\/www.zunoticia.com\/noticias-de-hidalgo\/wp-content\/uploads\/2022\/10\/eZy-Watermark-09-10-2022-04-46-11p.m.-1024x907.jpg\" alt=\"\" class=\"wp-image-448462\" srcset=\"https:\/\/www.zunoticia.com\/noticias-de-hidalgo\/wp-content\/uploads\/2022\/10\/eZy-Watermark-09-10-2022-04-46-11p.m.-1024x907.jpg 1024w, https:\/\/www.zunoticia.com\/noticias-de-hidalgo\/wp-content\/uploads\/2022\/10\/eZy-Watermark-09-10-2022-04-46-11p.m.-300x266.jpg 300w, https:\/\/www.zunoticia.com\/noticias-de-hidalgo\/wp-content\/uploads\/2022\/10\/eZy-Watermark-09-10-2022-04-46-11p.m.-768x681.jpg 768w, https:\/\/www.zunoticia.com\/noticias-de-hidalgo\/wp-content\/uploads\/2022\/10\/eZy-Watermark-09-10-2022-04-46-11p.m..jpg 1080w\" sizes=\"(max-width: 1024px) 100vw, 1024px\" \/><\/figure>\n\n\n\n<p>\u201cEstuvieron presentes organizaciones muy comprometidas con el bienestar de los ni\u00f1os y adolescentes, tales como son Save the Children M\u00e9xico, World Vision M\u00e9xico, Plan International M\u00e9xico, Reinserta, Tejiendo Redes Infancia, Fundaci\u00f3n AHH Deporte, entre otros ponentes, quienes expusieron diferentes problem\u00e1ticas en las que se encuentra la ni\u00f1ez y la adolescencia\u201d indic\u00f3.<\/p>\n\n\n\n<p>Finalmente, la responsable de SIPINNA, agradeci\u00f3 la cordial invitaci\u00f3n de la anfitriona del congreso Sipinna Municipal Pachuca, Karla Perales Arrieta, esperando continuar trabajando de la mano en pro de la infancia y adolescencia.<\/p>\n","protected":false},"excerpt":{"rendered":"<p>Por \u00c1ngel Silverio\/Zunoticia San Felipe Orizatl\u00e1n, Hgo.- Con \u00e9xito concluy\u00f3 el segundo d\u00eda de actividades del 1er Congreso Municipal por los Derechos de ni\u00f1as, ni\u00f1os y adolescentes Pachuca 2022, donde se abordaron problem\u00e1ticas reales y fuertes a las que se enfrentan infantes y adolescentes, evento donde estuvo presente este municipio. De acuerdo con lo informado&hellip; <a class=\"more-link\" href=\"https:\/\/www.zunoticia.com\/noticias-de-hidalgo\/2022\/10\/09\/se-capacita-sipinna-en-derechos-de-los-ninos-y-adolescentes\/\">Seguir leyendo <span class=\"screen-reader-text\">Se capacita SIPINNA en derechos de los ni\u00f1os y adolescentes<\/span><\/a><\/p>\n","protected":false},"author":12,"featured_media":448461,"comment_status":"closed","ping_status":"open","sticky":false,"template":"","format":"standard","meta":{"rop_custom_images_group":[],"rop_custom_messages_group":[],"rop_publish_now":"initial","rop_publish_now_accounts":{"facebook_10159540855086992_322828327761733":""},"rop_publish_now_history":[],"rop_publish_now_status":"pending","footnotes":""},"categories":[180],"tags":[129],"class_list":["post-448484","post","type-post","status-publish","format-standard","has-post-thumbnail","hentry","category-orizatlan","tag-orizatlan","entry"],"_links":{"self":[{"href":"https:\/\/www.zunoticia.com\/noticias-de-hidalgo\/wp-json\/wp\/v2\/posts\/448484","targetHints":{"allow":["GET"]}}],"collection":[{"href":"https:\/\/www.zunoticia.com\/noticias-de-hidalgo\/wp-json\/wp\/v2\/posts"}],"about":[{"href":"https:\/\/www.zunoticia.com\/noticias-de-hidalgo\/wp-json\/wp\/v2\/types\/post"}],"author":[{"embeddable":true,"href":"https:\/\/www.zunoticia.com\/noticias-de-hidalgo\/wp-json\/wp\/v2\/users\/12"}],"replies":[{"embeddable":true,"href":"https:\/\/www.zunoticia.com\/noticias-de-hidalgo\/wp-json\/wp\/v2\/comments?post=448484"}],"version-history":[{"count":1,"href":"https:\/\/www.zunoticia.com\/noticias-de-hidalgo\/wp-json\/wp\/v2\/posts\/448484\/revisions"}],"predecessor-version":[{"id":448485,"href":"https:\/\/www.zunoticia.com\/noticias-de-hidalgo\/wp-json\/wp\/v2\/posts\/448484\/revisions\/448485"}],"wp:featuredmedia":[{"embeddable":true,"href":"https:\/\/www.zunoticia.com\/noticias-de-hidalgo\/wp-json\/wp\/v2\/media\/448461"}],"wp:attachment":[{"href":"https:\/\/www.zunoticia.com\/noticias-de-hidalgo\/wp-json\/wp\/v2\/media?parent=448484"}],"wp:term":[{"taxonomy":"category","embeddable":true,"href":"https:\/\/www.zunoticia.com\/noticias-de-hidalgo\/wp-json\/wp\/v2\/categories?post=448484"},{"taxonomy":"post_tag","embeddable":true,"href":"https:\/\/www.zunoticia.com\/noticias-de-hidalgo\/wp-json\/wp\/v2\/tags?post=448484"}],"curies":[{"name":"wp","href":"https:\/\/api.w.org\/{rel}","templated":true}]}}