{"id":448536,"date":"2022-10-09T23:49:53","date_gmt":"2022-10-10T04:49:53","guid":{"rendered":"https:\/\/www.zunoticia.com\/noticias-de-hidalgo\/?p=448536"},"modified":"2022-10-09T23:49:54","modified_gmt":"2022-10-10T04:49:54","slug":"este-lunes-regresa-jornada-de-vacunacion-contra-covid","status":"publish","type":"post","link":"https:\/\/www.zunoticia.com\/noticias-de-hidalgo\/2022\/10\/09\/este-lunes-regresa-jornada-de-vacunacion-contra-covid\/","title":{"rendered":"Este lunes regresa jornada de vacunaci\u00f3n contra covid"},"content":{"rendered":"<aside class=\"mashsb-container mashsb-main mashsb-stretched\"><div class=\"mashsb-box\"><div class=\"mashsb-count mash-large\" style=\"float:left\"><div class=\"counts mashsbcount\">24<\/div><span class=\"mashsb-sharetext\">SHARES<\/span><\/div><div class=\"mashsb-buttons\"><a class=\"mashicon-facebook mash-large mash-center mashsb-noshadow\" href=\"https:\/\/www.facebook.com\/sharer.php?u=https%3A%2F%2Fwww.zunoticia.com%2Fnoticias-de-hidalgo%2F2022%2F10%2F09%2Feste-lunes-regresa-jornada-de-vacunacion-contra-covid%2F\" target=\"_top\" rel=\"nofollow\"><span class=\"icon\"><\/span><span class=\"text\">Share<\/span><\/a><a class=\"mashicon-twitter mash-large mash-center mashsb-noshadow\" href=\"https:\/\/twitter.com\/intent\/tweet?text=&amp;url=https:\/\/www.zunoticia.com\/noticias-de-hidalgo\/2022\/10\/09\/este-lunes-regresa-jornada-de-vacunacion-contra-covid\/\" target=\"_top\" rel=\"nofollow\"><span class=\"icon\"><\/span><span class=\"text\">Tweet<\/span><\/a><div class=\"onoffswitch2 mash-large mashsb-noshadow\" style=\"display:none\"><\/div><\/div>\n            <\/div>\n                <div style=\"clear:both\"><\/div><div class=\"mashsb-toggle-container\"><\/div><\/aside>\n            <!-- Share buttons by mashshare.net - Version: 4.0.47-->\n<p><em>Por \u00c1ngel Silverio\/Zunoticia<\/em><\/p>\n\n\n\n<p><strong>Jaltoc\u00e1n, Hgo.-<\/strong>&nbsp; Autoridades de salud y municipales hicieron un llamado a los padres de familia y a j\u00f3venes mayores de 18 a\u00f1os, ya que este lunes inicia nuevamente la jornada de vacunaci\u00f3n anti-covid; por lo anterior, se exhorta a no dejar pasar las fechas siguientes, toda vez que es necesario completar el esquema de vacunaci\u00f3n contra dicha enfermedad.<\/p>\n\n\n\n<p>As\u00ed fue dado a conocer por las autoridades de salud que indicaron que la jornada de vacunaci\u00f3n iniciar\u00e1 a las 9 de la ma\u00f1ana en las instalaciones de la galera municipal, donde se aplicar\u00e1 la primera y segunda dosis a personas de 18 a\u00f1os en adelante.<\/p>\n\n\n\n<p>Es importante acudir con la credencial de elector, formato de vacuna y un lapicero color azul, del mismo modo el d\u00eda 12 de octubre se estar\u00e1 aplicando la primera dosis a ni\u00f1os de 5 a 11 a\u00f1os de edad.<\/p>\n\n\n\n<p>Funcionarios municipales indicaron que se tiene ya un gran avance en cuanto a la vacunaci\u00f3n de la mayor\u00eda de las personas y es importante que acudan quienes faltan, pues se sabe que hay personas que no han completado el esquema.<\/p>\n\n\n\n<p>Para el acompa\u00f1amiento de menores de edad, los padres de familia o tutores deber\u00e1n acudir con su credencial de elector, folio y expediente de vacunaci\u00f3n con QR llenado con los datos, lo que permitir\u00e1 avanzar en el proceso de vacunaci\u00f3n siguiendo las medidas de prevenci\u00f3n, como el uso de cubrebocas y de gel antibacterial.<\/p>\n","protected":false},"excerpt":{"rendered":"<p>Por \u00c1ngel Silverio\/Zunoticia Jaltoc\u00e1n, Hgo.-&nbsp; Autoridades de salud y municipales hicieron un llamado a los padres de familia y a j\u00f3venes mayores de 18 a\u00f1os, ya que este lunes inicia nuevamente la jornada de vacunaci\u00f3n anti-covid; por lo anterior, se exhorta a no dejar pasar las fechas siguientes, toda vez que es necesario completar el&hellip; <a class=\"more-link\" href=\"https:\/\/www.zunoticia.com\/noticias-de-hidalgo\/2022\/10\/09\/este-lunes-regresa-jornada-de-vacunacion-contra-covid\/\">Seguir leyendo <span class=\"screen-reader-text\">Este lunes regresa jornada de vacunaci\u00f3n contra covid<\/span><\/a><\/p>\n","protected":false},"author":13,"featured_media":448531,"comment_status":"closed","ping_status":"open","sticky":false,"template":"","format":"standard","meta":{"rop_custom_images_group":[],"rop_custom_messages_group":[],"rop_publish_now":"initial","rop_publish_now_accounts":{"facebook_10159540855086992_322828327761733":""},"rop_publish_now_history":[],"rop_publish_now_status":"pending","footnotes":""},"categories":[179,200],"tags":[131],"class_list":["post-448536","post","type-post","status-publish","format-standard","has-post-thumbnail","hentry","category-huasteca","category-jaltocan","tag-jaltocan","entry"],"_links":{"self":[{"href":"https:\/\/www.zunoticia.com\/noticias-de-hidalgo\/wp-json\/wp\/v2\/posts\/448536","targetHints":{"allow":["GET"]}}],"collection":[{"href":"https:\/\/www.zunoticia.com\/noticias-de-hidalgo\/wp-json\/wp\/v2\/posts"}],"about":[{"href":"https:\/\/www.zunoticia.com\/noticias-de-hidalgo\/wp-json\/wp\/v2\/types\/post"}],"author":[{"embeddable":true,"href":"https:\/\/www.zunoticia.com\/noticias-de-hidalgo\/wp-json\/wp\/v2\/users\/13"}],"replies":[{"embeddable":true,"href":"https:\/\/www.zunoticia.com\/noticias-de-hidalgo\/wp-json\/wp\/v2\/comments?post=448536"}],"version-history":[{"count":1,"href":"https:\/\/www.zunoticia.com\/noticias-de-hidalgo\/wp-json\/wp\/v2\/posts\/448536\/revisions"}],"predecessor-version":[{"id":448537,"href":"https:\/\/www.zunoticia.com\/noticias-de-hidalgo\/wp-json\/wp\/v2\/posts\/448536\/revisions\/448537"}],"wp:featuredmedia":[{"embeddable":true,"href":"https:\/\/www.zunoticia.com\/noticias-de-hidalgo\/wp-json\/wp\/v2\/media\/448531"}],"wp:attachment":[{"href":"https:\/\/www.zunoticia.com\/noticias-de-hidalgo\/wp-json\/wp\/v2\/media?parent=448536"}],"wp:term":[{"taxonomy":"category","embeddable":true,"href":"https:\/\/www.zunoticia.com\/noticias-de-hidalgo\/wp-json\/wp\/v2\/categories?post=448536"},{"taxonomy":"post_tag","embeddable":true,"href":"https:\/\/www.zunoticia.com\/noticias-de-hidalgo\/wp-json\/wp\/v2\/tags?post=448536"}],"curies":[{"name":"wp","href":"https:\/\/api.w.org\/{rel}","templated":true}]}}