{"id":449273,"date":"2022-10-13T19:32:58","date_gmt":"2022-10-14T00:32:58","guid":{"rendered":"https:\/\/www.zunoticia.com\/noticias-de-hidalgo\/?p=449273"},"modified":"2022-10-13T19:33:00","modified_gmt":"2022-10-14T00:33:00","slug":"invitan-a-campana-de-vacunacion-antirrabica-canina-y-felina","status":"publish","type":"post","link":"https:\/\/www.zunoticia.com\/noticias-de-hidalgo\/2022\/10\/13\/invitan-a-campana-de-vacunacion-antirrabica-canina-y-felina\/","title":{"rendered":"Invitan a campa\u00f1a de vacunaci\u00f3n antirr\u00e1bica canina y felina"},"content":{"rendered":"<aside class=\"mashsb-container mashsb-main mashsb-stretched\"><div class=\"mashsb-box\"><div class=\"mashsb-count mash-large\" style=\"float:left\"><div class=\"counts mashsbcount\">34<\/div><span class=\"mashsb-sharetext\">SHARES<\/span><\/div><div class=\"mashsb-buttons\"><a class=\"mashicon-facebook mash-large mash-center mashsb-noshadow\" href=\"https:\/\/www.facebook.com\/sharer.php?u=https%3A%2F%2Fwww.zunoticia.com%2Fnoticias-de-hidalgo%2F2022%2F10%2F13%2Finvitan-a-campana-de-vacunacion-antirrabica-canina-y-felina%2F\" target=\"_top\" rel=\"nofollow\"><span class=\"icon\"><\/span><span class=\"text\">Share<\/span><\/a><a class=\"mashicon-twitter mash-large mash-center mashsb-noshadow\" href=\"https:\/\/twitter.com\/intent\/tweet?text=&amp;url=https:\/\/www.zunoticia.com\/noticias-de-hidalgo\/2022\/10\/13\/invitan-a-campana-de-vacunacion-antirrabica-canina-y-felina\/\" target=\"_top\" rel=\"nofollow\"><span class=\"icon\"><\/span><span class=\"text\">Tweet<\/span><\/a><div class=\"onoffswitch2 mash-large mashsb-noshadow\" style=\"display:none\"><\/div><\/div>\n            <\/div>\n                <div style=\"clear:both\"><\/div><div class=\"mashsb-toggle-container\"><\/div><\/aside>\n            <!-- Share buttons by mashshare.net - Version: 4.0.47-->\n<p><em>Por \u00c1ngel Silverio\/Zunoticia<\/em><\/p>\n\n\n\n<p><strong>Jaltoc\u00e1n, Hgo.-<\/strong>&nbsp; Ante la petici\u00f3n de los ciudadanos que han estado solicitando que se trabaje en el tema de salud, este fin de semana se estar\u00e1 llevando a cabo una jornada de vacunaci\u00f3n antirr\u00e1bica, por lo que llaman a los propietarios de mascotas a ser responsables y llevarlos vacunar.<\/p>\n\n\n\n<p>De acuerdo con la informaci\u00f3n proporcionada por el \u00e1rea de Ecolog\u00eda, dicha jornada de vacunaci\u00f3n antirr\u00e1bica canina y felina se realizar\u00e1 el d\u00eda 15 de octubre, por lo que es muy importante que los propietarios acudan con su mascota al barrio Tlalnepantla, en un horario de 8:00 de la ma\u00f1ana a 12:30 del mediod\u00eda en la Galera P\u00fablica y \u00daltimo Puente.<\/p>\n\n\n\n<p>As\u00ed tambi\u00e9n de las 12:30 en adelante se estar\u00e1 aplicando en la localidad de Chalahuitzintla en la Galera P\u00fablica, del mismo modo en el barrio Chiconcoac y Aguacatitla, as\u00ed como en el barrio Palmar, Pahuatitla y el barrio Mirador en la delegaci\u00f3n, recordando que es muy importante que acudan en el horario antes mencionado.<\/p>\n\n\n\n<p>Cabe se\u00f1alar que es de suma importancia a que acudan a esta campa\u00f1a por el bien de sus mascotas y de los mismos ciudadanos, pero sobre todo demostrar que son unos due\u00f1os responsables.<\/p>\n","protected":false},"excerpt":{"rendered":"<p>Por \u00c1ngel Silverio\/Zunoticia Jaltoc\u00e1n, Hgo.-&nbsp; Ante la petici\u00f3n de los ciudadanos que han estado solicitando que se trabaje en el tema de salud, este fin de semana se estar\u00e1 llevando a cabo una jornada de vacunaci\u00f3n antirr\u00e1bica, por lo que llaman a los propietarios de mascotas a ser responsables y llevarlos vacunar. De acuerdo con&hellip; <a class=\"more-link\" href=\"https:\/\/www.zunoticia.com\/noticias-de-hidalgo\/2022\/10\/13\/invitan-a-campana-de-vacunacion-antirrabica-canina-y-felina\/\">Seguir leyendo <span class=\"screen-reader-text\">Invitan a campa\u00f1a de vacunaci\u00f3n antirr\u00e1bica canina y felina<\/span><\/a><\/p>\n","protected":false},"author":12,"featured_media":449265,"comment_status":"closed","ping_status":"open","sticky":false,"template":"","format":"standard","meta":{"rop_custom_images_group":[],"rop_custom_messages_group":[],"rop_publish_now":"initial","rop_publish_now_accounts":{"facebook_10159540855086992_322828327761733":""},"rop_publish_now_history":[],"rop_publish_now_status":"pending","footnotes":""},"categories":[179,200],"tags":[131],"class_list":["post-449273","post","type-post","status-publish","format-standard","has-post-thumbnail","hentry","category-huasteca","category-jaltocan","tag-jaltocan","entry"],"_links":{"self":[{"href":"https:\/\/www.zunoticia.com\/noticias-de-hidalgo\/wp-json\/wp\/v2\/posts\/449273","targetHints":{"allow":["GET"]}}],"collection":[{"href":"https:\/\/www.zunoticia.com\/noticias-de-hidalgo\/wp-json\/wp\/v2\/posts"}],"about":[{"href":"https:\/\/www.zunoticia.com\/noticias-de-hidalgo\/wp-json\/wp\/v2\/types\/post"}],"author":[{"embeddable":true,"href":"https:\/\/www.zunoticia.com\/noticias-de-hidalgo\/wp-json\/wp\/v2\/users\/12"}],"replies":[{"embeddable":true,"href":"https:\/\/www.zunoticia.com\/noticias-de-hidalgo\/wp-json\/wp\/v2\/comments?post=449273"}],"version-history":[{"count":1,"href":"https:\/\/www.zunoticia.com\/noticias-de-hidalgo\/wp-json\/wp\/v2\/posts\/449273\/revisions"}],"predecessor-version":[{"id":449276,"href":"https:\/\/www.zunoticia.com\/noticias-de-hidalgo\/wp-json\/wp\/v2\/posts\/449273\/revisions\/449276"}],"wp:featuredmedia":[{"embeddable":true,"href":"https:\/\/www.zunoticia.com\/noticias-de-hidalgo\/wp-json\/wp\/v2\/media\/449265"}],"wp:attachment":[{"href":"https:\/\/www.zunoticia.com\/noticias-de-hidalgo\/wp-json\/wp\/v2\/media?parent=449273"}],"wp:term":[{"taxonomy":"category","embeddable":true,"href":"https:\/\/www.zunoticia.com\/noticias-de-hidalgo\/wp-json\/wp\/v2\/categories?post=449273"},{"taxonomy":"post_tag","embeddable":true,"href":"https:\/\/www.zunoticia.com\/noticias-de-hidalgo\/wp-json\/wp\/v2\/tags?post=449273"}],"curies":[{"name":"wp","href":"https:\/\/api.w.org\/{rel}","templated":true}]}}