{"id":449323,"date":"2022-10-13T20:47:03","date_gmt":"2022-10-14T01:47:03","guid":{"rendered":"https:\/\/www.zunoticia.com\/noticias-de-hidalgo\/?p=449323"},"modified":"2022-10-13T20:47:05","modified_gmt":"2022-10-14T01:47:05","slug":"recorren-delegaciones-para-llevar-campana-del-uso-de-casco","status":"publish","type":"post","link":"https:\/\/www.zunoticia.com\/noticias-de-hidalgo\/2022\/10\/13\/recorren-delegaciones-para-llevar-campana-del-uso-de-casco\/","title":{"rendered":"Recorren delegaciones para llevar campa\u00f1a del uso de casco"},"content":{"rendered":"<aside class=\"mashsb-container mashsb-main mashsb-stretched\"><div class=\"mashsb-box\"><div class=\"mashsb-count mash-large\" style=\"float:left\"><div class=\"counts mashsbcount\">26<\/div><span class=\"mashsb-sharetext\">SHARES<\/span><\/div><div class=\"mashsb-buttons\"><a class=\"mashicon-facebook mash-large mash-center mashsb-noshadow\" href=\"https:\/\/www.facebook.com\/sharer.php?u=https%3A%2F%2Fwww.zunoticia.com%2Fnoticias-de-hidalgo%2F2022%2F10%2F13%2Frecorren-delegaciones-para-llevar-campana-del-uso-de-casco%2F\" target=\"_top\" rel=\"nofollow\"><span class=\"icon\"><\/span><span class=\"text\">Share<\/span><\/a><a class=\"mashicon-twitter mash-large mash-center mashsb-noshadow\" href=\"https:\/\/twitter.com\/intent\/tweet?text=&amp;url=https:\/\/www.zunoticia.com\/noticias-de-hidalgo\/2022\/10\/13\/recorren-delegaciones-para-llevar-campana-del-uso-de-casco\/\" target=\"_top\" rel=\"nofollow\"><span class=\"icon\"><\/span><span class=\"text\">Tweet<\/span><\/a><div class=\"onoffswitch2 mash-large mashsb-noshadow\" style=\"display:none\"><\/div><\/div>\n            <\/div>\n                <div style=\"clear:both\"><\/div><div class=\"mashsb-toggle-container\"><\/div><\/aside>\n            <!-- Share buttons by mashshare.net - Version: 4.0.47-->\n<p><em>Por \u00c1ngel Silverio\/Zunoticia<\/em><\/p>\n\n\n\n<p><strong>San Felipe Orizatl\u00e1n, Hgo.-<\/strong> Un recorrido por las diferentes delegaciones realiz\u00f3 un grupo de motociclistas de esta demarcaci\u00f3n, acompa\u00f1ados de la Polic\u00eda Municipal, como parte de la campa\u00f1a para el uso de casco, que con ella se busca que el mensaje llegue a todas las comunidades.<\/p>\n\n\n\n<p>Desde las primeras horas de la tarde, el club de motociclistas sali\u00f3 en caravana acompa\u00f1ado de los elementos polic\u00edacos, para recorrer las calles de la delegaci\u00f3n de Huitzitzilingo, donde instalaron un punto de inspecci\u00f3n y de concientizaci\u00f3n a todo aquel usuario de moto, notific\u00e1ndoles que a partir del 11 de noviembre es obligatorio el uso del casco.<\/p>\n\n\n\n<figure class=\"wp-block-image size-large\"><img fetchpriority=\"high\" decoding=\"async\" width=\"1024\" height=\"461\" src=\"https:\/\/www.zunoticia.com\/noticias-de-hidalgo\/wp-content\/uploads\/2022\/10\/eZy-Watermark-13-10-2022-08-31-33p.m.-1024x461.jpg\" alt=\"\" class=\"wp-image-449336\" srcset=\"https:\/\/www.zunoticia.com\/noticias-de-hidalgo\/wp-content\/uploads\/2022\/10\/eZy-Watermark-13-10-2022-08-31-33p.m.-1024x461.jpg 1024w, https:\/\/www.zunoticia.com\/noticias-de-hidalgo\/wp-content\/uploads\/2022\/10\/eZy-Watermark-13-10-2022-08-31-33p.m.-300x135.jpg 300w, https:\/\/www.zunoticia.com\/noticias-de-hidalgo\/wp-content\/uploads\/2022\/10\/eZy-Watermark-13-10-2022-08-31-33p.m.-768x346.jpg 768w, https:\/\/www.zunoticia.com\/noticias-de-hidalgo\/wp-content\/uploads\/2022\/10\/eZy-Watermark-13-10-2022-08-31-33p.m..jpg 1080w\" sizes=\"(max-width: 1024px) 100vw, 1024px\" \/><\/figure>\n\n\n\n<p>Posteriormente, en la delegaci\u00f3n de Ahuatitla se reunieron en la delegaci\u00f3n todos los usuarios de este transporte, donde se les inform\u00f3 sobre las medidas de prevenci\u00f3n, as\u00ed como tambi\u00e9n se les notific\u00f3 que es necesario que cuenten con toda la documentaci\u00f3n de su veh\u00edculo en regla.<\/p>\n\n\n\n<p>Joel Hern\u00e1ndez, director de Seguridad P\u00fablica, manifest\u00f3 que a pesar de la campa\u00f1a masiva en redes sociales y los diferentes medios de comunicaci\u00f3n, se estar\u00e1 visitando todas las localidades para que no exista pretexto de los usuarios de motos, puntualizando que, a partir del 11 de noviembre, quien no porte casco ser\u00e1 acreedor a una sanci\u00f3n administrativa.<\/p>\n","protected":false},"excerpt":{"rendered":"<p>Por \u00c1ngel Silverio\/Zunoticia San Felipe Orizatl\u00e1n, Hgo.- Un recorrido por las diferentes delegaciones realiz\u00f3 un grupo de motociclistas de esta demarcaci\u00f3n, acompa\u00f1ados de la Polic\u00eda Municipal, como parte de la campa\u00f1a para el uso de casco, que con ella se busca que el mensaje llegue a todas las comunidades. Desde las primeras horas de la&hellip; <a class=\"more-link\" href=\"https:\/\/www.zunoticia.com\/noticias-de-hidalgo\/2022\/10\/13\/recorren-delegaciones-para-llevar-campana-del-uso-de-casco\/\">Seguir leyendo <span class=\"screen-reader-text\">Recorren delegaciones para llevar campa\u00f1a del uso de casco<\/span><\/a><\/p>\n","protected":false},"author":12,"featured_media":449335,"comment_status":"closed","ping_status":"open","sticky":false,"template":"","format":"standard","meta":{"rop_custom_images_group":[],"rop_custom_messages_group":[],"rop_publish_now":"initial","rop_publish_now_accounts":{"facebook_10159540855086992_322828327761733":""},"rop_publish_now_history":[],"rop_publish_now_status":"pending","footnotes":""},"categories":[180],"tags":[129],"class_list":["post-449323","post","type-post","status-publish","format-standard","has-post-thumbnail","hentry","category-orizatlan","tag-orizatlan","entry"],"_links":{"self":[{"href":"https:\/\/www.zunoticia.com\/noticias-de-hidalgo\/wp-json\/wp\/v2\/posts\/449323","targetHints":{"allow":["GET"]}}],"collection":[{"href":"https:\/\/www.zunoticia.com\/noticias-de-hidalgo\/wp-json\/wp\/v2\/posts"}],"about":[{"href":"https:\/\/www.zunoticia.com\/noticias-de-hidalgo\/wp-json\/wp\/v2\/types\/post"}],"author":[{"embeddable":true,"href":"https:\/\/www.zunoticia.com\/noticias-de-hidalgo\/wp-json\/wp\/v2\/users\/12"}],"replies":[{"embeddable":true,"href":"https:\/\/www.zunoticia.com\/noticias-de-hidalgo\/wp-json\/wp\/v2\/comments?post=449323"}],"version-history":[{"count":1,"href":"https:\/\/www.zunoticia.com\/noticias-de-hidalgo\/wp-json\/wp\/v2\/posts\/449323\/revisions"}],"predecessor-version":[{"id":449338,"href":"https:\/\/www.zunoticia.com\/noticias-de-hidalgo\/wp-json\/wp\/v2\/posts\/449323\/revisions\/449338"}],"wp:featuredmedia":[{"embeddable":true,"href":"https:\/\/www.zunoticia.com\/noticias-de-hidalgo\/wp-json\/wp\/v2\/media\/449335"}],"wp:attachment":[{"href":"https:\/\/www.zunoticia.com\/noticias-de-hidalgo\/wp-json\/wp\/v2\/media?parent=449323"}],"wp:term":[{"taxonomy":"category","embeddable":true,"href":"https:\/\/www.zunoticia.com\/noticias-de-hidalgo\/wp-json\/wp\/v2\/categories?post=449323"},{"taxonomy":"post_tag","embeddable":true,"href":"https:\/\/www.zunoticia.com\/noticias-de-hidalgo\/wp-json\/wp\/v2\/tags?post=449323"}],"curies":[{"name":"wp","href":"https:\/\/api.w.org\/{rel}","templated":true}]}}