{"id":449461,"date":"2022-10-14T17:50:12","date_gmt":"2022-10-14T22:50:12","guid":{"rendered":"https:\/\/www.zunoticia.com\/noticias-de-hidalgo\/?p=449461"},"modified":"2022-10-14T17:50:15","modified_gmt":"2022-10-14T22:50:15","slug":"comerciantes-alistan-ofrenda-para-recordar-a-sus-companeros-fallecidos","status":"publish","type":"post","link":"https:\/\/www.zunoticia.com\/noticias-de-hidalgo\/2022\/10\/14\/comerciantes-alistan-ofrenda-para-recordar-a-sus-companeros-fallecidos\/","title":{"rendered":"Comerciantes alistan ofrenda para recordar a sus compa\u00f1eros fallecidos"},"content":{"rendered":"<aside class=\"mashsb-container mashsb-main mashsb-stretched\"><div class=\"mashsb-box\"><div class=\"mashsb-count mash-large\" style=\"float:left\"><div class=\"counts mashsbcount\">18<\/div><span class=\"mashsb-sharetext\">SHARES<\/span><\/div><div class=\"mashsb-buttons\"><a class=\"mashicon-facebook mash-large mash-center mashsb-noshadow\" href=\"https:\/\/www.facebook.com\/sharer.php?u=https%3A%2F%2Fwww.zunoticia.com%2Fnoticias-de-hidalgo%2F2022%2F10%2F14%2Fcomerciantes-alistan-ofrenda-para-recordar-a-sus-companeros-fallecidos%2F\" target=\"_top\" rel=\"nofollow\"><span class=\"icon\"><\/span><span class=\"text\">Share<\/span><\/a><a class=\"mashicon-twitter mash-large mash-center mashsb-noshadow\" href=\"https:\/\/twitter.com\/intent\/tweet?text=&amp;url=https:\/\/www.zunoticia.com\/noticias-de-hidalgo\/2022\/10\/14\/comerciantes-alistan-ofrenda-para-recordar-a-sus-companeros-fallecidos\/\" target=\"_top\" rel=\"nofollow\"><span class=\"icon\"><\/span><span class=\"text\">Tweet<\/span><\/a><div class=\"onoffswitch2 mash-large mashsb-noshadow\" style=\"display:none\"><\/div><\/div>\n            <\/div>\n                <div style=\"clear:both\"><\/div><div class=\"mashsb-toggle-container\"><\/div><\/aside>\n            <!-- Share buttons by mashshare.net - Version: 4.0.47-->\n<p><em>Por \u00c1ngel Silverio\/Zunoticia<\/em><\/p>\n\n\n\n<p><strong>Jaltoc\u00e1n, Hgo. &#8211;<\/strong> Comerciantes de este municipio dieron a conocer que se encuentran organizando una ofrenda xantolera, esto como muestra de respeto por las tradiciones, pero tambi\u00e9n para recordar a sus compa\u00f1eros que partieron siendo v\u00edctimas de la pandemia del Covid-19.<\/p>\n\n\n\n<p>Lucio Romero Hern\u00e1ndez, representante de los comerciantes, dijo que se organizan con sus dem\u00e1s compa\u00f1eros a fin de que todos sean part\u00edcipes en la ofrenda el pr\u00f3ximo 31 octubre, por lo que se invita a todos los ciudadanos a ser parte de esta tradici\u00f3n, que caracteriza al municipio, pues el Xantolo es la tradici\u00f3n m\u00e1s arraigada.<\/p>\n\n\n\n<p>\u201cEs una ofrenda para recordar a todos nuestros compa\u00f1eros que lamentablemente perdieron la batalla contra el Covid-19, queremos invitar a nuestro pueblo a que nos acompa\u00f1en, y por otra parte seguir preservando nuestras tradiciones; debemos mantener vivas estas fiestas, inculcarles a las nuevas generaciones, porque esto es algo que nos da identidad como huastecos&#8221; dijo.<\/p>\n\n\n\n<p>Agreg\u00f3 que se encuentran detallando el horario, por lo que una vez que se tenga, se dar\u00e1 a conocer para que los ciudadanos que gusten asistir a esta ofrenda, lo hagan y sean parte de esta tradici\u00f3n, compartan juntos el pan y la sal en estas fiestas.<\/p>\n","protected":false},"excerpt":{"rendered":"<p>Por \u00c1ngel Silverio\/Zunoticia Jaltoc\u00e1n, Hgo. &#8211; Comerciantes de este municipio dieron a conocer que se encuentran organizando una ofrenda xantolera, esto como muestra de respeto por las tradiciones, pero tambi\u00e9n para recordar a sus compa\u00f1eros que partieron siendo v\u00edctimas de la pandemia del Covid-19. Lucio Romero Hern\u00e1ndez, representante de los comerciantes, dijo que se organizan&hellip; <a class=\"more-link\" href=\"https:\/\/www.zunoticia.com\/noticias-de-hidalgo\/2022\/10\/14\/comerciantes-alistan-ofrenda-para-recordar-a-sus-companeros-fallecidos\/\">Seguir leyendo <span class=\"screen-reader-text\">Comerciantes alistan ofrenda para recordar a sus compa\u00f1eros fallecidos<\/span><\/a><\/p>\n","protected":false},"author":12,"featured_media":449462,"comment_status":"closed","ping_status":"open","sticky":false,"template":"","format":"standard","meta":{"rop_custom_images_group":[],"rop_custom_messages_group":[],"rop_publish_now":"initial","rop_publish_now_accounts":{"facebook_10159540855086992_322828327761733":""},"rop_publish_now_history":[],"rop_publish_now_status":"pending","footnotes":""},"categories":[179,200],"tags":[131],"class_list":["post-449461","post","type-post","status-publish","format-standard","has-post-thumbnail","hentry","category-huasteca","category-jaltocan","tag-jaltocan","entry"],"_links":{"self":[{"href":"https:\/\/www.zunoticia.com\/noticias-de-hidalgo\/wp-json\/wp\/v2\/posts\/449461","targetHints":{"allow":["GET"]}}],"collection":[{"href":"https:\/\/www.zunoticia.com\/noticias-de-hidalgo\/wp-json\/wp\/v2\/posts"}],"about":[{"href":"https:\/\/www.zunoticia.com\/noticias-de-hidalgo\/wp-json\/wp\/v2\/types\/post"}],"author":[{"embeddable":true,"href":"https:\/\/www.zunoticia.com\/noticias-de-hidalgo\/wp-json\/wp\/v2\/users\/12"}],"replies":[{"embeddable":true,"href":"https:\/\/www.zunoticia.com\/noticias-de-hidalgo\/wp-json\/wp\/v2\/comments?post=449461"}],"version-history":[{"count":1,"href":"https:\/\/www.zunoticia.com\/noticias-de-hidalgo\/wp-json\/wp\/v2\/posts\/449461\/revisions"}],"predecessor-version":[{"id":449463,"href":"https:\/\/www.zunoticia.com\/noticias-de-hidalgo\/wp-json\/wp\/v2\/posts\/449461\/revisions\/449463"}],"wp:featuredmedia":[{"embeddable":true,"href":"https:\/\/www.zunoticia.com\/noticias-de-hidalgo\/wp-json\/wp\/v2\/media\/449462"}],"wp:attachment":[{"href":"https:\/\/www.zunoticia.com\/noticias-de-hidalgo\/wp-json\/wp\/v2\/media?parent=449461"}],"wp:term":[{"taxonomy":"category","embeddable":true,"href":"https:\/\/www.zunoticia.com\/noticias-de-hidalgo\/wp-json\/wp\/v2\/categories?post=449461"},{"taxonomy":"post_tag","embeddable":true,"href":"https:\/\/www.zunoticia.com\/noticias-de-hidalgo\/wp-json\/wp\/v2\/tags?post=449461"}],"curies":[{"name":"wp","href":"https:\/\/api.w.org\/{rel}","templated":true}]}}