{"id":449499,"date":"2022-10-14T20:20:12","date_gmt":"2022-10-15T01:20:12","guid":{"rendered":"https:\/\/www.zunoticia.com\/noticias-de-hidalgo\/?p=449499"},"modified":"2022-10-14T20:20:14","modified_gmt":"2022-10-15T01:20:14","slug":"se-realizara-todo-lo-necesario-para-cuidado-de-alumnos-del-cecyteh-en-apego-a-ley-estatal-de-vias","status":"publish","type":"post","link":"https:\/\/www.zunoticia.com\/noticias-de-hidalgo\/2022\/10\/14\/se-realizara-todo-lo-necesario-para-cuidado-de-alumnos-del-cecyteh-en-apego-a-ley-estatal-de-vias\/","title":{"rendered":"Se realizar\u00e1 todo lo necesario para cuidado de Alumnos del CECYTEH en apego a Ley Estatal de V\u00edas"},"content":{"rendered":"<aside class=\"mashsb-container mashsb-main mashsb-stretched\"><div class=\"mashsb-box\"><div class=\"mashsb-count mash-large\" style=\"float:left\"><div class=\"counts mashsbcount\">26<\/div><span class=\"mashsb-sharetext\">SHARES<\/span><\/div><div class=\"mashsb-buttons\"><a class=\"mashicon-facebook mash-large mash-center mashsb-noshadow\" href=\"https:\/\/www.facebook.com\/sharer.php?u=https%3A%2F%2Fwww.zunoticia.com%2Fnoticias-de-hidalgo%2F2022%2F10%2F14%2Fse-realizara-todo-lo-necesario-para-cuidado-de-alumnos-del-cecyteh-en-apego-a-ley-estatal-de-vias%2F\" target=\"_top\" rel=\"nofollow\"><span class=\"icon\"><\/span><span class=\"text\">Share<\/span><\/a><a class=\"mashicon-twitter mash-large mash-center mashsb-noshadow\" href=\"https:\/\/twitter.com\/intent\/tweet?text=&amp;url=https:\/\/www.zunoticia.com\/noticias-de-hidalgo\/2022\/10\/14\/se-realizara-todo-lo-necesario-para-cuidado-de-alumnos-del-cecyteh-en-apego-a-ley-estatal-de-vias\/\" target=\"_top\" rel=\"nofollow\"><span class=\"icon\"><\/span><span class=\"text\">Tweet<\/span><\/a><div class=\"onoffswitch2 mash-large mashsb-noshadow\" style=\"display:none\"><\/div><\/div>\n            <\/div>\n                <div style=\"clear:both\"><\/div><div class=\"mashsb-toggle-container\"><\/div><\/aside>\n            <!-- Share buttons by mashshare.net - Version: 4.0.47-->\n<p><em>Por \u00c1ngel Silverio\/Zunoticia<\/em><\/p>\n\n\n\n<p><strong>San Felipe Orizatl\u00e1n, Hgo.-<\/strong> La alcaldesa Erika Saab Lara dio a conocer que, las acciones que se estar\u00e1n realizando para la salvaguardar la integridad de los alumnos del CECYTEH son en apego a la Ley Estatal de V\u00edas de Comunicaci\u00f3n, por lo que se estar\u00e1n realizando las obras necesarias para cuidar de todos los peatones y conductores.<\/p>\n\n\n\n<p>Lo anterior luego de que algunos ciudadanos se\u00f1alaran que era necesario un andador, la alcaldesa puntualiz\u00f3 que dicha obra ya est\u00e1 contemplada con anterioridad, y explic\u00f3, -&#8221; Si He le\u00eddo los comentarios que han hecho, y sin duda es un tema complicado porque todos podemos tener una opci\u00f3n diferente para atender un solo tema, personalmente no coincido mucho con la instalaci\u00f3n de topes, sin embargo cuando se trata de la seguridad de las personas, resulta estrictamente necesario, porque las pol\u00edticas internacionales establecen que primero el peat\u00f3n &#8220;.<\/p>\n\n\n\n<p>Por ello, dijo que con base a la valoraci\u00f3n respecto a la obra que se realizar\u00e1 all\u00ed, es en estricta coordinaci\u00f3n con la Direcci\u00f3n General de Conservaci\u00f3n de Carreteras de la Secretar\u00eda de Obras P\u00fablicas, en estricto cumplimiento, a lo que, para casos como este, ordena la Ley Estatal de V\u00edas, por lo que se est\u00e1 en espera del dictamen.<\/p>\n\n\n\n<p>Respecto al tema de la construcci\u00f3n de un andador, a\u00f1adi\u00f3 que es una obra que ha comprometido y que, por supuesto se va a realizar con recursos del ejercicio 2022, -&#8220;Solo que, por ser un tema de escuelas, el \u00e1rea T\u00e9cnica es mucho m\u00e1s estricta en la revisi\u00f3n, nosotros esperamos iniciar a la brevedad con el andador, sin embargo, por el tema de cruce es necesario tener se\u00f1al\u00e9tica y reductores de velocidad que nos ayuden a prevenir un accidente&#8221;.<\/p>\n","protected":false},"excerpt":{"rendered":"<p>Por \u00c1ngel Silverio\/Zunoticia San Felipe Orizatl\u00e1n, Hgo.- La alcaldesa Erika Saab Lara dio a conocer que, las acciones que se estar\u00e1n realizando para la salvaguardar la integridad de los alumnos del CECYTEH son en apego a la Ley Estatal de V\u00edas de Comunicaci\u00f3n, por lo que se estar\u00e1n realizando las obras necesarias para cuidar de&hellip; <a class=\"more-link\" href=\"https:\/\/www.zunoticia.com\/noticias-de-hidalgo\/2022\/10\/14\/se-realizara-todo-lo-necesario-para-cuidado-de-alumnos-del-cecyteh-en-apego-a-ley-estatal-de-vias\/\">Seguir leyendo <span class=\"screen-reader-text\">Se realizar\u00e1 todo lo necesario para cuidado de Alumnos del CECYTEH en apego a Ley Estatal de V\u00edas<\/span><\/a><\/p>\n","protected":false},"author":12,"featured_media":449471,"comment_status":"closed","ping_status":"open","sticky":false,"template":"","format":"standard","meta":{"rop_custom_images_group":[],"rop_custom_messages_group":[],"rop_publish_now":"initial","rop_publish_now_accounts":{"facebook_10159540855086992_322828327761733":""},"rop_publish_now_history":[],"rop_publish_now_status":"pending","footnotes":""},"categories":[180],"tags":[129],"class_list":["post-449499","post","type-post","status-publish","format-standard","has-post-thumbnail","hentry","category-orizatlan","tag-orizatlan","entry"],"_links":{"self":[{"href":"https:\/\/www.zunoticia.com\/noticias-de-hidalgo\/wp-json\/wp\/v2\/posts\/449499","targetHints":{"allow":["GET"]}}],"collection":[{"href":"https:\/\/www.zunoticia.com\/noticias-de-hidalgo\/wp-json\/wp\/v2\/posts"}],"about":[{"href":"https:\/\/www.zunoticia.com\/noticias-de-hidalgo\/wp-json\/wp\/v2\/types\/post"}],"author":[{"embeddable":true,"href":"https:\/\/www.zunoticia.com\/noticias-de-hidalgo\/wp-json\/wp\/v2\/users\/12"}],"replies":[{"embeddable":true,"href":"https:\/\/www.zunoticia.com\/noticias-de-hidalgo\/wp-json\/wp\/v2\/comments?post=449499"}],"version-history":[{"count":1,"href":"https:\/\/www.zunoticia.com\/noticias-de-hidalgo\/wp-json\/wp\/v2\/posts\/449499\/revisions"}],"predecessor-version":[{"id":449500,"href":"https:\/\/www.zunoticia.com\/noticias-de-hidalgo\/wp-json\/wp\/v2\/posts\/449499\/revisions\/449500"}],"wp:featuredmedia":[{"embeddable":true,"href":"https:\/\/www.zunoticia.com\/noticias-de-hidalgo\/wp-json\/wp\/v2\/media\/449471"}],"wp:attachment":[{"href":"https:\/\/www.zunoticia.com\/noticias-de-hidalgo\/wp-json\/wp\/v2\/media?parent=449499"}],"wp:term":[{"taxonomy":"category","embeddable":true,"href":"https:\/\/www.zunoticia.com\/noticias-de-hidalgo\/wp-json\/wp\/v2\/categories?post=449499"},{"taxonomy":"post_tag","embeddable":true,"href":"https:\/\/www.zunoticia.com\/noticias-de-hidalgo\/wp-json\/wp\/v2\/tags?post=449499"}],"curies":[{"name":"wp","href":"https:\/\/api.w.org\/{rel}","templated":true}]}}