{"id":449634,"date":"2022-10-15T18:57:45","date_gmt":"2022-10-15T23:57:45","guid":{"rendered":"https:\/\/www.zunoticia.com\/noticias-de-hidalgo\/?p=449634"},"modified":"2022-10-15T20:47:09","modified_gmt":"2022-10-16T01:47:09","slug":"adulto-mayor-herido-al-tumbarlo-su-caballo","status":"publish","type":"post","link":"https:\/\/www.zunoticia.com\/noticias-de-hidalgo\/2022\/10\/15\/adulto-mayor-herido-al-tumbarlo-su-caballo\/","title":{"rendered":"Adulto mayor herido tras ser embestido por su caballo"},"content":{"rendered":"<aside class=\"mashsb-container mashsb-main mashsb-stretched\"><div class=\"mashsb-box\"><div class=\"mashsb-count mash-large\" style=\"float:left\"><div class=\"counts mashsbcount\">10<\/div><span class=\"mashsb-sharetext\">SHARES<\/span><\/div><div class=\"mashsb-buttons\"><a class=\"mashicon-facebook mash-large mash-center mashsb-noshadow\" href=\"https:\/\/www.facebook.com\/sharer.php?u=https%3A%2F%2Fwww.zunoticia.com%2Fnoticias-de-hidalgo%2F2022%2F10%2F15%2Fadulto-mayor-herido-al-tumbarlo-su-caballo%2F\" target=\"_top\" rel=\"nofollow\"><span class=\"icon\"><\/span><span class=\"text\">Share<\/span><\/a><a class=\"mashicon-twitter mash-large mash-center mashsb-noshadow\" href=\"https:\/\/twitter.com\/intent\/tweet?text=&amp;url=https:\/\/www.zunoticia.com\/noticias-de-hidalgo\/2022\/10\/15\/adulto-mayor-herido-al-tumbarlo-su-caballo\/\" target=\"_top\" rel=\"nofollow\"><span class=\"icon\"><\/span><span class=\"text\">Tweet<\/span><\/a><div class=\"onoffswitch2 mash-large mashsb-noshadow\" style=\"display:none\"><\/div><\/div>\n            <\/div>\n                <div style=\"clear:both\"><\/div><div class=\"mashsb-toggle-container\"><\/div><\/aside>\n            <!-- Share buttons by mashshare.net - Version: 4.0.47-->\n<p><em>Por Redacci\u00f3n\/Zunoticia<\/em><\/p>\n\n\n\n<p><strong>Huazalingo, Hgo. &#8211;<\/strong> Un adulto mayor sufri\u00f3 varias lesiones despu\u00e9s de que lo tumbara su caballo, por lo anterior fue trasladado al Hospital Regional para su atenci\u00f3n m\u00e9dica urgente, ya que, por la avanzada edad de esta persona, estaba en riesgo su integridad.<\/p>\n\n\n\n<p>Se trata del Adalberto N.N., de 63 a\u00f1os de edad, quien andaba en su potrero, pero accidentalmente su caballo lo tumb\u00f3, ya que corri\u00f3 hacia donde estaba parada esta persona, y por esta situaci\u00f3n le ocasion\u00f3 heridas en diferentes puntos de su cuerpo.<\/p>\n\n\n\n<p>Fueron sus familiares quienes trasladaron a esta persona al hospital para que le brindaran las atenciones por las lesiones que hab\u00eda sufrido; el afectado dijo que tuvo un descuido de su parte, por eso lo tumb\u00f3 su animal.<\/p>\n","protected":false},"excerpt":{"rendered":"<p>Por Redacci\u00f3n\/Zunoticia Huazalingo, Hgo. &#8211; Un adulto mayor sufri\u00f3 varias lesiones despu\u00e9s de que lo tumbara su caballo, por lo anterior fue trasladado al Hospital Regional para su atenci\u00f3n m\u00e9dica urgente, ya que, por la avanzada edad de esta persona, estaba en riesgo su integridad. Se trata del Adalberto N.N., de 63 a\u00f1os de edad,&hellip; <a class=\"more-link\" href=\"https:\/\/www.zunoticia.com\/noticias-de-hidalgo\/2022\/10\/15\/adulto-mayor-herido-al-tumbarlo-su-caballo\/\">Seguir leyendo <span class=\"screen-reader-text\">Adulto mayor herido tras ser embestido por su caballo<\/span><\/a><\/p>\n","protected":false},"author":12,"featured_media":449635,"comment_status":"closed","ping_status":"open","sticky":false,"template":"","format":"standard","meta":{"rop_custom_images_group":[],"rop_custom_messages_group":[],"rop_publish_now":"initial","rop_publish_now_accounts":{"facebook_10159540855086992_322828327761733":""},"rop_publish_now_history":[],"rop_publish_now_status":"pending","footnotes":""},"categories":[179,212],"tags":[138],"class_list":["post-449634","post","type-post","status-publish","format-standard","has-post-thumbnail","hentry","category-huasteca","category-huazalingo","tag-huazalingo","entry"],"_links":{"self":[{"href":"https:\/\/www.zunoticia.com\/noticias-de-hidalgo\/wp-json\/wp\/v2\/posts\/449634","targetHints":{"allow":["GET"]}}],"collection":[{"href":"https:\/\/www.zunoticia.com\/noticias-de-hidalgo\/wp-json\/wp\/v2\/posts"}],"about":[{"href":"https:\/\/www.zunoticia.com\/noticias-de-hidalgo\/wp-json\/wp\/v2\/types\/post"}],"author":[{"embeddable":true,"href":"https:\/\/www.zunoticia.com\/noticias-de-hidalgo\/wp-json\/wp\/v2\/users\/12"}],"replies":[{"embeddable":true,"href":"https:\/\/www.zunoticia.com\/noticias-de-hidalgo\/wp-json\/wp\/v2\/comments?post=449634"}],"version-history":[{"count":2,"href":"https:\/\/www.zunoticia.com\/noticias-de-hidalgo\/wp-json\/wp\/v2\/posts\/449634\/revisions"}],"predecessor-version":[{"id":449674,"href":"https:\/\/www.zunoticia.com\/noticias-de-hidalgo\/wp-json\/wp\/v2\/posts\/449634\/revisions\/449674"}],"wp:featuredmedia":[{"embeddable":true,"href":"https:\/\/www.zunoticia.com\/noticias-de-hidalgo\/wp-json\/wp\/v2\/media\/449635"}],"wp:attachment":[{"href":"https:\/\/www.zunoticia.com\/noticias-de-hidalgo\/wp-json\/wp\/v2\/media?parent=449634"}],"wp:term":[{"taxonomy":"category","embeddable":true,"href":"https:\/\/www.zunoticia.com\/noticias-de-hidalgo\/wp-json\/wp\/v2\/categories?post=449634"},{"taxonomy":"post_tag","embeddable":true,"href":"https:\/\/www.zunoticia.com\/noticias-de-hidalgo\/wp-json\/wp\/v2\/tags?post=449634"}],"curies":[{"name":"wp","href":"https:\/\/api.w.org\/{rel}","templated":true}]}}