{"id":449904,"date":"2022-10-17T17:35:31","date_gmt":"2022-10-17T22:35:31","guid":{"rendered":"https:\/\/www.zunoticia.com\/noticias-de-hidalgo\/?p=449904"},"modified":"2022-10-17T17:35:33","modified_gmt":"2022-10-17T22:35:33","slug":"dif-implementa-talleres-de-riesgos-psicosociales-en-escuelas","status":"publish","type":"post","link":"https:\/\/www.zunoticia.com\/noticias-de-hidalgo\/2022\/10\/17\/dif-implementa-talleres-de-riesgos-psicosociales-en-escuelas\/","title":{"rendered":"DIF implementa talleres de riesgos psicosociales en escuelas"},"content":{"rendered":"<aside class=\"mashsb-container mashsb-main mashsb-stretched\"><div class=\"mashsb-box\"><div class=\"mashsb-count mash-large\" style=\"float:left\"><div class=\"counts mashsbcount\">15<\/div><span class=\"mashsb-sharetext\">SHARES<\/span><\/div><div class=\"mashsb-buttons\"><a class=\"mashicon-facebook mash-large mash-center mashsb-noshadow\" href=\"https:\/\/www.facebook.com\/sharer.php?u=https%3A%2F%2Fwww.zunoticia.com%2Fnoticias-de-hidalgo%2F2022%2F10%2F17%2Fdif-implementa-talleres-de-riesgos-psicosociales-en-escuelas%2F\" target=\"_top\" rel=\"nofollow\"><span class=\"icon\"><\/span><span class=\"text\">Share<\/span><\/a><a class=\"mashicon-twitter mash-large mash-center mashsb-noshadow\" href=\"https:\/\/twitter.com\/intent\/tweet?text=&amp;url=https:\/\/www.zunoticia.com\/noticias-de-hidalgo\/2022\/10\/17\/dif-implementa-talleres-de-riesgos-psicosociales-en-escuelas\/\" target=\"_top\" rel=\"nofollow\"><span class=\"icon\"><\/span><span class=\"text\">Tweet<\/span><\/a><div class=\"onoffswitch2 mash-large mashsb-noshadow\" style=\"display:none\"><\/div><\/div>\n            <\/div>\n                <div style=\"clear:both\"><\/div><div class=\"mashsb-toggle-container\"><\/div><\/aside>\n            <!-- Share buttons by mashshare.net - Version: 4.0.47-->\n<p><em>Por \u00c1ngel Silverio\/Zunoticia<\/em><\/p>\n\n\n\n<p><strong>San Felipe Orizatl\u00e1n, Hgo. &#8211;<\/strong> Para el gobierno de la alcaldesa Erika Saab Lara, y el presidente del Sistema DIF, C\u00e9sar Becerra, la salud es una prioridad y en coordinaci\u00f3n con el \u00e1rea de PAMAR, fue puesto en marcha los talleres que alertan sobre riesgos psicosociales en los j\u00f3venes.<\/p>\n\n\n\n<p>C\u00e9sar Becerra, presidente del sistema, indic\u00f3, -&#8220;Seguimos recorriendo las diferentes escuelas de nivel medio superior, con la campa\u00f1a permanente para la prevenci\u00f3n de riesgos psicosociales, promoci\u00f3n de la salud mental y emocional, en alumnos de nivel b\u00e1sico y media superior, sumamos esfuerzos con las instituciones para crear las condiciones que favorezcan el desarrollo integral de las Ni\u00f1as, Ni\u00f1os y adolescentes de nuestro municipio&#8221;.<\/p>\n\n\n\n<p>Por ello, dijo que recientemente estuvieron presentes en el COBAEH \u2013 CEMSAD, Las Piedras, hasta donde personal del DIF y del \u00e1rea de PAMAR, acudieron para brindar estos talleres, capacitar a los docentes sobre c\u00f3mo detectar estos riesgos, pero tambi\u00e9n trabajar con los alumnos en el tema de la salud mental, algo que se ha venido reforzando para prevenir situaciones que pongan en peligro a los j\u00f3venes.<\/p>\n\n\n\n<p>En este tenor, el presidente del DIF municipal, a\u00f1adi\u00f3 que se estar\u00e1 trabajando con las dem\u00e1s instituciones, a fin de llevar el mensaje a todas las escuelas, y de capacitar a los docentes, pues dijo que una de las preocupaciones del DIF, es la salud f\u00edsica y mental de los ni\u00f1os y j\u00f3venes orizatlenses.<\/p>\n","protected":false},"excerpt":{"rendered":"<p>Por \u00c1ngel Silverio\/Zunoticia San Felipe Orizatl\u00e1n, Hgo. &#8211; Para el gobierno de la alcaldesa Erika Saab Lara, y el presidente del Sistema DIF, C\u00e9sar Becerra, la salud es una prioridad y en coordinaci\u00f3n con el \u00e1rea de PAMAR, fue puesto en marcha los talleres que alertan sobre riesgos psicosociales en los j\u00f3venes. C\u00e9sar Becerra, presidente&hellip; <a class=\"more-link\" href=\"https:\/\/www.zunoticia.com\/noticias-de-hidalgo\/2022\/10\/17\/dif-implementa-talleres-de-riesgos-psicosociales-en-escuelas\/\">Seguir leyendo <span class=\"screen-reader-text\">DIF implementa talleres de riesgos psicosociales en escuelas<\/span><\/a><\/p>\n","protected":false},"author":12,"featured_media":449905,"comment_status":"closed","ping_status":"open","sticky":false,"template":"","format":"standard","meta":{"rop_custom_images_group":[],"rop_custom_messages_group":[],"rop_publish_now":"initial","rop_publish_now_accounts":{"facebook_10159540855086992_322828327761733":""},"rop_publish_now_history":[],"rop_publish_now_status":"pending","footnotes":""},"categories":[180],"tags":[129],"class_list":["post-449904","post","type-post","status-publish","format-standard","has-post-thumbnail","hentry","category-orizatlan","tag-orizatlan","entry"],"_links":{"self":[{"href":"https:\/\/www.zunoticia.com\/noticias-de-hidalgo\/wp-json\/wp\/v2\/posts\/449904","targetHints":{"allow":["GET"]}}],"collection":[{"href":"https:\/\/www.zunoticia.com\/noticias-de-hidalgo\/wp-json\/wp\/v2\/posts"}],"about":[{"href":"https:\/\/www.zunoticia.com\/noticias-de-hidalgo\/wp-json\/wp\/v2\/types\/post"}],"author":[{"embeddable":true,"href":"https:\/\/www.zunoticia.com\/noticias-de-hidalgo\/wp-json\/wp\/v2\/users\/12"}],"replies":[{"embeddable":true,"href":"https:\/\/www.zunoticia.com\/noticias-de-hidalgo\/wp-json\/wp\/v2\/comments?post=449904"}],"version-history":[{"count":1,"href":"https:\/\/www.zunoticia.com\/noticias-de-hidalgo\/wp-json\/wp\/v2\/posts\/449904\/revisions"}],"predecessor-version":[{"id":449906,"href":"https:\/\/www.zunoticia.com\/noticias-de-hidalgo\/wp-json\/wp\/v2\/posts\/449904\/revisions\/449906"}],"wp:featuredmedia":[{"embeddable":true,"href":"https:\/\/www.zunoticia.com\/noticias-de-hidalgo\/wp-json\/wp\/v2\/media\/449905"}],"wp:attachment":[{"href":"https:\/\/www.zunoticia.com\/noticias-de-hidalgo\/wp-json\/wp\/v2\/media?parent=449904"}],"wp:term":[{"taxonomy":"category","embeddable":true,"href":"https:\/\/www.zunoticia.com\/noticias-de-hidalgo\/wp-json\/wp\/v2\/categories?post=449904"},{"taxonomy":"post_tag","embeddable":true,"href":"https:\/\/www.zunoticia.com\/noticias-de-hidalgo\/wp-json\/wp\/v2\/tags?post=449904"}],"curies":[{"name":"wp","href":"https:\/\/api.w.org\/{rel}","templated":true}]}}