{"id":450292,"date":"2022-10-19T16:30:15","date_gmt":"2022-10-19T21:30:15","guid":{"rendered":"https:\/\/www.zunoticia.com\/noticias-de-hidalgo\/?p=450292"},"modified":"2022-10-19T16:34:59","modified_gmt":"2022-10-19T21:34:59","slug":"conmemoraron-dia-mundial-contra-la-lucha-del-cancer-de-mama","status":"publish","type":"post","link":"https:\/\/www.zunoticia.com\/noticias-de-hidalgo\/2022\/10\/19\/conmemoraron-dia-mundial-contra-la-lucha-del-cancer-de-mama\/","title":{"rendered":"Conmemoraron d\u00eda mundial de la lucha contra el c\u00e1ncer de mama"},"content":{"rendered":"<aside class=\"mashsb-container mashsb-main mashsb-stretched\"><div class=\"mashsb-box\"><div class=\"mashsb-count mash-large\" style=\"float:left\"><div class=\"counts mashsbcount\">16<\/div><span class=\"mashsb-sharetext\">SHARES<\/span><\/div><div class=\"mashsb-buttons\"><a class=\"mashicon-facebook mash-large mash-center mashsb-noshadow\" href=\"https:\/\/www.facebook.com\/sharer.php?u=https%3A%2F%2Fwww.zunoticia.com%2Fnoticias-de-hidalgo%2F2022%2F10%2F19%2Fconmemoraron-dia-mundial-contra-la-lucha-del-cancer-de-mama%2F\" target=\"_top\" rel=\"nofollow\"><span class=\"icon\"><\/span><span class=\"text\">Share<\/span><\/a><a class=\"mashicon-twitter mash-large mash-center mashsb-noshadow\" href=\"https:\/\/twitter.com\/intent\/tweet?text=&amp;url=https:\/\/www.zunoticia.com\/noticias-de-hidalgo\/2022\/10\/19\/conmemoraron-dia-mundial-contra-la-lucha-del-cancer-de-mama\/\" target=\"_top\" rel=\"nofollow\"><span class=\"icon\"><\/span><span class=\"text\">Tweet<\/span><\/a><div class=\"onoffswitch2 mash-large mashsb-noshadow\" style=\"display:none\"><\/div><\/div>\n            <\/div>\n                <div style=\"clear:both\"><\/div><div class=\"mashsb-toggle-container\"><\/div><\/aside>\n            <!-- Share buttons by mashshare.net - Version: 4.0.47-->\n<p><em>Por Roberto Meza\/Zunoticia<\/em><\/p>\n\n\n\n<p><strong>Huazalingo, Hgo. &#8211;<\/strong> El Centro de Salud que preside Nicol\u00e1s Lara Amador, en coordinaci\u00f3n con el gobierno municipal que preside Julio C\u00e9sar Gonz\u00e1lez Garc\u00eda, a trav\u00e9s del DIF local, del \u00e1rea de la Instancia Municipal de la mujer y sanidad, conmemoraron el d\u00eda mundial contra la lucha del c\u00e1ncer de mama, cuyo objetivo es concientizar a todas las mujeres para que participen en la lucha contra el c\u00e1ncer.<\/p>\n\n\n\n<figure class=\"wp-block-image size-full\"><img fetchpriority=\"high\" decoding=\"async\" width=\"720\" height=\"540\" src=\"https:\/\/www.zunoticia.com\/noticias-de-hidalgo\/wp-content\/uploads\/2022\/10\/WhatsApp-Image-2022-10-19-at-4.15.07-PM-1.jpeg\" alt=\"\" class=\"wp-image-450294\" srcset=\"https:\/\/www.zunoticia.com\/noticias-de-hidalgo\/wp-content\/uploads\/2022\/10\/WhatsApp-Image-2022-10-19-at-4.15.07-PM-1.jpeg 720w, https:\/\/www.zunoticia.com\/noticias-de-hidalgo\/wp-content\/uploads\/2022\/10\/WhatsApp-Image-2022-10-19-at-4.15.07-PM-1-300x225.jpeg 300w\" sizes=\"(max-width: 720px) 100vw, 720px\" \/><\/figure>\n\n\n\n<p>El evento se llev\u00f3 acabo en el auditorio, en la mesa del pres\u00eddium estuvo el coordinador m\u00e9dico municipal Ferm\u00edn \u00c1lvarez Camargo, personal del centro de salud y personal de la Instancia Municipal de la Mujer, en donde a los presentes se les brind\u00f3 las pl\u00e1ticas de este padecimiento y las formas de evitarlo, as\u00ed mismo realizaron actividad f\u00edsica y se les entregaron tr\u00edpticos informativos.<\/p>\n\n\n\n<figure class=\"wp-block-image size-full\"><img decoding=\"async\" width=\"720\" height=\"451\" src=\"https:\/\/www.zunoticia.com\/noticias-de-hidalgo\/wp-content\/uploads\/2022\/10\/WhatsApp-Image-2022-10-19-at-4.15.07-PM-2.jpeg\" alt=\"\" class=\"wp-image-450295\" srcset=\"https:\/\/www.zunoticia.com\/noticias-de-hidalgo\/wp-content\/uploads\/2022\/10\/WhatsApp-Image-2022-10-19-at-4.15.07-PM-2.jpeg 720w, https:\/\/www.zunoticia.com\/noticias-de-hidalgo\/wp-content\/uploads\/2022\/10\/WhatsApp-Image-2022-10-19-at-4.15.07-PM-2-300x188.jpeg 300w\" sizes=\"(max-width: 720px) 100vw, 720px\" \/><\/figure>\n\n\n\n<p>Estas actividades se est\u00e1n extendiendo en las comunidades a trav\u00e9s de las casas de salud, para ello personal del DIF y del centro de salud est\u00e1n acudiendo para brindar la informaci\u00f3n a todas las mujeres, para que se prevengan y participen en la jornada medica de revisi\u00f3n y Papanicolaou con el objetivo de que est\u00e9n prevenidas.<\/p>\n","protected":false},"excerpt":{"rendered":"<p>Por Roberto Meza\/Zunoticia Huazalingo, Hgo. &#8211; El Centro de Salud que preside Nicol\u00e1s Lara Amador, en coordinaci\u00f3n con el gobierno municipal que preside Julio C\u00e9sar Gonz\u00e1lez Garc\u00eda, a trav\u00e9s del DIF local, del \u00e1rea de la Instancia Municipal de la mujer y sanidad, conmemoraron el d\u00eda mundial contra la lucha del c\u00e1ncer de mama, cuyo&hellip; <a class=\"more-link\" href=\"https:\/\/www.zunoticia.com\/noticias-de-hidalgo\/2022\/10\/19\/conmemoraron-dia-mundial-contra-la-lucha-del-cancer-de-mama\/\">Seguir leyendo <span class=\"screen-reader-text\">Conmemoraron d\u00eda mundial de la lucha contra el c\u00e1ncer de mama<\/span><\/a><\/p>\n","protected":false},"author":12,"featured_media":450293,"comment_status":"closed","ping_status":"open","sticky":false,"template":"","format":"standard","meta":{"rop_custom_images_group":[],"rop_custom_messages_group":[],"rop_publish_now":"initial","rop_publish_now_accounts":{"facebook_10159540855086992_322828327761733":""},"rop_publish_now_history":[],"rop_publish_now_status":"pending","footnotes":""},"categories":[179,212],"tags":[138],"class_list":["post-450292","post","type-post","status-publish","format-standard","has-post-thumbnail","hentry","category-huasteca","category-huazalingo","tag-huazalingo","entry"],"_links":{"self":[{"href":"https:\/\/www.zunoticia.com\/noticias-de-hidalgo\/wp-json\/wp\/v2\/posts\/450292","targetHints":{"allow":["GET"]}}],"collection":[{"href":"https:\/\/www.zunoticia.com\/noticias-de-hidalgo\/wp-json\/wp\/v2\/posts"}],"about":[{"href":"https:\/\/www.zunoticia.com\/noticias-de-hidalgo\/wp-json\/wp\/v2\/types\/post"}],"author":[{"embeddable":true,"href":"https:\/\/www.zunoticia.com\/noticias-de-hidalgo\/wp-json\/wp\/v2\/users\/12"}],"replies":[{"embeddable":true,"href":"https:\/\/www.zunoticia.com\/noticias-de-hidalgo\/wp-json\/wp\/v2\/comments?post=450292"}],"version-history":[{"count":3,"href":"https:\/\/www.zunoticia.com\/noticias-de-hidalgo\/wp-json\/wp\/v2\/posts\/450292\/revisions"}],"predecessor-version":[{"id":450299,"href":"https:\/\/www.zunoticia.com\/noticias-de-hidalgo\/wp-json\/wp\/v2\/posts\/450292\/revisions\/450299"}],"wp:featuredmedia":[{"embeddable":true,"href":"https:\/\/www.zunoticia.com\/noticias-de-hidalgo\/wp-json\/wp\/v2\/media\/450293"}],"wp:attachment":[{"href":"https:\/\/www.zunoticia.com\/noticias-de-hidalgo\/wp-json\/wp\/v2\/media?parent=450292"}],"wp:term":[{"taxonomy":"category","embeddable":true,"href":"https:\/\/www.zunoticia.com\/noticias-de-hidalgo\/wp-json\/wp\/v2\/categories?post=450292"},{"taxonomy":"post_tag","embeddable":true,"href":"https:\/\/www.zunoticia.com\/noticias-de-hidalgo\/wp-json\/wp\/v2\/tags?post=450292"}],"curies":[{"name":"wp","href":"https:\/\/api.w.org\/{rel}","templated":true}]}}