{"id":450444,"date":"2022-10-20T14:30:37","date_gmt":"2022-10-20T19:30:37","guid":{"rendered":"https:\/\/www.zunoticia.com\/noticias-de-hidalgo\/?p=450444"},"modified":"2022-10-20T14:30:39","modified_gmt":"2022-10-20T19:30:39","slug":"implementa-use-jornada-de-expedicion-de-actas-en-la-plaza-21-de-mayo","status":"publish","type":"post","link":"https:\/\/www.zunoticia.com\/noticias-de-hidalgo\/2022\/10\/20\/implementa-use-jornada-de-expedicion-de-actas-en-la-plaza-21-de-mayo\/","title":{"rendered":"Implementa USE jornada de expedici\u00f3n de actas en la Plaza 21 de Mayo"},"content":{"rendered":"<aside class=\"mashsb-container mashsb-main mashsb-stretched\"><div class=\"mashsb-box\"><div class=\"mashsb-count mash-large\" style=\"float:left\"><div class=\"counts mashsbcount\">26<\/div><span class=\"mashsb-sharetext\">SHARES<\/span><\/div><div class=\"mashsb-buttons\"><a class=\"mashicon-facebook mash-large mash-center mashsb-noshadow\" href=\"https:\/\/www.facebook.com\/sharer.php?u=https%3A%2F%2Fwww.zunoticia.com%2Fnoticias-de-hidalgo%2F2022%2F10%2F20%2Fimplementa-use-jornada-de-expedicion-de-actas-en-la-plaza-21-de-mayo%2F\" target=\"_top\" rel=\"nofollow\"><span class=\"icon\"><\/span><span class=\"text\">Share<\/span><\/a><a class=\"mashicon-twitter mash-large mash-center mashsb-noshadow\" href=\"https:\/\/twitter.com\/intent\/tweet?text=&amp;url=https:\/\/www.zunoticia.com\/noticias-de-hidalgo\/2022\/10\/20\/implementa-use-jornada-de-expedicion-de-actas-en-la-plaza-21-de-mayo\/\" target=\"_top\" rel=\"nofollow\"><span class=\"icon\"><\/span><span class=\"text\">Tweet<\/span><\/a><div class=\"onoffswitch2 mash-large mashsb-noshadow\" style=\"display:none\"><\/div><\/div>\n            <\/div>\n                <div style=\"clear:both\"><\/div><div class=\"mashsb-toggle-container\"><\/div><\/aside>\n            <!-- Share buttons by mashshare.net - Version: 4.0.47-->\n<p><em>Por Salvador Altamirano\/Zunoticia<\/em><\/p>\n\n\n\n<p><strong>Huejutla, Hgo. &#8211;<\/strong> La pol\u00edtica del Gobernador del Estado, Julio Menchaca Salazar, consiste en acercar los servicios gubernamentales a la ciudadan\u00eda para evitarle gastos, pero, sobre todo, dar una atenci\u00f3n de calidad y de calidez, por lo que debido a la regi\u00f3n se tiene personal certificado hablante del n\u00e1huatl.<\/p>\n\n\n\n<p>Lo anterior, fue expresado por Geovanny Hern\u00e1ndez, enlace en el municipio de atenci\u00f3n ciudadana de la Unidad de Servicios Estatales (USE), quien especific\u00f3 que para tal efecto este d\u00eda y ma\u00f1ana, en horario de 09:00 a 15:00 horas, llevan a cabo en la Plaza 21 de Mayo una jornada de expedici\u00f3n de actas estatales e interestatales.<\/p>\n\n\n\n<figure class=\"wp-block-image size-large\"><img fetchpriority=\"high\" decoding=\"async\" width=\"1024\" height=\"576\" src=\"https:\/\/www.zunoticia.com\/noticias-de-hidalgo\/wp-content\/uploads\/2022\/10\/WhatsApp-Image-2022-10-20-at-2.24.44-PM-5-1024x576.jpeg\" alt=\"\" class=\"wp-image-450446\" srcset=\"https:\/\/www.zunoticia.com\/noticias-de-hidalgo\/wp-content\/uploads\/2022\/10\/WhatsApp-Image-2022-10-20-at-2.24.44-PM-5-1024x576.jpeg 1024w, https:\/\/www.zunoticia.com\/noticias-de-hidalgo\/wp-content\/uploads\/2022\/10\/WhatsApp-Image-2022-10-20-at-2.24.44-PM-5-300x169.jpeg 300w, https:\/\/www.zunoticia.com\/noticias-de-hidalgo\/wp-content\/uploads\/2022\/10\/WhatsApp-Image-2022-10-20-at-2.24.44-PM-5-768x432.jpeg 768w, https:\/\/www.zunoticia.com\/noticias-de-hidalgo\/wp-content\/uploads\/2022\/10\/WhatsApp-Image-2022-10-20-at-2.24.44-PM-5.jpeg 1280w\" sizes=\"(max-width: 1024px) 100vw, 1024px\" \/><\/figure>\n\n\n\n<p>Con la finalidad -agreg\u00f3-, de beneficiar a las personas que fueron registradas fuera del municipio y del Estado, facilit\u00e1ndoles el poder realizar el tr\u00e1mite de expedici\u00f3n de actas de nacimiento; defunci\u00f3n de alg\u00fan familiar; divorcio e incluso de adopci\u00f3n.<\/p>\n\n\n\n<p>A pregunta expresa, refiri\u00f3 que el servicio de orientaci\u00f3n es totalmente gratuito, pero el costo de la hoja membretada es de $125.00 pesos, que es lo \u00fanico que se cobra del tr\u00e1mite.<\/p>\n\n\n\n<p>As\u00ed mismo, coment\u00f3 que en la campa\u00f1a participan dos unidades de servicio m\u00f3vil, por lo que tambi\u00e9n traen una ventanilla de pago de refrendo vehicular, a la cual el interesado puede acudir a cotizar y si lo decide liquidar.<\/p>\n\n\n\n<p>Para finalizar, invit\u00f3 a la ciudadan\u00eda interesada en ambos servicios a que se acerquen a las unidades m\u00f3viles o en su defecto a que acudan a la oficina ubicada en la calle Pablo Anaya s\/n, colonia Aviaci\u00f3n Civil, para mayor referencia a un costado de la instalaci\u00f3n de la Polic\u00eda Estatal.<\/p>\n","protected":false},"excerpt":{"rendered":"<p>Por Salvador Altamirano\/Zunoticia Huejutla, Hgo. &#8211; La pol\u00edtica del Gobernador del Estado, Julio Menchaca Salazar, consiste en acercar los servicios gubernamentales a la ciudadan\u00eda para evitarle gastos, pero, sobre todo, dar una atenci\u00f3n de calidad y de calidez, por lo que debido a la regi\u00f3n se tiene personal certificado hablante del n\u00e1huatl. Lo anterior, fue&hellip; <a class=\"more-link\" href=\"https:\/\/www.zunoticia.com\/noticias-de-hidalgo\/2022\/10\/20\/implementa-use-jornada-de-expedicion-de-actas-en-la-plaza-21-de-mayo\/\">Seguir leyendo <span class=\"screen-reader-text\">Implementa USE jornada de expedici\u00f3n de actas en la Plaza 21 de Mayo<\/span><\/a><\/p>\n","protected":false},"author":12,"featured_media":450445,"comment_status":"closed","ping_status":"open","sticky":false,"template":"","format":"standard","meta":{"rop_custom_images_group":[],"rop_custom_messages_group":[],"rop_publish_now":"initial","rop_publish_now_accounts":{"facebook_10159540855086992_322828327761733":""},"rop_publish_now_history":[],"rop_publish_now_status":"pending","footnotes":""},"categories":[181],"tags":[121],"class_list":["post-450444","post","type-post","status-publish","format-standard","has-post-thumbnail","hentry","category-huejutla","tag-huejutla","entry"],"_links":{"self":[{"href":"https:\/\/www.zunoticia.com\/noticias-de-hidalgo\/wp-json\/wp\/v2\/posts\/450444","targetHints":{"allow":["GET"]}}],"collection":[{"href":"https:\/\/www.zunoticia.com\/noticias-de-hidalgo\/wp-json\/wp\/v2\/posts"}],"about":[{"href":"https:\/\/www.zunoticia.com\/noticias-de-hidalgo\/wp-json\/wp\/v2\/types\/post"}],"author":[{"embeddable":true,"href":"https:\/\/www.zunoticia.com\/noticias-de-hidalgo\/wp-json\/wp\/v2\/users\/12"}],"replies":[{"embeddable":true,"href":"https:\/\/www.zunoticia.com\/noticias-de-hidalgo\/wp-json\/wp\/v2\/comments?post=450444"}],"version-history":[{"count":1,"href":"https:\/\/www.zunoticia.com\/noticias-de-hidalgo\/wp-json\/wp\/v2\/posts\/450444\/revisions"}],"predecessor-version":[{"id":450447,"href":"https:\/\/www.zunoticia.com\/noticias-de-hidalgo\/wp-json\/wp\/v2\/posts\/450444\/revisions\/450447"}],"wp:featuredmedia":[{"embeddable":true,"href":"https:\/\/www.zunoticia.com\/noticias-de-hidalgo\/wp-json\/wp\/v2\/media\/450445"}],"wp:attachment":[{"href":"https:\/\/www.zunoticia.com\/noticias-de-hidalgo\/wp-json\/wp\/v2\/media?parent=450444"}],"wp:term":[{"taxonomy":"category","embeddable":true,"href":"https:\/\/www.zunoticia.com\/noticias-de-hidalgo\/wp-json\/wp\/v2\/categories?post=450444"},{"taxonomy":"post_tag","embeddable":true,"href":"https:\/\/www.zunoticia.com\/noticias-de-hidalgo\/wp-json\/wp\/v2\/tags?post=450444"}],"curies":[{"name":"wp","href":"https:\/\/api.w.org\/{rel}","templated":true}]}}