{"id":450505,"date":"2022-10-20T17:35:05","date_gmt":"2022-10-20T22:35:05","guid":{"rendered":"https:\/\/www.zunoticia.com\/noticias-de-hidalgo\/?p=450505"},"modified":"2022-10-20T17:35:07","modified_gmt":"2022-10-20T22:35:07","slug":"llega-el-xantolo-y-no-se-ha-lavado-el-laminado-ni-el-mercado","status":"publish","type":"post","link":"https:\/\/www.zunoticia.com\/noticias-de-hidalgo\/2022\/10\/20\/llega-el-xantolo-y-no-se-ha-lavado-el-laminado-ni-el-mercado\/","title":{"rendered":"Llega el Xantolo y no se ha lavado el laminado ni el Mercado"},"content":{"rendered":"<aside class=\"mashsb-container mashsb-main mashsb-stretched\"><div class=\"mashsb-box\"><div class=\"mashsb-count mash-large\" style=\"float:left\"><div class=\"counts mashsbcount\">15<\/div><span class=\"mashsb-sharetext\">SHARES<\/span><\/div><div class=\"mashsb-buttons\"><a class=\"mashicon-facebook mash-large mash-center mashsb-noshadow\" href=\"https:\/\/www.facebook.com\/sharer.php?u=https%3A%2F%2Fwww.zunoticia.com%2Fnoticias-de-hidalgo%2F2022%2F10%2F20%2Fllega-el-xantolo-y-no-se-ha-lavado-el-laminado-ni-el-mercado%2F\" target=\"_top\" rel=\"nofollow\"><span class=\"icon\"><\/span><span class=\"text\">Share<\/span><\/a><a class=\"mashicon-twitter mash-large mash-center mashsb-noshadow\" href=\"https:\/\/twitter.com\/intent\/tweet?text=&amp;url=https:\/\/www.zunoticia.com\/noticias-de-hidalgo\/2022\/10\/20\/llega-el-xantolo-y-no-se-ha-lavado-el-laminado-ni-el-mercado\/\" target=\"_top\" rel=\"nofollow\"><span class=\"icon\"><\/span><span class=\"text\">Tweet<\/span><\/a><div class=\"onoffswitch2 mash-large mashsb-noshadow\" style=\"display:none\"><\/div><\/div>\n            <\/div>\n                <div style=\"clear:both\"><\/div><div class=\"mashsb-toggle-container\"><\/div><\/aside>\n            <!-- Share buttons by mashshare.net - Version: 4.0.47-->\n<p><em>Por Enedino Hern\u00e1ndez\/Zunoticia<\/em><\/p>\n\n\n\n<p><strong>Huejutla, Hgo. &#8211;<\/strong> A escasos d\u00edas de iniciarse con las actividades por la celebraci\u00f3n de las fiestas del Xantolo, hasta el momento la zona del laminado y el mercado no se ha lavado de manera general, as\u00ed lo confirma el comerciante del \u00e1rea del laminado, Andr\u00e9s Hern\u00e1ndez.<\/p>\n\n\n\n<p>\u201cDijeron que se iban a poner de acuerdo ambos Secretarios, de la UCLA y de la UCLTARH; pero el Xantolo ya lleg\u00f3, la tarde de ma\u00f1ana viernes inicia, pues ya van a cerrar por la zona del auditorio municipal, y la verdad no creo que se realice un lavado general como se hab\u00eda prometido\u201d.<\/p>\n\n\n\n<p>Reconoci\u00f3 que al no haberse hecho el lavado general \u201cse va a dar un mal aspecto a toda la gente que va a llegar a la regi\u00f3n, va a estar muy sucio, por lo que recomendamos a los comerciantes para que mantengan limpios sus locales o los espacios en los cuales realizan su actividad comercial\u201d.<\/p>\n\n\n\n<p>Seguidamente, dijo que todo es preocupante y m\u00e1s que nada con la situaci\u00f3n de la basura \u201csi, as\u00ed como est\u00e1bamos no pudimos acumular la basura en un solo lugar, con la fiesta ser\u00e1 menos posible, no van a poder entrar los carros, se va a tener una acumulaci\u00f3n de basura b\u00e1rbara\u201d.<\/p>\n\n\n\n<p>A\u00f1adi\u00f3 que en este caso ser\u00eda bueno que aplicar\u00e1n las sanciones que han anunciado, pero tambi\u00e9n se tiene la pregunta; \u00bfse podr\u00e1 aplicar a todos, o nada m\u00e1s a unos cuantos? Muchos establecimientos de la periferia del mercado tienen su tiradero, todos tiran y no les dicen nada, ah\u00ed se queda la basura; los que estamos dentro respetamos, pero las dem\u00e1s personas no respetan.<\/p>\n","protected":false},"excerpt":{"rendered":"<p>Por Enedino Hern\u00e1ndez\/Zunoticia Huejutla, Hgo. &#8211; A escasos d\u00edas de iniciarse con las actividades por la celebraci\u00f3n de las fiestas del Xantolo, hasta el momento la zona del laminado y el mercado no se ha lavado de manera general, as\u00ed lo confirma el comerciante del \u00e1rea del laminado, Andr\u00e9s Hern\u00e1ndez. \u201cDijeron que se iban a&hellip; <a class=\"more-link\" href=\"https:\/\/www.zunoticia.com\/noticias-de-hidalgo\/2022\/10\/20\/llega-el-xantolo-y-no-se-ha-lavado-el-laminado-ni-el-mercado\/\">Seguir leyendo <span class=\"screen-reader-text\">Llega el Xantolo y no se ha lavado el laminado ni el Mercado<\/span><\/a><\/p>\n","protected":false},"author":12,"featured_media":450506,"comment_status":"closed","ping_status":"open","sticky":false,"template":"","format":"standard","meta":{"rop_custom_images_group":[],"rop_custom_messages_group":[],"rop_publish_now":"initial","rop_publish_now_accounts":{"facebook_10159540855086992_322828327761733":""},"rop_publish_now_history":[],"rop_publish_now_status":"pending","footnotes":""},"categories":[181],"tags":[121],"class_list":["post-450505","post","type-post","status-publish","format-standard","has-post-thumbnail","hentry","category-huejutla","tag-huejutla","entry"],"_links":{"self":[{"href":"https:\/\/www.zunoticia.com\/noticias-de-hidalgo\/wp-json\/wp\/v2\/posts\/450505","targetHints":{"allow":["GET"]}}],"collection":[{"href":"https:\/\/www.zunoticia.com\/noticias-de-hidalgo\/wp-json\/wp\/v2\/posts"}],"about":[{"href":"https:\/\/www.zunoticia.com\/noticias-de-hidalgo\/wp-json\/wp\/v2\/types\/post"}],"author":[{"embeddable":true,"href":"https:\/\/www.zunoticia.com\/noticias-de-hidalgo\/wp-json\/wp\/v2\/users\/12"}],"replies":[{"embeddable":true,"href":"https:\/\/www.zunoticia.com\/noticias-de-hidalgo\/wp-json\/wp\/v2\/comments?post=450505"}],"version-history":[{"count":1,"href":"https:\/\/www.zunoticia.com\/noticias-de-hidalgo\/wp-json\/wp\/v2\/posts\/450505\/revisions"}],"predecessor-version":[{"id":450507,"href":"https:\/\/www.zunoticia.com\/noticias-de-hidalgo\/wp-json\/wp\/v2\/posts\/450505\/revisions\/450507"}],"wp:featuredmedia":[{"embeddable":true,"href":"https:\/\/www.zunoticia.com\/noticias-de-hidalgo\/wp-json\/wp\/v2\/media\/450506"}],"wp:attachment":[{"href":"https:\/\/www.zunoticia.com\/noticias-de-hidalgo\/wp-json\/wp\/v2\/media?parent=450505"}],"wp:term":[{"taxonomy":"category","embeddable":true,"href":"https:\/\/www.zunoticia.com\/noticias-de-hidalgo\/wp-json\/wp\/v2\/categories?post=450505"},{"taxonomy":"post_tag","embeddable":true,"href":"https:\/\/www.zunoticia.com\/noticias-de-hidalgo\/wp-json\/wp\/v2\/tags?post=450505"}],"curies":[{"name":"wp","href":"https:\/\/api.w.org\/{rel}","templated":true}]}}