{"id":450529,"date":"2022-10-20T18:45:11","date_gmt":"2022-10-20T23:45:11","guid":{"rendered":"https:\/\/www.zunoticia.com\/noticias-de-hidalgo\/?p=450529"},"modified":"2022-10-20T18:45:13","modified_gmt":"2022-10-20T23:45:13","slug":"volco-trailer-4","status":"publish","type":"post","link":"https:\/\/www.zunoticia.com\/noticias-de-hidalgo\/2022\/10\/20\/volco-trailer-4\/","title":{"rendered":"Volc\u00f3 tr\u00e1iler"},"content":{"rendered":"<aside class=\"mashsb-container mashsb-main mashsb-stretched\"><div class=\"mashsb-box\"><div class=\"mashsb-count mash-large\" style=\"float:left\"><div class=\"counts mashsbcount\">46<\/div><span class=\"mashsb-sharetext\">SHARES<\/span><\/div><div class=\"mashsb-buttons\"><a class=\"mashicon-facebook mash-large mash-center mashsb-noshadow\" href=\"https:\/\/www.facebook.com\/sharer.php?u=https%3A%2F%2Fwww.zunoticia.com%2Fnoticias-de-hidalgo%2F2022%2F10%2F20%2Fvolco-trailer-4%2F\" target=\"_top\" rel=\"nofollow\"><span class=\"icon\"><\/span><span class=\"text\">Share<\/span><\/a><a class=\"mashicon-twitter mash-large mash-center mashsb-noshadow\" href=\"https:\/\/twitter.com\/intent\/tweet?text=&amp;url=https:\/\/www.zunoticia.com\/noticias-de-hidalgo\/2022\/10\/20\/volco-trailer-4\/\" target=\"_top\" rel=\"nofollow\"><span class=\"icon\"><\/span><span class=\"text\">Tweet<\/span><\/a><div class=\"onoffswitch2 mash-large mashsb-noshadow\" style=\"display:none\"><\/div><\/div>\n            <\/div>\n                <div style=\"clear:both\"><\/div><div class=\"mashsb-toggle-container\"><\/div><\/aside>\n            <!-- Share buttons by mashshare.net - Version: 4.0.47-->\n<p><em>Por Redacci\u00f3n\/Zunoticia<\/em><\/p>\n\n\n\n<p><strong>Chalma, Ver.-<\/strong> La tarde de este jueves un tr\u00e1iler que transportaba fierro viejo protagoniz\u00f3 una aparatosa volcadura en la v\u00eda federal&nbsp; M\u00e9xico-Tampico.<\/p>\n\n\n\n<figure class=\"wp-block-image size-large\"><img fetchpriority=\"high\" decoding=\"async\" width=\"1024\" height=\"768\" src=\"https:\/\/www.zunoticia.com\/noticias-de-hidalgo\/wp-content\/uploads\/2022\/10\/Imagen-de-WhatsApp-2022-10-20-a-las-18.02.12-1024x768.jpg\" alt=\"\" class=\"wp-image-450547\" srcset=\"https:\/\/www.zunoticia.com\/noticias-de-hidalgo\/wp-content\/uploads\/2022\/10\/Imagen-de-WhatsApp-2022-10-20-a-las-18.02.12-1024x768.jpg 1024w, https:\/\/www.zunoticia.com\/noticias-de-hidalgo\/wp-content\/uploads\/2022\/10\/Imagen-de-WhatsApp-2022-10-20-a-las-18.02.12-300x225.jpg 300w, https:\/\/www.zunoticia.com\/noticias-de-hidalgo\/wp-content\/uploads\/2022\/10\/Imagen-de-WhatsApp-2022-10-20-a-las-18.02.12-768x576.jpg 768w, https:\/\/www.zunoticia.com\/noticias-de-hidalgo\/wp-content\/uploads\/2022\/10\/Imagen-de-WhatsApp-2022-10-20-a-las-18.02.12.jpg 1080w\" sizes=\"(max-width: 1024px) 100vw, 1024px\" \/><\/figure>\n\n\n\n<p>El accidente se registr\u00f3 a la altura de la entrada de la localidad de Amatitl\u00e1n, perteneciente a este municipio, donde la pesada unidad se sali\u00f3 de la cinta asf\u00e1ltica y volc\u00f3 a la orilla de esta.<\/p>\n\n\n\n<figure class=\"wp-block-image size-large\"><img decoding=\"async\" width=\"1024\" height=\"768\" src=\"https:\/\/www.zunoticia.com\/noticias-de-hidalgo\/wp-content\/uploads\/2022\/10\/Imagen-de-WhatsApp-2022-10-20-a-las-18.17.511-1024x768.jpg\" alt=\"\" class=\"wp-image-450545\" srcset=\"https:\/\/www.zunoticia.com\/noticias-de-hidalgo\/wp-content\/uploads\/2022\/10\/Imagen-de-WhatsApp-2022-10-20-a-las-18.17.511-1024x768.jpg 1024w, https:\/\/www.zunoticia.com\/noticias-de-hidalgo\/wp-content\/uploads\/2022\/10\/Imagen-de-WhatsApp-2022-10-20-a-las-18.17.511-300x225.jpg 300w, https:\/\/www.zunoticia.com\/noticias-de-hidalgo\/wp-content\/uploads\/2022\/10\/Imagen-de-WhatsApp-2022-10-20-a-las-18.17.511-768x576.jpg 768w, https:\/\/www.zunoticia.com\/noticias-de-hidalgo\/wp-content\/uploads\/2022\/10\/Imagen-de-WhatsApp-2022-10-20-a-las-18.17.511.jpg 1040w\" sizes=\"(max-width: 1024px) 100vw, 1024px\" \/><\/figure>\n\n\n\n<p>Elementos de Seguridad P\u00fablica Municipal y oficiales de la Guardia Nacional Divisi\u00f3n Caminos, acudieron al lugar para atender la emergencia y de esta manera brindaron apoyo en la zona.<\/p>\n\n\n\n<figure class=\"wp-block-image size-large\"><img decoding=\"async\" width=\"768\" height=\"1024\" src=\"https:\/\/www.zunoticia.com\/noticias-de-hidalgo\/wp-content\/uploads\/2022\/10\/Imagen-de-WhatsApp-2022-10-20-a-las-18.17.51-768x1024.jpg\" alt=\"\" class=\"wp-image-450544\" srcset=\"https:\/\/www.zunoticia.com\/noticias-de-hidalgo\/wp-content\/uploads\/2022\/10\/Imagen-de-WhatsApp-2022-10-20-a-las-18.17.51-768x1024.jpg 768w, https:\/\/www.zunoticia.com\/noticias-de-hidalgo\/wp-content\/uploads\/2022\/10\/Imagen-de-WhatsApp-2022-10-20-a-las-18.17.51-225x300.jpg 225w, https:\/\/www.zunoticia.com\/noticias-de-hidalgo\/wp-content\/uploads\/2022\/10\/Imagen-de-WhatsApp-2022-10-20-a-las-18.17.51.jpg 780w\" sizes=\"(max-width: 768px) 100vw, 768px\" \/><\/figure>\n\n\n\n<p>Tras la intervenci\u00f3n de las autoridades, la pesada unidad fue rescatada por una gr\u00faa particular y remolcada al corral\u00f3n para el deslinde de responsabilidades.<\/p>\n","protected":false},"excerpt":{"rendered":"<p>Por Redacci\u00f3n\/Zunoticia Chalma, Ver.- La tarde de este jueves un tr\u00e1iler que transportaba fierro viejo protagoniz\u00f3 una aparatosa volcadura en la v\u00eda federal&nbsp; M\u00e9xico-Tampico. El accidente se registr\u00f3 a la altura de la entrada de la localidad de Amatitl\u00e1n, perteneciente a este municipio, donde la pesada unidad se sali\u00f3 de la cinta asf\u00e1ltica y volc\u00f3&hellip; <a class=\"more-link\" href=\"https:\/\/www.zunoticia.com\/noticias-de-hidalgo\/2022\/10\/20\/volco-trailer-4\/\">Seguir leyendo <span class=\"screen-reader-text\">Volc\u00f3 tr\u00e1iler<\/span><\/a><\/p>\n","protected":false},"author":12,"featured_media":450546,"comment_status":"closed","ping_status":"open","sticky":false,"template":"","format":"standard","meta":{"rop_custom_images_group":[],"rop_custom_messages_group":[],"rop_publish_now":"initial","rop_publish_now_accounts":{"facebook_10159540855086992_322828327761733":""},"rop_publish_now_history":[],"rop_publish_now_status":"pending","footnotes":""},"categories":[178],"tags":[259],"class_list":["post-450529","post","type-post","status-publish","format-standard","has-post-thumbnail","hentry","category-policiaca","tag-policiaca","entry"],"_links":{"self":[{"href":"https:\/\/www.zunoticia.com\/noticias-de-hidalgo\/wp-json\/wp\/v2\/posts\/450529","targetHints":{"allow":["GET"]}}],"collection":[{"href":"https:\/\/www.zunoticia.com\/noticias-de-hidalgo\/wp-json\/wp\/v2\/posts"}],"about":[{"href":"https:\/\/www.zunoticia.com\/noticias-de-hidalgo\/wp-json\/wp\/v2\/types\/post"}],"author":[{"embeddable":true,"href":"https:\/\/www.zunoticia.com\/noticias-de-hidalgo\/wp-json\/wp\/v2\/users\/12"}],"replies":[{"embeddable":true,"href":"https:\/\/www.zunoticia.com\/noticias-de-hidalgo\/wp-json\/wp\/v2\/comments?post=450529"}],"version-history":[{"count":1,"href":"https:\/\/www.zunoticia.com\/noticias-de-hidalgo\/wp-json\/wp\/v2\/posts\/450529\/revisions"}],"predecessor-version":[{"id":450548,"href":"https:\/\/www.zunoticia.com\/noticias-de-hidalgo\/wp-json\/wp\/v2\/posts\/450529\/revisions\/450548"}],"wp:featuredmedia":[{"embeddable":true,"href":"https:\/\/www.zunoticia.com\/noticias-de-hidalgo\/wp-json\/wp\/v2\/media\/450546"}],"wp:attachment":[{"href":"https:\/\/www.zunoticia.com\/noticias-de-hidalgo\/wp-json\/wp\/v2\/media?parent=450529"}],"wp:term":[{"taxonomy":"category","embeddable":true,"href":"https:\/\/www.zunoticia.com\/noticias-de-hidalgo\/wp-json\/wp\/v2\/categories?post=450529"},{"taxonomy":"post_tag","embeddable":true,"href":"https:\/\/www.zunoticia.com\/noticias-de-hidalgo\/wp-json\/wp\/v2\/tags?post=450529"}],"curies":[{"name":"wp","href":"https:\/\/api.w.org\/{rel}","templated":true}]}}