{"id":450549,"date":"2022-10-20T19:09:12","date_gmt":"2022-10-21T00:09:12","guid":{"rendered":"https:\/\/www.zunoticia.com\/noticias-de-hidalgo\/?p=450549"},"modified":"2022-10-20T19:09:14","modified_gmt":"2022-10-21T00:09:14","slug":"litzi-guadalupe-nueva-soberana-de-las-fiestas-de-huitzitzilingo","status":"publish","type":"post","link":"https:\/\/www.zunoticia.com\/noticias-de-hidalgo\/2022\/10\/20\/litzi-guadalupe-nueva-soberana-de-las-fiestas-de-huitzitzilingo\/","title":{"rendered":"Litzi Guadalupe, nueva soberana de las fiestas de Huitzitzilingo"},"content":{"rendered":"<aside class=\"mashsb-container mashsb-main mashsb-stretched\"><div class=\"mashsb-box\"><div class=\"mashsb-count mash-large\" style=\"float:left\"><div class=\"counts mashsbcount\">18<\/div><span class=\"mashsb-sharetext\">SHARES<\/span><\/div><div class=\"mashsb-buttons\"><a class=\"mashicon-facebook mash-large mash-center mashsb-noshadow\" href=\"https:\/\/www.facebook.com\/sharer.php?u=https%3A%2F%2Fwww.zunoticia.com%2Fnoticias-de-hidalgo%2F2022%2F10%2F20%2Flitzi-guadalupe-nueva-soberana-de-las-fiestas-de-huitzitzilingo%2F\" target=\"_top\" rel=\"nofollow\"><span class=\"icon\"><\/span><span class=\"text\">Share<\/span><\/a><a class=\"mashicon-twitter mash-large mash-center mashsb-noshadow\" href=\"https:\/\/twitter.com\/intent\/tweet?text=&amp;url=https:\/\/www.zunoticia.com\/noticias-de-hidalgo\/2022\/10\/20\/litzi-guadalupe-nueva-soberana-de-las-fiestas-de-huitzitzilingo\/\" target=\"_top\" rel=\"nofollow\"><span class=\"icon\"><\/span><span class=\"text\">Tweet<\/span><\/a><div class=\"onoffswitch2 mash-large mashsb-noshadow\" style=\"display:none\"><\/div><\/div>\n            <\/div>\n                <div style=\"clear:both\"><\/div><div class=\"mashsb-toggle-container\"><\/div><\/aside>\n            <!-- Share buttons by mashshare.net - Version: 4.0.47-->\n<p><em>Por \u00c1ngel Silverio\/Zunoticia<\/em><\/p>\n\n\n\n<p><strong>San Felipe Orizatl\u00e1n, Hgo.-<\/strong>&nbsp; Con la presencia de las autoridades municipales y de la delegaci\u00f3n, el pasado mi\u00e9rcoles habitantes dieron inicio a las fiestas patronales en honor a Santa \u00darsula en la delegaci\u00f3n de Huitzitzilingo, as\u00ed tambi\u00e9n se eligi\u00f3 a las reina de las fiestas.<\/p>\n\n\n\n<figure class=\"wp-block-image size-large\"><img fetchpriority=\"high\" decoding=\"async\" width=\"1024\" height=\"742\" src=\"https:\/\/www.zunoticia.com\/noticias-de-hidalgo\/wp-content\/uploads\/2022\/10\/eZy-Watermark-20-10-2022-06-10-50p.m.-1024x742.jpg\" alt=\"\" class=\"wp-image-450540\" srcset=\"https:\/\/www.zunoticia.com\/noticias-de-hidalgo\/wp-content\/uploads\/2022\/10\/eZy-Watermark-20-10-2022-06-10-50p.m.-1024x742.jpg 1024w, https:\/\/www.zunoticia.com\/noticias-de-hidalgo\/wp-content\/uploads\/2022\/10\/eZy-Watermark-20-10-2022-06-10-50p.m.-300x217.jpg 300w, https:\/\/www.zunoticia.com\/noticias-de-hidalgo\/wp-content\/uploads\/2022\/10\/eZy-Watermark-20-10-2022-06-10-50p.m.-768x556.jpg 768w, https:\/\/www.zunoticia.com\/noticias-de-hidalgo\/wp-content\/uploads\/2022\/10\/eZy-Watermark-20-10-2022-06-10-50p.m..jpg 1280w\" sizes=\"(max-width: 1024px) 100vw, 1024px\" \/><\/figure>\n\n\n\n<p>En su mensaje la alcaldesa Erika Saab Lara destac\u00f3 que con estas fiestas patronales permiten arraigar nuestras tradiciones, -\u201cHuitzitzilingo es una comunidad de las m\u00e1s grandes del municipio, siempre organizan sus fiestas muy bonitas, con muchas actividades y sobre todo algo que me gusta es que las fiestas las organizan los j\u00f3venes y eso te habla de que hay nuevas generaciones impulsando el desarrollo de las comunidades\u201d.<\/p>\n\n\n\n<figure class=\"wp-block-image size-large\"><img decoding=\"async\" width=\"1024\" height=\"465\" src=\"https:\/\/www.zunoticia.com\/noticias-de-hidalgo\/wp-content\/uploads\/2022\/10\/eZy-Watermark-20-10-2022-06-11-35p.m.-1024x465.jpg\" alt=\"\" class=\"wp-image-450539\" srcset=\"https:\/\/www.zunoticia.com\/noticias-de-hidalgo\/wp-content\/uploads\/2022\/10\/eZy-Watermark-20-10-2022-06-11-35p.m.-1024x465.jpg 1024w, https:\/\/www.zunoticia.com\/noticias-de-hidalgo\/wp-content\/uploads\/2022\/10\/eZy-Watermark-20-10-2022-06-11-35p.m.-300x136.jpg 300w, https:\/\/www.zunoticia.com\/noticias-de-hidalgo\/wp-content\/uploads\/2022\/10\/eZy-Watermark-20-10-2022-06-11-35p.m.-768x349.jpg 768w, https:\/\/www.zunoticia.com\/noticias-de-hidalgo\/wp-content\/uploads\/2022\/10\/eZy-Watermark-20-10-2022-06-11-35p.m..jpg 1280w\" sizes=\"(max-width: 1024px) 100vw, 1024px\" \/><\/figure>\n\n\n\n<p>As\u00ed tambi\u00e9n agradecieron la organizaci\u00f3n de \u201cTodos y Para Todos\u201d, a Marco Andrade por aceptar participar por segunda ocasi\u00f3n como padrino de coronaci\u00f3n, a la presidente municipal Erika Saab Lara por su apoyo y por siempre respaldar las actividades que el grupo realiza para bien de la comunidad, del mismo modo a las chicas que participaron, Jade Jazm\u00edn Reyes Hern\u00e1ndez, Yareli Hern\u00e1ndez Pe\u00f1a, Karla Itzel S\u00e1nchez Hern\u00e1ndez y quien fuera coronada como reina de las fiestas Litzy Guadalupe Hern\u00e1ndez Francisco.<\/p>\n\n\n\n<p>Finalmente, invitaron a los vecinos de esta delegaci\u00f3n y de las comunidades circunvecinas a que acudan y disfruten de las actividades que se tienen programadas para el contento de todas las familias.<\/p>\n","protected":false},"excerpt":{"rendered":"<p>Por \u00c1ngel Silverio\/Zunoticia San Felipe Orizatl\u00e1n, Hgo.-&nbsp; Con la presencia de las autoridades municipales y de la delegaci\u00f3n, el pasado mi\u00e9rcoles habitantes dieron inicio a las fiestas patronales en honor a Santa \u00darsula en la delegaci\u00f3n de Huitzitzilingo, as\u00ed tambi\u00e9n se eligi\u00f3 a las reina de las fiestas. En su mensaje la alcaldesa Erika Saab&hellip; <a class=\"more-link\" href=\"https:\/\/www.zunoticia.com\/noticias-de-hidalgo\/2022\/10\/20\/litzi-guadalupe-nueva-soberana-de-las-fiestas-de-huitzitzilingo\/\">Seguir leyendo <span class=\"screen-reader-text\">Litzi Guadalupe, nueva soberana de las fiestas de Huitzitzilingo<\/span><\/a><\/p>\n","protected":false},"author":12,"featured_media":450541,"comment_status":"closed","ping_status":"open","sticky":false,"template":"","format":"standard","meta":{"rop_custom_images_group":[],"rop_custom_messages_group":[],"rop_publish_now":"initial","rop_publish_now_accounts":{"facebook_10159540855086992_322828327761733":""},"rop_publish_now_history":[],"rop_publish_now_status":"pending","footnotes":""},"categories":[180],"tags":[129],"class_list":["post-450549","post","type-post","status-publish","format-standard","has-post-thumbnail","hentry","category-orizatlan","tag-orizatlan","entry"],"_links":{"self":[{"href":"https:\/\/www.zunoticia.com\/noticias-de-hidalgo\/wp-json\/wp\/v2\/posts\/450549","targetHints":{"allow":["GET"]}}],"collection":[{"href":"https:\/\/www.zunoticia.com\/noticias-de-hidalgo\/wp-json\/wp\/v2\/posts"}],"about":[{"href":"https:\/\/www.zunoticia.com\/noticias-de-hidalgo\/wp-json\/wp\/v2\/types\/post"}],"author":[{"embeddable":true,"href":"https:\/\/www.zunoticia.com\/noticias-de-hidalgo\/wp-json\/wp\/v2\/users\/12"}],"replies":[{"embeddable":true,"href":"https:\/\/www.zunoticia.com\/noticias-de-hidalgo\/wp-json\/wp\/v2\/comments?post=450549"}],"version-history":[{"count":1,"href":"https:\/\/www.zunoticia.com\/noticias-de-hidalgo\/wp-json\/wp\/v2\/posts\/450549\/revisions"}],"predecessor-version":[{"id":450550,"href":"https:\/\/www.zunoticia.com\/noticias-de-hidalgo\/wp-json\/wp\/v2\/posts\/450549\/revisions\/450550"}],"wp:featuredmedia":[{"embeddable":true,"href":"https:\/\/www.zunoticia.com\/noticias-de-hidalgo\/wp-json\/wp\/v2\/media\/450541"}],"wp:attachment":[{"href":"https:\/\/www.zunoticia.com\/noticias-de-hidalgo\/wp-json\/wp\/v2\/media?parent=450549"}],"wp:term":[{"taxonomy":"category","embeddable":true,"href":"https:\/\/www.zunoticia.com\/noticias-de-hidalgo\/wp-json\/wp\/v2\/categories?post=450549"},{"taxonomy":"post_tag","embeddable":true,"href":"https:\/\/www.zunoticia.com\/noticias-de-hidalgo\/wp-json\/wp\/v2\/tags?post=450549"}],"curies":[{"name":"wp","href":"https:\/\/api.w.org\/{rel}","templated":true}]}}