{"id":450552,"date":"2022-10-20T19:16:50","date_gmt":"2022-10-21T00:16:50","guid":{"rendered":"https:\/\/www.zunoticia.com\/noticias-de-hidalgo\/?p=450552"},"modified":"2022-10-20T19:16:52","modified_gmt":"2022-10-21T00:16:52","slug":"todo-listo-para-feria-de-empleo-dirigida-a-grupos-vulnerables","status":"publish","type":"post","link":"https:\/\/www.zunoticia.com\/noticias-de-hidalgo\/2022\/10\/20\/todo-listo-para-feria-de-empleo-dirigida-a-grupos-vulnerables\/","title":{"rendered":"Todo listo para Feria de Empleo dirigida a grupos vulnerables"},"content":{"rendered":"<aside class=\"mashsb-container mashsb-main mashsb-stretched\"><div class=\"mashsb-box\"><div class=\"mashsb-count mash-large\" style=\"float:left\"><div class=\"counts mashsbcount\">15<\/div><span class=\"mashsb-sharetext\">SHARES<\/span><\/div><div class=\"mashsb-buttons\"><a class=\"mashicon-facebook mash-large mash-center mashsb-noshadow\" href=\"https:\/\/www.facebook.com\/sharer.php?u=https%3A%2F%2Fwww.zunoticia.com%2Fnoticias-de-hidalgo%2F2022%2F10%2F20%2Ftodo-listo-para-feria-de-empleo-dirigida-a-grupos-vulnerables%2F\" target=\"_top\" rel=\"nofollow\"><span class=\"icon\"><\/span><span class=\"text\">Share<\/span><\/a><a class=\"mashicon-twitter mash-large mash-center mashsb-noshadow\" href=\"https:\/\/twitter.com\/intent\/tweet?text=&amp;url=https:\/\/www.zunoticia.com\/noticias-de-hidalgo\/2022\/10\/20\/todo-listo-para-feria-de-empleo-dirigida-a-grupos-vulnerables\/\" target=\"_top\" rel=\"nofollow\"><span class=\"icon\"><\/span><span class=\"text\">Tweet<\/span><\/a><div class=\"onoffswitch2 mash-large mashsb-noshadow\" style=\"display:none\"><\/div><\/div>\n            <\/div>\n                <div style=\"clear:both\"><\/div><div class=\"mashsb-toggle-container\"><\/div><\/aside>\n            <!-- Share buttons by mashshare.net - Version: 4.0.47-->\n<ul class=\"wp-block-list\"><li>Pr\u00f3ximo 25 de octubre en las inmediaciones del jard\u00edn central de Tepeji del R\u00edo.<\/li><li>Empresas que participar\u00e1n ofertar\u00e1n perfiles desde operativos, hasta directivos.<\/li><\/ul>\n\n\n\n<p><em>Por Redacci\u00f3n\/Zunoticia<\/em><\/p>\n\n\n\n<p><strong>Pachuca de Soto, Hgo.-<\/strong> Para lograr bienestar de las familias hidalguenses y que puedan salir adelante es necesario generar oportunidades de empleo formal que involucren tambi\u00e9n a sectores de la poblaci\u00f3n vulnerable; esa ha sido la instrucci\u00f3n del gobernador Julio Menchaca Salazar, se\u00f1al\u00f3 el titular de la Secretar\u00eda del Trabajo y Previsi\u00f3n Social de Hidalgo (STPSH), Oscar Javier Gonz\u00e1lez Hern\u00e1ndez.<\/p>\n\n\n\n<p>Como parte de este principio, el secretario del trabajo, anunci\u00f3 la realizaci\u00f3n de la Feria Nacional de Empleo para la Inclusi\u00f3n Laboral de Grupos Vulnerables Hidalgo 2022, la cual tendr\u00e1 lugar el pr\u00f3ximo 25 de octubre en las inmediaciones del jard\u00edn central de Tepeji del R\u00edo.<\/p>\n\n\n\n<p>El funcionario indic\u00f3 que en el evento participar\u00e1n m\u00e1s de 15 empresas asentadas en la entidad con una oferta laboral de m\u00e1s de 600 plazas.<\/p>\n\n\n\n<p>Este evento, se\u00f1al\u00f3 Gonz\u00e1lez Hern\u00e1ndez, contar\u00e1 con ofertas laborales dirigidas a la poblaci\u00f3n en general, pero se priorizar\u00e1 a los grupos poblaciones que enfrentan significativas barreras para insertarse en el mercado laboral.<\/p>\n\n\n\n<p>Adem\u00e1s de concertar la oferta laboral, se busca lograr la colocaci\u00f3n de los perfiles id\u00f3neos donde las empresas lo requieren y alcanzar el m\u00e1ximo potencial del talento para que las familias hidalguenses salgan adelante, puntualiz\u00f3 el secretario del Trabajo.<\/p>\n\n\n\n<p>Algunas de las empresas que participar\u00e1n en la feria del empleo ser\u00e1n Truper, Nutrigarden, Galgo, Grupo Merza, Costco, Pepsi, Bimbo, las cuales ofertar\u00e1n perfiles desde operativos, hasta directivos, como ayudante de almac\u00e9n, t\u00e9cnico electromec\u00e1nico, inspector de calidad, auditor de calidad, auxiliar de costos, desarrollador de software, mec\u00e1nico de m\u00e1quinas de coser, entre otros.<\/p>\n\n\n\n<p>Una de las ventajas de la feria es que al ser presencial se facilita la comunicaci\u00f3n directa entre las personas que buscan empleo y las empresas, a fin de atender las necesidades de empleabilidad, expuso el encargado de la pol\u00edtica laboral estatal.<\/p>\n\n\n\n<p>Los servicios de intermediaci\u00f3n laboral tambi\u00e9n incluyen talleres para buscadores de empleo, en los cuales se proporcionan herramientas que les permita desarrollar habilidades para la integraci\u00f3n de un curr\u00edculum vitae completo, atractivo y lograr de manera exitosa una entrevista de trabajo.<\/p>\n\n\n\n<p>Adicionalmente, los interesados, podr\u00e1n conocer servicios como el Portal del Empleo, https:\/\/www.empleo.gob.mx\/PortalDigital, una soluci\u00f3n digital para los empleadores donde podr\u00e1n registrarse para postular vacantes de forma gratuita, mientras que para los buscadores desde su aplicaci\u00f3n podr\u00e1n visualizar opciones laborales de todo el pa\u00eds.<\/p>\n\n\n\n<p>La STPSH invita a las empresas a hacer uso del Sistema de Muestras de Trabajo Componentes Valpar, el cual eval\u00faa las habilidades de las personas, a fin de facilitar su inclusi\u00f3n laboral.<\/p>\n","protected":false},"excerpt":{"rendered":"<p>Pr\u00f3ximo 25 de octubre en las inmediaciones del jard\u00edn central de Tepeji del R\u00edo. Empresas que participar\u00e1n ofertar\u00e1n perfiles desde operativos, hasta directivos. Por Redacci\u00f3n\/Zunoticia Pachuca de Soto, Hgo.- Para lograr bienestar de las familias hidalguenses y que puedan salir adelante es necesario generar oportunidades de empleo formal que involucren tambi\u00e9n a sectores de la&hellip; <a class=\"more-link\" href=\"https:\/\/www.zunoticia.com\/noticias-de-hidalgo\/2022\/10\/20\/todo-listo-para-feria-de-empleo-dirigida-a-grupos-vulnerables\/\">Seguir leyendo <span class=\"screen-reader-text\">Todo listo para Feria de Empleo dirigida a grupos vulnerables<\/span><\/a><\/p>\n","protected":false},"author":13,"featured_media":450553,"comment_status":"closed","ping_status":"open","sticky":false,"template":"","format":"standard","meta":{"rop_custom_images_group":[],"rop_custom_messages_group":[],"rop_publish_now":"initial","rop_publish_now_accounts":{"facebook_10159540855086992_322828327761733":""},"rop_publish_now_history":[],"rop_publish_now_status":"pending","footnotes":""},"categories":[208],"tags":[214],"class_list":["post-450552","post","type-post","status-publish","format-standard","has-post-thumbnail","hentry","category-estado","tag-estado","entry"],"_links":{"self":[{"href":"https:\/\/www.zunoticia.com\/noticias-de-hidalgo\/wp-json\/wp\/v2\/posts\/450552","targetHints":{"allow":["GET"]}}],"collection":[{"href":"https:\/\/www.zunoticia.com\/noticias-de-hidalgo\/wp-json\/wp\/v2\/posts"}],"about":[{"href":"https:\/\/www.zunoticia.com\/noticias-de-hidalgo\/wp-json\/wp\/v2\/types\/post"}],"author":[{"embeddable":true,"href":"https:\/\/www.zunoticia.com\/noticias-de-hidalgo\/wp-json\/wp\/v2\/users\/13"}],"replies":[{"embeddable":true,"href":"https:\/\/www.zunoticia.com\/noticias-de-hidalgo\/wp-json\/wp\/v2\/comments?post=450552"}],"version-history":[{"count":1,"href":"https:\/\/www.zunoticia.com\/noticias-de-hidalgo\/wp-json\/wp\/v2\/posts\/450552\/revisions"}],"predecessor-version":[{"id":450557,"href":"https:\/\/www.zunoticia.com\/noticias-de-hidalgo\/wp-json\/wp\/v2\/posts\/450552\/revisions\/450557"}],"wp:featuredmedia":[{"embeddable":true,"href":"https:\/\/www.zunoticia.com\/noticias-de-hidalgo\/wp-json\/wp\/v2\/media\/450553"}],"wp:attachment":[{"href":"https:\/\/www.zunoticia.com\/noticias-de-hidalgo\/wp-json\/wp\/v2\/media?parent=450552"}],"wp:term":[{"taxonomy":"category","embeddable":true,"href":"https:\/\/www.zunoticia.com\/noticias-de-hidalgo\/wp-json\/wp\/v2\/categories?post=450552"},{"taxonomy":"post_tag","embeddable":true,"href":"https:\/\/www.zunoticia.com\/noticias-de-hidalgo\/wp-json\/wp\/v2\/tags?post=450552"}],"curies":[{"name":"wp","href":"https:\/\/api.w.org\/{rel}","templated":true}]}}