{"id":450571,"date":"2022-10-20T20:07:51","date_gmt":"2022-10-21T01:07:51","guid":{"rendered":"https:\/\/www.zunoticia.com\/noticias-de-hidalgo\/?p=450571"},"modified":"2022-10-20T20:07:52","modified_gmt":"2022-10-21T01:07:52","slug":"conductores-piden-bacheo-de-calle-rio-de-las-avenidas","status":"publish","type":"post","link":"https:\/\/www.zunoticia.com\/noticias-de-hidalgo\/2022\/10\/20\/conductores-piden-bacheo-de-calle-rio-de-las-avenidas\/","title":{"rendered":"Conductores piden bacheo de calle R\u00edo de las Avenidas"},"content":{"rendered":"<aside class=\"mashsb-container mashsb-main mashsb-stretched\"><div class=\"mashsb-box\"><div class=\"mashsb-count mash-large\" style=\"float:left\"><div class=\"counts mashsbcount\">25<\/div><span class=\"mashsb-sharetext\">SHARES<\/span><\/div><div class=\"mashsb-buttons\"><a class=\"mashicon-facebook mash-large mash-center mashsb-noshadow\" href=\"https:\/\/www.facebook.com\/sharer.php?u=https%3A%2F%2Fwww.zunoticia.com%2Fnoticias-de-hidalgo%2F2022%2F10%2F20%2Fconductores-piden-bacheo-de-calle-rio-de-las-avenidas%2F\" target=\"_top\" rel=\"nofollow\"><span class=\"icon\"><\/span><span class=\"text\">Share<\/span><\/a><a class=\"mashicon-twitter mash-large mash-center mashsb-noshadow\" href=\"https:\/\/twitter.com\/intent\/tweet?text=&amp;url=https:\/\/www.zunoticia.com\/noticias-de-hidalgo\/2022\/10\/20\/conductores-piden-bacheo-de-calle-rio-de-las-avenidas\/\" target=\"_top\" rel=\"nofollow\"><span class=\"icon\"><\/span><span class=\"text\">Tweet<\/span><\/a><div class=\"onoffswitch2 mash-large mashsb-noshadow\" style=\"display:none\"><\/div><\/div>\n            <\/div>\n                <div style=\"clear:both\"><\/div><div class=\"mashsb-toggle-container\"><\/div><\/aside>\n            <!-- Share buttons by mashshare.net - Version: 4.0.47-->\n<p><em>Por \u00c1ngel Silverio\/Zunoticia<\/em><\/p>\n\n\n\n<p><strong>Jaltoc\u00e1n, Hgo.-<\/strong>&nbsp; Conductores y transportistas que a diario circulan por la calle R\u00edo de las Avenidas, nuevamente externaron su queja y pidieron al gobierno de Iv\u00e1n Lara Tovar, as\u00ed como a los regidores a que aprueben el bacheo de dicha calle, pues esta se encuentra cada vez m\u00e1s destrozada, y con las lluvias los baches se hacen m\u00e1s grandes, generando graves da\u00f1os a sus veh\u00edculos.<\/p>\n\n\n\n<p>Uno de los vecinos y conductores y quien a diario circula por la mencionada calle, indic\u00f3 que con las recientes lluvias se pudo observar c\u00f3mo se van haciendo m\u00e1s grandes los baches, los cuales son ya enormes, y adem\u00e1s de generar da\u00f1os a los veh\u00edculos, han causado accidentes, por lo que es muy necesario y urgente que se tapen los hoyos o de lo contrario se comenzar\u00e1n a organizar para ejercer presi\u00f3n ante la pr\u00f3xima visita del gobernador.<\/p>\n\n\n\n<p>\u201cNo estamos haciendo esto por molestar, sino porque realmente es muy necesario, los baches son cada vez grandes, te puedes dar cuenta ahorita con las lluvias como se va partiendo el concreto, no vemos que hagan algo, ya lo han pedido otros y no se hace nada, con la quincena de un regidor o con el sueldo del presidente pueden comprar unos costales de cemento y grava y taparlos, pero como ellos traen camionetas grandes y no transitan por ah\u00ed por eso les vale\u201d indic\u00f3 Juan Mart\u00ednez.<\/p>\n\n\n\n<p>Cabe hacer menci\u00f3n que, en todo el trayecto de la calle arriba mencionada, se encuentra en efecto, con grandes baches y que ha provocado da\u00f1os a los carros peque\u00f1os y debido a la falta de iluminaci\u00f3n en esta arteria personas han ca\u00eddo en estos baches y se han lesionado, por lo que urgen a que atiendan esta queja.<\/p>\n","protected":false},"excerpt":{"rendered":"<p>Por \u00c1ngel Silverio\/Zunoticia Jaltoc\u00e1n, Hgo.-&nbsp; Conductores y transportistas que a diario circulan por la calle R\u00edo de las Avenidas, nuevamente externaron su queja y pidieron al gobierno de Iv\u00e1n Lara Tovar, as\u00ed como a los regidores a que aprueben el bacheo de dicha calle, pues esta se encuentra cada vez m\u00e1s destrozada, y con las&hellip; <a class=\"more-link\" href=\"https:\/\/www.zunoticia.com\/noticias-de-hidalgo\/2022\/10\/20\/conductores-piden-bacheo-de-calle-rio-de-las-avenidas\/\">Seguir leyendo <span class=\"screen-reader-text\">Conductores piden bacheo de calle R\u00edo de las Avenidas<\/span><\/a><\/p>\n","protected":false},"author":12,"featured_media":450575,"comment_status":"closed","ping_status":"open","sticky":false,"template":"","format":"standard","meta":{"rop_custom_images_group":[],"rop_custom_messages_group":[],"rop_publish_now":"initial","rop_publish_now_accounts":{"facebook_10159540855086992_322828327761733":""},"rop_publish_now_history":[],"rop_publish_now_status":"pending","footnotes":""},"categories":[179,200],"tags":[131],"class_list":["post-450571","post","type-post","status-publish","format-standard","has-post-thumbnail","hentry","category-huasteca","category-jaltocan","tag-jaltocan","entry"],"_links":{"self":[{"href":"https:\/\/www.zunoticia.com\/noticias-de-hidalgo\/wp-json\/wp\/v2\/posts\/450571","targetHints":{"allow":["GET"]}}],"collection":[{"href":"https:\/\/www.zunoticia.com\/noticias-de-hidalgo\/wp-json\/wp\/v2\/posts"}],"about":[{"href":"https:\/\/www.zunoticia.com\/noticias-de-hidalgo\/wp-json\/wp\/v2\/types\/post"}],"author":[{"embeddable":true,"href":"https:\/\/www.zunoticia.com\/noticias-de-hidalgo\/wp-json\/wp\/v2\/users\/12"}],"replies":[{"embeddable":true,"href":"https:\/\/www.zunoticia.com\/noticias-de-hidalgo\/wp-json\/wp\/v2\/comments?post=450571"}],"version-history":[{"count":1,"href":"https:\/\/www.zunoticia.com\/noticias-de-hidalgo\/wp-json\/wp\/v2\/posts\/450571\/revisions"}],"predecessor-version":[{"id":450581,"href":"https:\/\/www.zunoticia.com\/noticias-de-hidalgo\/wp-json\/wp\/v2\/posts\/450571\/revisions\/450581"}],"wp:featuredmedia":[{"embeddable":true,"href":"https:\/\/www.zunoticia.com\/noticias-de-hidalgo\/wp-json\/wp\/v2\/media\/450575"}],"wp:attachment":[{"href":"https:\/\/www.zunoticia.com\/noticias-de-hidalgo\/wp-json\/wp\/v2\/media?parent=450571"}],"wp:term":[{"taxonomy":"category","embeddable":true,"href":"https:\/\/www.zunoticia.com\/noticias-de-hidalgo\/wp-json\/wp\/v2\/categories?post=450571"},{"taxonomy":"post_tag","embeddable":true,"href":"https:\/\/www.zunoticia.com\/noticias-de-hidalgo\/wp-json\/wp\/v2\/tags?post=450571"}],"curies":[{"name":"wp","href":"https:\/\/api.w.org\/{rel}","templated":true}]}}