{"id":450607,"date":"2022-10-20T21:07:05","date_gmt":"2022-10-21T02:07:05","guid":{"rendered":"https:\/\/www.zunoticia.com\/noticias-de-hidalgo\/?p=450607"},"modified":"2022-10-20T21:07:07","modified_gmt":"2022-10-21T02:07:07","slug":"coche-se-salio-de-la-cinta-asfaltica","status":"publish","type":"post","link":"https:\/\/www.zunoticia.com\/noticias-de-hidalgo\/2022\/10\/20\/coche-se-salio-de-la-cinta-asfaltica\/","title":{"rendered":"Coche se sali\u00f3 de la cinta asf\u00e1ltica"},"content":{"rendered":"<aside class=\"mashsb-container mashsb-main mashsb-stretched\"><div class=\"mashsb-box\"><div class=\"mashsb-count mash-large\" style=\"float:left\"><div class=\"counts mashsbcount\">18<\/div><span class=\"mashsb-sharetext\">SHARES<\/span><\/div><div class=\"mashsb-buttons\"><a class=\"mashicon-facebook mash-large mash-center mashsb-noshadow\" href=\"https:\/\/www.facebook.com\/sharer.php?u=https%3A%2F%2Fwww.zunoticia.com%2Fnoticias-de-hidalgo%2F2022%2F10%2F20%2Fcoche-se-salio-de-la-cinta-asfaltica%2F\" target=\"_top\" rel=\"nofollow\"><span class=\"icon\"><\/span><span class=\"text\">Share<\/span><\/a><a class=\"mashicon-twitter mash-large mash-center mashsb-noshadow\" href=\"https:\/\/twitter.com\/intent\/tweet?text=&amp;url=https:\/\/www.zunoticia.com\/noticias-de-hidalgo\/2022\/10\/20\/coche-se-salio-de-la-cinta-asfaltica\/\" target=\"_top\" rel=\"nofollow\"><span class=\"icon\"><\/span><span class=\"text\">Tweet<\/span><\/a><div class=\"onoffswitch2 mash-large mashsb-noshadow\" style=\"display:none\"><\/div><\/div>\n            <\/div>\n                <div style=\"clear:both\"><\/div><div class=\"mashsb-toggle-container\"><\/div><\/aside>\n            <!-- Share buttons by mashshare.net - Version: 4.0.47-->\n<p><em>Por Redacci\u00f3n\/Zunoticia<\/em><\/p>\n\n\n\n<p><strong>Plat\u00f3n S\u00e1nchez, Ver.-<\/strong> Autom\u00f3vil que circulaba en la v\u00eda federal M\u00e9xico &#8211; Tampico, sufri\u00f3 un accidente y termin\u00f3 afuera de la r\u00faa.<\/p>\n\n\n\n<p>En el percance no hubo personas lesionadas, solo da\u00f1os materiales, confirmaron fuentes polic\u00edacas.<\/p>\n\n\n\n<p>El incidente de tr\u00e1nsito terrestre sucedi\u00f3 este jueves en el tramo carretero Chalma &#8211; Plat\u00f3n S\u00e1nchez, donde un veh\u00edculo de modelo reciente, de color blanco, al circular por dicha v\u00eda de comunicaci\u00f3n se sali\u00f3 de la cinta asf\u00e1ltica.<\/p>\n\n\n\n<p>Al sitio acudieron elementos de la Polic\u00eda Municipal y Protecci\u00f3n Civil quienes atendieron a los tripulantes del coche quienes presentaron crisis nerviosa, pero afortunadamente no fue necesario su traslado a un hospital y tras la intervenci\u00f3n de las autoridades el coche&nbsp;fue&nbsp;rescatado.<\/p>\n","protected":false},"excerpt":{"rendered":"<p>Por Redacci\u00f3n\/Zunoticia Plat\u00f3n S\u00e1nchez, Ver.- Autom\u00f3vil que circulaba en la v\u00eda federal M\u00e9xico &#8211; Tampico, sufri\u00f3 un accidente y termin\u00f3 afuera de la r\u00faa. En el percance no hubo personas lesionadas, solo da\u00f1os materiales, confirmaron fuentes polic\u00edacas. El incidente de tr\u00e1nsito terrestre sucedi\u00f3 este jueves en el tramo carretero Chalma &#8211; Plat\u00f3n S\u00e1nchez, donde un&hellip; <a class=\"more-link\" href=\"https:\/\/www.zunoticia.com\/noticias-de-hidalgo\/2022\/10\/20\/coche-se-salio-de-la-cinta-asfaltica\/\">Seguir leyendo <span class=\"screen-reader-text\">Coche se sali\u00f3 de la cinta asf\u00e1ltica<\/span><\/a><\/p>\n","protected":false},"author":12,"featured_media":450608,"comment_status":"closed","ping_status":"open","sticky":false,"template":"","format":"standard","meta":{"rop_custom_images_group":[],"rop_custom_messages_group":[],"rop_publish_now":"initial","rop_publish_now_accounts":{"facebook_10159540855086992_322828327761733":""},"rop_publish_now_history":[],"rop_publish_now_status":"pending","footnotes":""},"categories":[178],"tags":[259],"class_list":["post-450607","post","type-post","status-publish","format-standard","has-post-thumbnail","hentry","category-policiaca","tag-policiaca","entry"],"_links":{"self":[{"href":"https:\/\/www.zunoticia.com\/noticias-de-hidalgo\/wp-json\/wp\/v2\/posts\/450607","targetHints":{"allow":["GET"]}}],"collection":[{"href":"https:\/\/www.zunoticia.com\/noticias-de-hidalgo\/wp-json\/wp\/v2\/posts"}],"about":[{"href":"https:\/\/www.zunoticia.com\/noticias-de-hidalgo\/wp-json\/wp\/v2\/types\/post"}],"author":[{"embeddable":true,"href":"https:\/\/www.zunoticia.com\/noticias-de-hidalgo\/wp-json\/wp\/v2\/users\/12"}],"replies":[{"embeddable":true,"href":"https:\/\/www.zunoticia.com\/noticias-de-hidalgo\/wp-json\/wp\/v2\/comments?post=450607"}],"version-history":[{"count":1,"href":"https:\/\/www.zunoticia.com\/noticias-de-hidalgo\/wp-json\/wp\/v2\/posts\/450607\/revisions"}],"predecessor-version":[{"id":450609,"href":"https:\/\/www.zunoticia.com\/noticias-de-hidalgo\/wp-json\/wp\/v2\/posts\/450607\/revisions\/450609"}],"wp:featuredmedia":[{"embeddable":true,"href":"https:\/\/www.zunoticia.com\/noticias-de-hidalgo\/wp-json\/wp\/v2\/media\/450608"}],"wp:attachment":[{"href":"https:\/\/www.zunoticia.com\/noticias-de-hidalgo\/wp-json\/wp\/v2\/media?parent=450607"}],"wp:term":[{"taxonomy":"category","embeddable":true,"href":"https:\/\/www.zunoticia.com\/noticias-de-hidalgo\/wp-json\/wp\/v2\/categories?post=450607"},{"taxonomy":"post_tag","embeddable":true,"href":"https:\/\/www.zunoticia.com\/noticias-de-hidalgo\/wp-json\/wp\/v2\/tags?post=450607"}],"curies":[{"name":"wp","href":"https:\/\/api.w.org\/{rel}","templated":true}]}}