{"id":451461,"date":"2022-10-26T14:24:35","date_gmt":"2022-10-26T19:24:35","guid":{"rendered":"https:\/\/www.zunoticia.com\/noticias-de-hidalgo\/?p=451461"},"modified":"2022-10-26T15:01:29","modified_gmt":"2022-10-26T20:01:29","slug":"cumplimentan-orden-de-aprehension-por-el-delito-de-ataques-a-las-vias-generales-de-comunicacion","status":"publish","type":"post","link":"https:\/\/www.zunoticia.com\/noticias-de-hidalgo\/2022\/10\/26\/cumplimentan-orden-de-aprehension-por-el-delito-de-ataques-a-las-vias-generales-de-comunicacion\/","title":{"rendered":"Ejecutan orden de aprehensi\u00f3n por delitos de ataques a las v\u00edas de comunicaci\u00f3n"},"content":{"rendered":"<aside class=\"mashsb-container mashsb-main mashsb-stretched\"><div class=\"mashsb-box\"><div class=\"mashsb-count mash-large\" style=\"float:left\"><div class=\"counts mashsbcount\">10<\/div><span class=\"mashsb-sharetext\">SHARES<\/span><\/div><div class=\"mashsb-buttons\"><a class=\"mashicon-facebook mash-large mash-center mashsb-noshadow\" href=\"https:\/\/www.facebook.com\/sharer.php?u=https%3A%2F%2Fwww.zunoticia.com%2Fnoticias-de-hidalgo%2F2022%2F10%2F26%2Fcumplimentan-orden-de-aprehension-por-el-delito-de-ataques-a-las-vias-generales-de-comunicacion%2F\" target=\"_top\" rel=\"nofollow\"><span class=\"icon\"><\/span><span class=\"text\">Share<\/span><\/a><a class=\"mashicon-twitter mash-large mash-center mashsb-noshadow\" href=\"https:\/\/twitter.com\/intent\/tweet?text=&amp;url=https:\/\/www.zunoticia.com\/noticias-de-hidalgo\/2022\/10\/26\/cumplimentan-orden-de-aprehension-por-el-delito-de-ataques-a-las-vias-generales-de-comunicacion\/\" target=\"_top\" rel=\"nofollow\"><span class=\"icon\"><\/span><span class=\"text\">Tweet<\/span><\/a><div class=\"onoffswitch2 mash-large mashsb-noshadow\" style=\"display:none\"><\/div><\/div>\n            <\/div>\n                <div style=\"clear:both\"><\/div><div class=\"mashsb-toggle-container\"><\/div><\/aside>\n            <!-- Share buttons by mashshare.net - Version: 4.0.47-->\n<p><em>Por Redacci\u00f3n\/Zunoticia<\/em><\/p>\n\n\n\n<p><strong>Pachuca de Soto, Hgo.-<\/strong> La Fiscal\u00eda General de la Rep\u00fablica (FGR) en Hidalgo, a trav\u00e9s de la Polic\u00eda Federal Ministerial (PFM), cumpliment\u00f3 una orden de aprehensi\u00f3n en contra de una persona por su probable responsabilidad en la comisi\u00f3n del delito de Ataques a las V\u00edas Generales de Comunicaci\u00f3n.<\/p>\n\n\n\n<p>El 10 diciembre del 2021, Edgar \u201cN\u201d fue puesto a disposici\u00f3n del Ministerio P\u00fablico Federal (MPF), por parte de elementos de la Polic\u00eda Municipal, quienes lo detuvieron en la colonia Estaci\u00f3n, en el municipio de Actopan, por el robo de cable propiedad de la compa\u00f1\u00eda TELMEX, ya que le aseguraron 190 metros de cable diseccionado en cinco tramos de diferentes medidas cada uno, correspondientes a l\u00edneas telef\u00f3nicas y una cizalla<\/p>\n\n\n\n<p>Posteriormente, gracias al trabajo de investigaci\u00f3n del agente del MPF, la Jueza de Distrito Especializada en Sistema Penal Acusatorio del Centro de Justicia Penal Federal, emiti\u00f3 la orden de aprehensi\u00f3n en contra de Edgar \u201cN\u201d.<\/p>\n\n\n\n<p>Derivado de esto, elementos de la PFM de la Agencia de Investigaci\u00f3n Criminal (AIC), efectuaron trabajos de inteligencia e investigaci\u00f3n, y cumplimentaron la orden de aprehensi\u00f3n en la localidad Dajiedhi, en el Municipio de Actopan, del estado de Hidalgo. Al imputado lo trasladaron al Centro de Readaptaci\u00f3n Social de Pachuca, donde qued\u00f3 a disposici\u00f3n de la Jueza que lo requiri\u00f3.<\/p>\n\n\n\n<p>Posteriormente, el Fiscal Federal de la FGR, obtuvo una sentencia condenatoria en contra de Edgar \u201cN\u201d, por el delito en menci\u00f3n, la cual se ejecut\u00f3 de inmediato.<\/p>\n","protected":false},"excerpt":{"rendered":"<p>Por Redacci\u00f3n\/Zunoticia Pachuca de Soto, Hgo.- La Fiscal\u00eda General de la Rep\u00fablica (FGR) en Hidalgo, a trav\u00e9s de la Polic\u00eda Federal Ministerial (PFM), cumpliment\u00f3 una orden de aprehensi\u00f3n en contra de una persona por su probable responsabilidad en la comisi\u00f3n del delito de Ataques a las V\u00edas Generales de Comunicaci\u00f3n. El 10 diciembre del 2021,&hellip; <a class=\"more-link\" href=\"https:\/\/www.zunoticia.com\/noticias-de-hidalgo\/2022\/10\/26\/cumplimentan-orden-de-aprehension-por-el-delito-de-ataques-a-las-vias-generales-de-comunicacion\/\">Seguir leyendo <span class=\"screen-reader-text\">Ejecutan orden de aprehensi\u00f3n por delitos de ataques a las v\u00edas de comunicaci\u00f3n<\/span><\/a><\/p>\n","protected":false},"author":13,"featured_media":451462,"comment_status":"closed","ping_status":"open","sticky":false,"template":"","format":"standard","meta":{"rop_custom_images_group":[],"rop_custom_messages_group":[],"rop_publish_now":"initial","rop_publish_now_accounts":{"facebook_10159540855086992_322828327761733":""},"rop_publish_now_history":[],"rop_publish_now_status":"pending","footnotes":""},"categories":[178],"tags":[214,259],"class_list":["post-451461","post","type-post","status-publish","format-standard","has-post-thumbnail","hentry","category-policiaca","tag-estado","tag-policiaca","entry"],"_links":{"self":[{"href":"https:\/\/www.zunoticia.com\/noticias-de-hidalgo\/wp-json\/wp\/v2\/posts\/451461","targetHints":{"allow":["GET"]}}],"collection":[{"href":"https:\/\/www.zunoticia.com\/noticias-de-hidalgo\/wp-json\/wp\/v2\/posts"}],"about":[{"href":"https:\/\/www.zunoticia.com\/noticias-de-hidalgo\/wp-json\/wp\/v2\/types\/post"}],"author":[{"embeddable":true,"href":"https:\/\/www.zunoticia.com\/noticias-de-hidalgo\/wp-json\/wp\/v2\/users\/13"}],"replies":[{"embeddable":true,"href":"https:\/\/www.zunoticia.com\/noticias-de-hidalgo\/wp-json\/wp\/v2\/comments?post=451461"}],"version-history":[{"count":2,"href":"https:\/\/www.zunoticia.com\/noticias-de-hidalgo\/wp-json\/wp\/v2\/posts\/451461\/revisions"}],"predecessor-version":[{"id":451464,"href":"https:\/\/www.zunoticia.com\/noticias-de-hidalgo\/wp-json\/wp\/v2\/posts\/451461\/revisions\/451464"}],"wp:featuredmedia":[{"embeddable":true,"href":"https:\/\/www.zunoticia.com\/noticias-de-hidalgo\/wp-json\/wp\/v2\/media\/451462"}],"wp:attachment":[{"href":"https:\/\/www.zunoticia.com\/noticias-de-hidalgo\/wp-json\/wp\/v2\/media?parent=451461"}],"wp:term":[{"taxonomy":"category","embeddable":true,"href":"https:\/\/www.zunoticia.com\/noticias-de-hidalgo\/wp-json\/wp\/v2\/categories?post=451461"},{"taxonomy":"post_tag","embeddable":true,"href":"https:\/\/www.zunoticia.com\/noticias-de-hidalgo\/wp-json\/wp\/v2\/tags?post=451461"}],"curies":[{"name":"wp","href":"https:\/\/api.w.org\/{rel}","templated":true}]}}