{"id":451467,"date":"2022-10-26T15:29:25","date_gmt":"2022-10-26T20:29:25","guid":{"rendered":"https:\/\/www.zunoticia.com\/noticias-de-hidalgo\/?p=451467"},"modified":"2022-10-26T15:29:27","modified_gmt":"2022-10-26T20:29:27","slug":"exige-fdomez-integracion-de-la-comision-especial-de-busqueda-de-dos-revolucionarios","status":"publish","type":"post","link":"https:\/\/www.zunoticia.com\/noticias-de-hidalgo\/2022\/10\/26\/exige-fdomez-integracion-de-la-comision-especial-de-busqueda-de-dos-revolucionarios\/","title":{"rendered":"Exige FDOMEZ integraci\u00f3n de la Comisi\u00f3n Especial de B\u00fasqueda de dos revolucionarios"},"content":{"rendered":"<aside class=\"mashsb-container mashsb-main mashsb-stretched\"><div class=\"mashsb-box\"><div class=\"mashsb-count mash-large\" style=\"float:left\"><div class=\"counts mashsbcount\">23<\/div><span class=\"mashsb-sharetext\">SHARES<\/span><\/div><div class=\"mashsb-buttons\"><a class=\"mashicon-facebook mash-large mash-center mashsb-noshadow\" href=\"https:\/\/www.facebook.com\/sharer.php?u=https%3A%2F%2Fwww.zunoticia.com%2Fnoticias-de-hidalgo%2F2022%2F10%2F26%2Fexige-fdomez-integracion-de-la-comision-especial-de-busqueda-de-dos-revolucionarios%2F\" target=\"_top\" rel=\"nofollow\"><span class=\"icon\"><\/span><span class=\"text\">Share<\/span><\/a><a class=\"mashicon-twitter mash-large mash-center mashsb-noshadow\" href=\"https:\/\/twitter.com\/intent\/tweet?text=&amp;url=https:\/\/www.zunoticia.com\/noticias-de-hidalgo\/2022\/10\/26\/exige-fdomez-integracion-de-la-comision-especial-de-busqueda-de-dos-revolucionarios\/\" target=\"_top\" rel=\"nofollow\"><span class=\"icon\"><\/span><span class=\"text\">Tweet<\/span><\/a><div class=\"onoffswitch2 mash-large mashsb-noshadow\" style=\"display:none\"><\/div><\/div>\n            <\/div>\n                <div style=\"clear:both\"><\/div><div class=\"mashsb-toggle-container\"><\/div><\/aside>\n            <!-- Share buttons by mashshare.net - Version: 4.0.47-->\n<p><em>Por Enedino Hern\u00e1ndez\/Zunoticia<\/em><\/p>\n\n\n\n<p><strong>Huejutla, Hgo. &#8211;<\/strong> Integrantes del Frente Democr\u00e1tico Oriental de M\u00e9xico &#8216;Emiliano Zapata&#8217; (FDOMEZ) exigieron p\u00fablicamente a las dependencias correspondientes la integraci\u00f3n de la Comisi\u00f3n Especial de B\u00fasqueda por el caso de los dos revolucionarios Gabriel Alberto Cruz S\u00e1nchez y Edmundo Reyes Amaya.<\/p>\n\n\n\n<p>De manera simult\u00e1nea tal y como se hizo en diversos estados en donde el grupo que es filial del Frente Nacional de Lucha por el Socialismo (FNLS) mantiene presencia con otras organizaciones independientes; en esta ciudad de Huejutla de Reyes, la ma\u00f1ana de este mi\u00e9rcoles, miembros del FDOMEZ emitieron un comunicado a los representantes de los diversos medios de comunicaci\u00f3n.<\/p>\n\n\n\n<p>En el documento, difundido por Matias Flores; detallan que la reuni\u00f3n interinstitucional debe arrojar las rutas de trabajo para la b\u00fasqueda de los dos revolucionarios, que, a su vez, garantice su presentaci\u00f3n con vida y no simulaci\u00f3n.<\/p>\n\n\n\n<figure class=\"wp-block-image size-large\"><img fetchpriority=\"high\" decoding=\"async\" width=\"1024\" height=\"576\" src=\"https:\/\/www.zunoticia.com\/noticias-de-hidalgo\/wp-content\/uploads\/2022\/10\/WhatsApp-Image-2022-10-26-at-3.14.20-PM-1-1024x576.jpeg\" alt=\"\" class=\"wp-image-451469\" srcset=\"https:\/\/www.zunoticia.com\/noticias-de-hidalgo\/wp-content\/uploads\/2022\/10\/WhatsApp-Image-2022-10-26-at-3.14.20-PM-1-1024x576.jpeg 1024w, https:\/\/www.zunoticia.com\/noticias-de-hidalgo\/wp-content\/uploads\/2022\/10\/WhatsApp-Image-2022-10-26-at-3.14.20-PM-1-300x169.jpeg 300w, https:\/\/www.zunoticia.com\/noticias-de-hidalgo\/wp-content\/uploads\/2022\/10\/WhatsApp-Image-2022-10-26-at-3.14.20-PM-1-768x432.jpeg 768w, https:\/\/www.zunoticia.com\/noticias-de-hidalgo\/wp-content\/uploads\/2022\/10\/WhatsApp-Image-2022-10-26-at-3.14.20-PM-1.jpeg 1280w\" sizes=\"(max-width: 1024px) 100vw, 1024px\" \/><figcaption><em>Exige FDOMEZ integraci\u00f3n de la Comisi\u00f3n Especial de B\u00fasqueda de dos revolucionarios.<\/em><\/figcaption><\/figure>\n\n\n\n<p>El&nbsp; 26 de octubre de 2022, se realizar\u00e1 la primera reuni\u00f3n interinstitucional por el caso de los dos revolucionarios Gabriel Alberto Cruz S\u00e1nchez y Edmundo Reyes Amaya, en las instalaciones de la Fiscal\u00eda General de la Republica en la Ciudad de M\u00e9xico. Ante tan trascendental evento las comunidades de la regi\u00f3n Huasteca, organizadas en el Frente Nacional de Lucha por el Socialismo \u2013FNLS-, exigimos que se cumpla lo establecido por la Suprema Corte de Justicia de la Naci\u00f3n \u2013SCJN- y no sea simulaci\u00f3n.<\/p>\n\n\n\n<p>Exponen que en ella necesariamente deben estar los representantes de las instituciones quienes conformar\u00e1n la Comisi\u00f3n Especial de B\u00fasqueda como, la Fiscal\u00eda General de la rep\u00fablica (FGR), la Comisi\u00f3n Nacional de B\u00fasqueda (CNB), la Secretar\u00eda de Gobernaci\u00f3n (SEGOB), la Secretar\u00eda de la Defensa Nacional (SEDENA), as\u00ed como los familiares de Edmundo y Gabriel, la defensa jur\u00eddica, un organismo internacional y las organizaciones que hemos abrazado esta demanda desde hace quince a\u00f1os, el FNLS, Comit\u00e9 Cerezo M\u00e9xico, OLEP, MULT, entre otras.<\/p>\n\n\n\n<p>Esta reuni\u00f3n se da a ra\u00edz de la lucha del pueblo y sus organizaciones que, de forma permanente, exigen el cumplimiento cabal de la resoluci\u00f3n emitida por la SCJN el pasado 10 de agosto del presente a\u00f1o, es decir, despu\u00e9s de 76 d\u00edas de haberse aprobado y a 87 d\u00edas de la instalaci\u00f3n de nuestro plant\u00f3n frente a esa m\u00e1xima casa de procuraci\u00f3n de justicia en el pa\u00eds.<\/p>\n\n\n\n<p>Por ello, exigimos que cada instituci\u00f3n gubernamental asigne una comisi\u00f3n con capacidad para aportar en la elaboraci\u00f3n del plan de b\u00fasqueda, el cual debe contemplar la presunci\u00f3n de vida de los revolucionarios, adem\u00e1s, atender a cada uno de los mandatos de dicha resoluci\u00f3n. \u00a0<\/p>\n\n\n\n<p>A\u00f1aden que la justica debe ser real y no simulaci\u00f3n, por lo tanto, ninguna instituci\u00f3n responsable en esclarecer el caso de la desaparici\u00f3n forzada de los revolucionarios debe negarse a cumplir el mandato de la SCJN. Negarse confirmar\u00e1 la existencia de una pol\u00edtica gubernamental, del sexenio actual, de cobijar con el manto de la impunidad a los perpetradores de tan abominable crimen.<\/p>\n","protected":false},"excerpt":{"rendered":"<p>Por Enedino Hern\u00e1ndez\/Zunoticia Huejutla, Hgo. &#8211; Integrantes del Frente Democr\u00e1tico Oriental de M\u00e9xico &#8216;Emiliano Zapata&#8217; (FDOMEZ) exigieron p\u00fablicamente a las dependencias correspondientes la integraci\u00f3n de la Comisi\u00f3n Especial de B\u00fasqueda por el caso de los dos revolucionarios Gabriel Alberto Cruz S\u00e1nchez y Edmundo Reyes Amaya. De manera simult\u00e1nea tal y como se hizo en diversos&hellip; <a class=\"more-link\" href=\"https:\/\/www.zunoticia.com\/noticias-de-hidalgo\/2022\/10\/26\/exige-fdomez-integracion-de-la-comision-especial-de-busqueda-de-dos-revolucionarios\/\">Seguir leyendo <span class=\"screen-reader-text\">Exige FDOMEZ integraci\u00f3n de la Comisi\u00f3n Especial de B\u00fasqueda de dos revolucionarios<\/span><\/a><\/p>\n","protected":false},"author":12,"featured_media":451468,"comment_status":"closed","ping_status":"open","sticky":false,"template":"","format":"standard","meta":{"rop_custom_images_group":[],"rop_custom_messages_group":[],"rop_publish_now":"initial","rop_publish_now_accounts":{"facebook_10159540855086992_322828327761733":""},"rop_publish_now_history":[],"rop_publish_now_status":"pending","footnotes":""},"categories":[181],"tags":[121],"class_list":["post-451467","post","type-post","status-publish","format-standard","has-post-thumbnail","hentry","category-huejutla","tag-huejutla","entry"],"_links":{"self":[{"href":"https:\/\/www.zunoticia.com\/noticias-de-hidalgo\/wp-json\/wp\/v2\/posts\/451467","targetHints":{"allow":["GET"]}}],"collection":[{"href":"https:\/\/www.zunoticia.com\/noticias-de-hidalgo\/wp-json\/wp\/v2\/posts"}],"about":[{"href":"https:\/\/www.zunoticia.com\/noticias-de-hidalgo\/wp-json\/wp\/v2\/types\/post"}],"author":[{"embeddable":true,"href":"https:\/\/www.zunoticia.com\/noticias-de-hidalgo\/wp-json\/wp\/v2\/users\/12"}],"replies":[{"embeddable":true,"href":"https:\/\/www.zunoticia.com\/noticias-de-hidalgo\/wp-json\/wp\/v2\/comments?post=451467"}],"version-history":[{"count":1,"href":"https:\/\/www.zunoticia.com\/noticias-de-hidalgo\/wp-json\/wp\/v2\/posts\/451467\/revisions"}],"predecessor-version":[{"id":451470,"href":"https:\/\/www.zunoticia.com\/noticias-de-hidalgo\/wp-json\/wp\/v2\/posts\/451467\/revisions\/451470"}],"wp:featuredmedia":[{"embeddable":true,"href":"https:\/\/www.zunoticia.com\/noticias-de-hidalgo\/wp-json\/wp\/v2\/media\/451468"}],"wp:attachment":[{"href":"https:\/\/www.zunoticia.com\/noticias-de-hidalgo\/wp-json\/wp\/v2\/media?parent=451467"}],"wp:term":[{"taxonomy":"category","embeddable":true,"href":"https:\/\/www.zunoticia.com\/noticias-de-hidalgo\/wp-json\/wp\/v2\/categories?post=451467"},{"taxonomy":"post_tag","embeddable":true,"href":"https:\/\/www.zunoticia.com\/noticias-de-hidalgo\/wp-json\/wp\/v2\/tags?post=451467"}],"curies":[{"name":"wp","href":"https:\/\/api.w.org\/{rel}","templated":true}]}}