{"id":451475,"date":"2022-10-26T15:45:27","date_gmt":"2022-10-26T20:45:27","guid":{"rendered":"https:\/\/www.zunoticia.com\/noticias-de-hidalgo\/?p=451475"},"modified":"2022-10-26T15:45:28","modified_gmt":"2022-10-26T20:45:28","slug":"designan-director-interino-en-la-escuela-superior-de-huejutla","status":"publish","type":"post","link":"https:\/\/www.zunoticia.com\/noticias-de-hidalgo\/2022\/10\/26\/designan-director-interino-en-la-escuela-superior-de-huejutla\/","title":{"rendered":"Designan director interino en la Escuela Superior de Huejutla"},"content":{"rendered":"<aside class=\"mashsb-container mashsb-main mashsb-stretched\"><div class=\"mashsb-box\"><div class=\"mashsb-count mash-large\" style=\"float:left\"><div class=\"counts mashsbcount\">41<\/div><span class=\"mashsb-sharetext\">SHARES<\/span><\/div><div class=\"mashsb-buttons\"><a class=\"mashicon-facebook mash-large mash-center mashsb-noshadow\" href=\"https:\/\/www.facebook.com\/sharer.php?u=https%3A%2F%2Fwww.zunoticia.com%2Fnoticias-de-hidalgo%2F2022%2F10%2F26%2Fdesignan-director-interino-en-la-escuela-superior-de-huejutla%2F\" target=\"_top\" rel=\"nofollow\"><span class=\"icon\"><\/span><span class=\"text\">Share<\/span><\/a><a class=\"mashicon-twitter mash-large mash-center mashsb-noshadow\" href=\"https:\/\/twitter.com\/intent\/tweet?text=&amp;url=https:\/\/www.zunoticia.com\/noticias-de-hidalgo\/2022\/10\/26\/designan-director-interino-en-la-escuela-superior-de-huejutla\/\" target=\"_top\" rel=\"nofollow\"><span class=\"icon\"><\/span><span class=\"text\">Tweet<\/span><\/a><div class=\"onoffswitch2 mash-large mashsb-noshadow\" style=\"display:none\"><\/div><\/div>\n            <\/div>\n                <div style=\"clear:both\"><\/div><div class=\"mashsb-toggle-container\"><\/div><\/aside>\n            <!-- Share buttons by mashshare.net - Version: 4.0.47-->\n<p><em>Por Salvador Altamirano\/Zunoticia<\/em><\/p>\n\n\n\n<p><strong>Huejutla, Hgo. &#8211;<\/strong> En fecha reciente, fue nombrado director interino de la Escuela Superior de Huejutla, incorporada a la Universidad Aut\u00f3noma del Estado de Hidalgo (UAEH), el catedr\u00e1tico Mario Villegas Melo, quien suple en el cargo al Maestro Ignacio Sarmiento Vargas.<\/p>\n\n\n\n<p>Entrevistado al respecto, el nuevo directivo del Campus Huejutla, coment\u00f3 que le dar\u00e1 continuidad al reto de mejorar los programas educativos que se imparten en la instituci\u00f3n, los cuales consisten en cinco licenciaturas: Derecho; Administraci\u00f3n de empresas; Enfermer\u00eda; M\u00e9dico Cirujano y bachillerato general universitario.<\/p>\n\n\n\n<p>A pregunta formulada, especific\u00f3 que el cambio de directores es un proceso normal que se ha venido dando dentro de la instituci\u00f3n, buscando siempre la mejora continua, ya que se tiene el compromiso con la sociedad de entregar excelentes egresados.<\/p>\n\n\n\n<p>As\u00ed mismo, detall\u00f3 que el Campus Huejutla en la actualidad tiene una comuna estudiantil de 1,800 alumnos, atendidos por 116 miembros de personal, entre docentes, administrativos y de intendencia.<\/p>\n\n\n\n<p>Para finalizar, Villegas Melo exhort\u00f3 a los padres de familia cuyos hijos est\u00e1n interesados en estudiar en el plantel, a que se acerquen, ya que est\u00e1n para servirles, y sin duda -acentu\u00f3-, est\u00e1 es escuela de todos ustedes.<\/p>\n","protected":false},"excerpt":{"rendered":"<p>Por Salvador Altamirano\/Zunoticia Huejutla, Hgo. &#8211; En fecha reciente, fue nombrado director interino de la Escuela Superior de Huejutla, incorporada a la Universidad Aut\u00f3noma del Estado de Hidalgo (UAEH), el catedr\u00e1tico Mario Villegas Melo, quien suple en el cargo al Maestro Ignacio Sarmiento Vargas. Entrevistado al respecto, el nuevo directivo del Campus Huejutla, coment\u00f3 que&hellip; <a class=\"more-link\" href=\"https:\/\/www.zunoticia.com\/noticias-de-hidalgo\/2022\/10\/26\/designan-director-interino-en-la-escuela-superior-de-huejutla\/\">Seguir leyendo <span class=\"screen-reader-text\">Designan director interino en la Escuela Superior de Huejutla<\/span><\/a><\/p>\n","protected":false},"author":12,"featured_media":451476,"comment_status":"closed","ping_status":"open","sticky":false,"template":"","format":"standard","meta":{"rop_custom_images_group":[],"rop_custom_messages_group":[],"rop_publish_now":"initial","rop_publish_now_accounts":{"facebook_10159540855086992_322828327761733":""},"rop_publish_now_history":[],"rop_publish_now_status":"pending","footnotes":""},"categories":[181],"tags":[121],"class_list":["post-451475","post","type-post","status-publish","format-standard","has-post-thumbnail","hentry","category-huejutla","tag-huejutla","entry"],"_links":{"self":[{"href":"https:\/\/www.zunoticia.com\/noticias-de-hidalgo\/wp-json\/wp\/v2\/posts\/451475","targetHints":{"allow":["GET"]}}],"collection":[{"href":"https:\/\/www.zunoticia.com\/noticias-de-hidalgo\/wp-json\/wp\/v2\/posts"}],"about":[{"href":"https:\/\/www.zunoticia.com\/noticias-de-hidalgo\/wp-json\/wp\/v2\/types\/post"}],"author":[{"embeddable":true,"href":"https:\/\/www.zunoticia.com\/noticias-de-hidalgo\/wp-json\/wp\/v2\/users\/12"}],"replies":[{"embeddable":true,"href":"https:\/\/www.zunoticia.com\/noticias-de-hidalgo\/wp-json\/wp\/v2\/comments?post=451475"}],"version-history":[{"count":1,"href":"https:\/\/www.zunoticia.com\/noticias-de-hidalgo\/wp-json\/wp\/v2\/posts\/451475\/revisions"}],"predecessor-version":[{"id":451477,"href":"https:\/\/www.zunoticia.com\/noticias-de-hidalgo\/wp-json\/wp\/v2\/posts\/451475\/revisions\/451477"}],"wp:featuredmedia":[{"embeddable":true,"href":"https:\/\/www.zunoticia.com\/noticias-de-hidalgo\/wp-json\/wp\/v2\/media\/451476"}],"wp:attachment":[{"href":"https:\/\/www.zunoticia.com\/noticias-de-hidalgo\/wp-json\/wp\/v2\/media?parent=451475"}],"wp:term":[{"taxonomy":"category","embeddable":true,"href":"https:\/\/www.zunoticia.com\/noticias-de-hidalgo\/wp-json\/wp\/v2\/categories?post=451475"},{"taxonomy":"post_tag","embeddable":true,"href":"https:\/\/www.zunoticia.com\/noticias-de-hidalgo\/wp-json\/wp\/v2\/tags?post=451475"}],"curies":[{"name":"wp","href":"https:\/\/api.w.org\/{rel}","templated":true}]}}