{"id":451566,"date":"2022-10-26T19:21:24","date_gmt":"2022-10-27T00:21:24","guid":{"rendered":"https:\/\/www.zunoticia.com\/noticias-de-hidalgo\/?p=451566"},"modified":"2022-10-26T19:21:26","modified_gmt":"2022-10-27T00:21:26","slug":"fundadores-y-militantes-de-morena-deben-integrar-comites-municipales","status":"publish","type":"post","link":"https:\/\/www.zunoticia.com\/noticias-de-hidalgo\/2022\/10\/26\/fundadores-y-militantes-de-morena-deben-integrar-comites-municipales\/","title":{"rendered":"Fundadores y militantes de MORENA deben integrar Comit\u00e9s Municipales"},"content":{"rendered":"<aside class=\"mashsb-container mashsb-main mashsb-stretched\"><div class=\"mashsb-box\"><div class=\"mashsb-count mash-large\" style=\"float:left\"><div class=\"counts mashsbcount\">33<\/div><span class=\"mashsb-sharetext\">SHARES<\/span><\/div><div class=\"mashsb-buttons\"><a class=\"mashicon-facebook mash-large mash-center mashsb-noshadow\" href=\"https:\/\/www.facebook.com\/sharer.php?u=https%3A%2F%2Fwww.zunoticia.com%2Fnoticias-de-hidalgo%2F2022%2F10%2F26%2Ffundadores-y-militantes-de-morena-deben-integrar-comites-municipales%2F\" target=\"_top\" rel=\"nofollow\"><span class=\"icon\"><\/span><span class=\"text\">Share<\/span><\/a><a class=\"mashicon-twitter mash-large mash-center mashsb-noshadow\" href=\"https:\/\/twitter.com\/intent\/tweet?text=&amp;url=https:\/\/www.zunoticia.com\/noticias-de-hidalgo\/2022\/10\/26\/fundadores-y-militantes-de-morena-deben-integrar-comites-municipales\/\" target=\"_top\" rel=\"nofollow\"><span class=\"icon\"><\/span><span class=\"text\">Tweet<\/span><\/a><div class=\"onoffswitch2 mash-large mashsb-noshadow\" style=\"display:none\"><\/div><\/div>\n            <\/div>\n                <div style=\"clear:both\"><\/div><div class=\"mashsb-toggle-container\"><\/div><\/aside>\n            <!-- Share buttons by mashshare.net - Version: 4.0.47-->\n<p><em>Por Enedino Hern\u00e1ndez\/Zunoticia<\/em><\/p>\n\n\n\n<p><strong>Huejutla, Hgo. &#8211;<\/strong> Los miembros fundadores y militantes del Movimiento de Regeneraci\u00f3n Nacional (MORENA) son quienes deben de integrar en su momento los Comit\u00e9s Municipales que se espera se nombren en lo que resta del a\u00f1o 2022, se\u00f1ala el profesor Crescenciano Hern\u00e1ndez Espinoza, miembro fundador del citado instituto pol\u00edtico en la Huasteca.<\/p>\n\n\n\n<p>\u201cComo siempre hemos manifestado, se debe de tomar muy en cuenta a los militantes afiliados y simpatizantes, porque luego hemos visto que andan gentes que vienen de otros partidos pol\u00edticos, mejor conocidos como Chapulines, son los que luego los proponen para los cargos\u201d.<\/p>\n\n\n\n<p>Por todo ello, expone que se ve que hay muchas pr\u00e1cticas que no deben de hacerse en Morena \u201cpero aqu\u00ed los dirigentes a nivel estatal y tambi\u00e9n nacional son los que contribuyen a esas malas pr\u00e1cticas y por ello, a tiempo estamos denunciando esto para que ya no se hagan\u201d.<\/p>\n\n\n\n<p>Crescenciano Hern\u00e1ndez Espinoza, subraya que en Morena se debe de acabar con esas malas pr\u00e1cticas que se han venido implementado, pues todos saben que Morena ha dado cabida a otras gentes que vienen de otros partidos pol\u00edticos.<\/p>\n\n\n\n<p>Concluy\u00f3 que en Morena \u201cno nos aponemos a que se unan o se sumen al partido, claro que queremos que siga llegando la gente al partido, ese no es el problema; el problema es que se aplican malas pr\u00e1cticas y luego los que vienen llegando son los que se ponen como dirigentes\u201d.<\/p>\n","protected":false},"excerpt":{"rendered":"<p>Por Enedino Hern\u00e1ndez\/Zunoticia Huejutla, Hgo. &#8211; Los miembros fundadores y militantes del Movimiento de Regeneraci\u00f3n Nacional (MORENA) son quienes deben de integrar en su momento los Comit\u00e9s Municipales que se espera se nombren en lo que resta del a\u00f1o 2022, se\u00f1ala el profesor Crescenciano Hern\u00e1ndez Espinoza, miembro fundador del citado instituto pol\u00edtico en la Huasteca.&hellip; <a class=\"more-link\" href=\"https:\/\/www.zunoticia.com\/noticias-de-hidalgo\/2022\/10\/26\/fundadores-y-militantes-de-morena-deben-integrar-comites-municipales\/\">Seguir leyendo <span class=\"screen-reader-text\">Fundadores y militantes de MORENA deben integrar Comit\u00e9s Municipales<\/span><\/a><\/p>\n","protected":false},"author":12,"featured_media":451559,"comment_status":"closed","ping_status":"open","sticky":false,"template":"","format":"standard","meta":{"rop_custom_images_group":[],"rop_custom_messages_group":[],"rop_publish_now":"initial","rop_publish_now_accounts":{"facebook_10159540855086992_322828327761733":""},"rop_publish_now_history":[],"rop_publish_now_status":"pending","footnotes":""},"categories":[181],"tags":[121],"class_list":["post-451566","post","type-post","status-publish","format-standard","has-post-thumbnail","hentry","category-huejutla","tag-huejutla","entry"],"_links":{"self":[{"href":"https:\/\/www.zunoticia.com\/noticias-de-hidalgo\/wp-json\/wp\/v2\/posts\/451566","targetHints":{"allow":["GET"]}}],"collection":[{"href":"https:\/\/www.zunoticia.com\/noticias-de-hidalgo\/wp-json\/wp\/v2\/posts"}],"about":[{"href":"https:\/\/www.zunoticia.com\/noticias-de-hidalgo\/wp-json\/wp\/v2\/types\/post"}],"author":[{"embeddable":true,"href":"https:\/\/www.zunoticia.com\/noticias-de-hidalgo\/wp-json\/wp\/v2\/users\/12"}],"replies":[{"embeddable":true,"href":"https:\/\/www.zunoticia.com\/noticias-de-hidalgo\/wp-json\/wp\/v2\/comments?post=451566"}],"version-history":[{"count":1,"href":"https:\/\/www.zunoticia.com\/noticias-de-hidalgo\/wp-json\/wp\/v2\/posts\/451566\/revisions"}],"predecessor-version":[{"id":451567,"href":"https:\/\/www.zunoticia.com\/noticias-de-hidalgo\/wp-json\/wp\/v2\/posts\/451566\/revisions\/451567"}],"wp:featuredmedia":[{"embeddable":true,"href":"https:\/\/www.zunoticia.com\/noticias-de-hidalgo\/wp-json\/wp\/v2\/media\/451559"}],"wp:attachment":[{"href":"https:\/\/www.zunoticia.com\/noticias-de-hidalgo\/wp-json\/wp\/v2\/media?parent=451566"}],"wp:term":[{"taxonomy":"category","embeddable":true,"href":"https:\/\/www.zunoticia.com\/noticias-de-hidalgo\/wp-json\/wp\/v2\/categories?post=451566"},{"taxonomy":"post_tag","embeddable":true,"href":"https:\/\/www.zunoticia.com\/noticias-de-hidalgo\/wp-json\/wp\/v2\/tags?post=451566"}],"curies":[{"name":"wp","href":"https:\/\/api.w.org\/{rel}","templated":true}]}}