{"id":452696,"date":"2022-11-01T16:48:59","date_gmt":"2022-11-01T22:48:59","guid":{"rendered":"https:\/\/www.zunoticia.com\/noticias-de-hidalgo\/?p=452696"},"modified":"2022-11-01T16:49:01","modified_gmt":"2022-11-01T22:49:01","slug":"a-partir-del-11-de-noviembre-el-casco-sera-obligatorio","status":"publish","type":"post","link":"https:\/\/www.zunoticia.com\/noticias-de-hidalgo\/2022\/11\/01\/a-partir-del-11-de-noviembre-el-casco-sera-obligatorio\/","title":{"rendered":"A partir del 11 de noviembre el casco ser\u00e1 obligatorio"},"content":{"rendered":"<aside class=\"mashsb-container mashsb-main mashsb-stretched\"><div class=\"mashsb-box\"><div class=\"mashsb-count mash-large\" style=\"float:left\"><div class=\"counts mashsbcount\">9<\/div><span class=\"mashsb-sharetext\">SHARES<\/span><\/div><div class=\"mashsb-buttons\"><a class=\"mashicon-facebook mash-large mash-center mashsb-noshadow\" href=\"https:\/\/www.facebook.com\/sharer.php?u=https%3A%2F%2Fwww.zunoticia.com%2Fnoticias-de-hidalgo%2F2022%2F11%2F01%2Fa-partir-del-11-de-noviembre-el-casco-sera-obligatorio%2F\" target=\"_top\" rel=\"nofollow\"><span class=\"icon\"><\/span><span class=\"text\">Share<\/span><\/a><a class=\"mashicon-twitter mash-large mash-center mashsb-noshadow\" href=\"https:\/\/twitter.com\/intent\/tweet?text=&amp;url=https:\/\/www.zunoticia.com\/noticias-de-hidalgo\/2022\/11\/01\/a-partir-del-11-de-noviembre-el-casco-sera-obligatorio\/\" target=\"_top\" rel=\"nofollow\"><span class=\"icon\"><\/span><span class=\"text\">Tweet<\/span><\/a><div class=\"onoffswitch2 mash-large mashsb-noshadow\" style=\"display:none\"><\/div><\/div>\n            <\/div>\n                <div style=\"clear:both\"><\/div><div class=\"mashsb-toggle-container\"><\/div><\/aside>\n            <!-- Share buttons by mashshare.net - Version: 4.0.47-->\n<p><em>Por \u00c1ngel Silverio\/Zunoticia<\/em><\/p>\n\n\n\n<p><strong>San Felipe Orizatl\u00e1n, Hgo. &#8211;<\/strong> La Secretar\u00eda de Seguridad P\u00fablica Municipal, lanz\u00f3 el recordatorio a todos los usuarios de motocicletas, de que en pr\u00f3ximos d\u00edas ser\u00e1 ya obligatorio el uso de casco, por lo que nuevamente los invitaron a no hacer caso omiso y atender la indicaci\u00f3n por su propia seguridad.<\/p>\n\n\n\n<p>Joel Hern\u00e1ndez Espinosa, director de Seguridad P\u00fablica manifest\u00f3 que se est\u00e1 haciendo el llamado a todos los motociclistas a no dejar pasar la indicaci\u00f3n, pues como se recordar\u00e1 ser\u00e1 a partir del d\u00eda 11 de noviembre cuando se inicie con la obligatoriedad, de lo contrario ser\u00e1n acreedores a una sanci\u00f3n administrativa.<\/p>\n\n\n\n<p>&#8220;Seguimos con la campa\u00f1a de concientizaci\u00f3n, hacemos este recordatorio porque hemos notado que muchos a\u00fan no est\u00e1n haciendo uso del mismo, y lamentablemente viajan hasta con beb\u00e9s, exponen sus vidas, es por su propia seguridad, no lo estamos haciendo con motivo de molestar, deben entender que el casco les puede salvar la vida si llegan a tener un accidente &#8221; indic\u00f3.<\/p>\n\n\n\n<p>Record\u00f3 que el uso de casco es obligatorio en todo el municipio, no solo en la zona centro como muchos creen, -&#8220;Debemos de fomentar esa cultura, tambi\u00e9n es necesario que tengan conocimiento sobre los comandos para manejar, hag\u00e1moslo por una cultura vial&#8221;.<\/p>\n","protected":false},"excerpt":{"rendered":"<p>Por \u00c1ngel Silverio\/Zunoticia San Felipe Orizatl\u00e1n, Hgo. &#8211; La Secretar\u00eda de Seguridad P\u00fablica Municipal, lanz\u00f3 el recordatorio a todos los usuarios de motocicletas, de que en pr\u00f3ximos d\u00edas ser\u00e1 ya obligatorio el uso de casco, por lo que nuevamente los invitaron a no hacer caso omiso y atender la indicaci\u00f3n por su propia seguridad. Joel&hellip; <a class=\"more-link\" href=\"https:\/\/www.zunoticia.com\/noticias-de-hidalgo\/2022\/11\/01\/a-partir-del-11-de-noviembre-el-casco-sera-obligatorio\/\">Seguir leyendo <span class=\"screen-reader-text\">A partir del 11 de noviembre el casco ser\u00e1 obligatorio<\/span><\/a><\/p>\n","protected":false},"author":12,"featured_media":452697,"comment_status":"closed","ping_status":"open","sticky":false,"template":"","format":"standard","meta":{"rop_custom_images_group":[],"rop_custom_messages_group":[],"rop_publish_now":"initial","rop_publish_now_accounts":{"facebook_10159540855086992_322828327761733":""},"rop_publish_now_history":[],"rop_publish_now_status":"pending","footnotes":""},"categories":[180],"tags":[129],"class_list":["post-452696","post","type-post","status-publish","format-standard","has-post-thumbnail","hentry","category-orizatlan","tag-orizatlan","entry"],"_links":{"self":[{"href":"https:\/\/www.zunoticia.com\/noticias-de-hidalgo\/wp-json\/wp\/v2\/posts\/452696","targetHints":{"allow":["GET"]}}],"collection":[{"href":"https:\/\/www.zunoticia.com\/noticias-de-hidalgo\/wp-json\/wp\/v2\/posts"}],"about":[{"href":"https:\/\/www.zunoticia.com\/noticias-de-hidalgo\/wp-json\/wp\/v2\/types\/post"}],"author":[{"embeddable":true,"href":"https:\/\/www.zunoticia.com\/noticias-de-hidalgo\/wp-json\/wp\/v2\/users\/12"}],"replies":[{"embeddable":true,"href":"https:\/\/www.zunoticia.com\/noticias-de-hidalgo\/wp-json\/wp\/v2\/comments?post=452696"}],"version-history":[{"count":1,"href":"https:\/\/www.zunoticia.com\/noticias-de-hidalgo\/wp-json\/wp\/v2\/posts\/452696\/revisions"}],"predecessor-version":[{"id":452698,"href":"https:\/\/www.zunoticia.com\/noticias-de-hidalgo\/wp-json\/wp\/v2\/posts\/452696\/revisions\/452698"}],"wp:featuredmedia":[{"embeddable":true,"href":"https:\/\/www.zunoticia.com\/noticias-de-hidalgo\/wp-json\/wp\/v2\/media\/452697"}],"wp:attachment":[{"href":"https:\/\/www.zunoticia.com\/noticias-de-hidalgo\/wp-json\/wp\/v2\/media?parent=452696"}],"wp:term":[{"taxonomy":"category","embeddable":true,"href":"https:\/\/www.zunoticia.com\/noticias-de-hidalgo\/wp-json\/wp\/v2\/categories?post=452696"},{"taxonomy":"post_tag","embeddable":true,"href":"https:\/\/www.zunoticia.com\/noticias-de-hidalgo\/wp-json\/wp\/v2\/tags?post=452696"}],"curies":[{"name":"wp","href":"https:\/\/api.w.org\/{rel}","templated":true}]}}