{"id":452699,"date":"2022-11-01T16:54:14","date_gmt":"2022-11-01T22:54:14","guid":{"rendered":"https:\/\/www.zunoticia.com\/noticias-de-hidalgo\/?p=452699"},"modified":"2022-11-01T16:54:16","modified_gmt":"2022-11-01T22:54:16","slug":"orizatlan-celebra-con-exito-primer-dia-del-xantolo-2022","status":"publish","type":"post","link":"https:\/\/www.zunoticia.com\/noticias-de-hidalgo\/2022\/11\/01\/orizatlan-celebra-con-exito-primer-dia-del-xantolo-2022\/","title":{"rendered":"Orizatl\u00e1n celebra con \u00e9xito Primer D\u00eda del Xantolo 2022"},"content":{"rendered":"<aside class=\"mashsb-container mashsb-main mashsb-stretched\"><div class=\"mashsb-box\"><div class=\"mashsb-count mash-large\" style=\"float:left\"><div class=\"counts mashsbcount\">27<\/div><span class=\"mashsb-sharetext\">SHARES<\/span><\/div><div class=\"mashsb-buttons\"><a class=\"mashicon-facebook mash-large mash-center mashsb-noshadow\" href=\"https:\/\/www.facebook.com\/sharer.php?u=https%3A%2F%2Fwww.zunoticia.com%2Fnoticias-de-hidalgo%2F2022%2F11%2F01%2Forizatlan-celebra-con-exito-primer-dia-del-xantolo-2022%2F\" target=\"_top\" rel=\"nofollow\"><span class=\"icon\"><\/span><span class=\"text\">Share<\/span><\/a><a class=\"mashicon-twitter mash-large mash-center mashsb-noshadow\" href=\"https:\/\/twitter.com\/intent\/tweet?text=&amp;url=https:\/\/www.zunoticia.com\/noticias-de-hidalgo\/2022\/11\/01\/orizatlan-celebra-con-exito-primer-dia-del-xantolo-2022\/\" target=\"_top\" rel=\"nofollow\"><span class=\"icon\"><\/span><span class=\"text\">Tweet<\/span><\/a><div class=\"onoffswitch2 mash-large mashsb-noshadow\" style=\"display:none\"><\/div><\/div>\n            <\/div>\n                <div style=\"clear:both\"><\/div><div class=\"mashsb-toggle-container\"><\/div><\/aside>\n            <!-- Share buttons by mashshare.net - Version: 4.0.47-->\n<p><em>Por Redacci\u00f3n\/Zunoticia<\/em><\/p>\n\n\n\n<p><strong>San Felipe Orizatl\u00e1n, Hgo. &#8211; <\/strong>Orizatl\u00e1n est\u00e1 de fiesta. La fiesta m\u00e1s grande la huasteca ha comenzado, al son del huapango, el aroma a copal, los caminos de cempax\u00fachitl y las danzas c\u00e9lebres de las cuadrillas que recorren las calles, as\u00ed ha dado inicio el Xantolo 2022.<\/p>\n\n\n\n<p>La inauguraci\u00f3n fue encabezada por la alcaldesa Erika Saab, quien estuvo acompa\u00f1ada del gobernador de Hidalgo Julio Menchaca; la Presidenta del DIF Hidalgo, Edda Vite; la Presidenta del Tribunal Superior de Justicia, la Magistrada Rebeca Aladro; los Diputados Local y Federal, Jos\u00e9 No\u00e9 Hern\u00e1ndez y Fortunato Gonz\u00e1lez; as\u00ed como diversos secretarios de gobierno. En la explanada municipal, amenizado por m\u00fasica regional, se celebr\u00f3 el acto, donde se congregaron, habitantes de diferentes comunidades.<\/p>\n\n\n\n<figure class=\"wp-block-gallery has-nested-images columns-default is-cropped wp-block-gallery-1 is-layout-flex wp-block-gallery-is-layout-flex\">\n<figure class=\"wp-block-image size-large\"><img fetchpriority=\"high\" decoding=\"async\" width=\"1024\" height=\"538\" data-id=\"452703\" src=\"https:\/\/www.zunoticia.com\/noticias-de-hidalgo\/wp-content\/uploads\/2022\/11\/sfo6-1024x538.jpg\" alt=\"\" class=\"wp-image-452703\" srcset=\"https:\/\/www.zunoticia.com\/noticias-de-hidalgo\/wp-content\/uploads\/2022\/11\/sfo6-1024x538.jpg 1024w, https:\/\/www.zunoticia.com\/noticias-de-hidalgo\/wp-content\/uploads\/2022\/11\/sfo6-300x158.jpg 300w, https:\/\/www.zunoticia.com\/noticias-de-hidalgo\/wp-content\/uploads\/2022\/11\/sfo6-768x403.jpg 768w, https:\/\/www.zunoticia.com\/noticias-de-hidalgo\/wp-content\/uploads\/2022\/11\/sfo6.jpg 1200w\" sizes=\"(max-width: 1024px) 100vw, 1024px\" \/><\/figure>\n\n\n\n<figure class=\"wp-block-image size-large\"><img decoding=\"async\" width=\"1024\" height=\"538\" data-id=\"452704\" src=\"https:\/\/www.zunoticia.com\/noticias-de-hidalgo\/wp-content\/uploads\/2022\/11\/sfo7-1024x538.jpg\" alt=\"\" class=\"wp-image-452704\" srcset=\"https:\/\/www.zunoticia.com\/noticias-de-hidalgo\/wp-content\/uploads\/2022\/11\/sfo7-1024x538.jpg 1024w, https:\/\/www.zunoticia.com\/noticias-de-hidalgo\/wp-content\/uploads\/2022\/11\/sfo7-300x158.jpg 300w, https:\/\/www.zunoticia.com\/noticias-de-hidalgo\/wp-content\/uploads\/2022\/11\/sfo7-768x403.jpg 768w, https:\/\/www.zunoticia.com\/noticias-de-hidalgo\/wp-content\/uploads\/2022\/11\/sfo7.jpg 1200w\" sizes=\"(max-width: 1024px) 100vw, 1024px\" \/><\/figure>\n\n\n\n<figure class=\"wp-block-image size-large\"><img decoding=\"async\" width=\"1024\" height=\"538\" data-id=\"452705\" src=\"https:\/\/www.zunoticia.com\/noticias-de-hidalgo\/wp-content\/uploads\/2022\/11\/sfo3-1024x538.jpg\" alt=\"\" class=\"wp-image-452705\" srcset=\"https:\/\/www.zunoticia.com\/noticias-de-hidalgo\/wp-content\/uploads\/2022\/11\/sfo3-1024x538.jpg 1024w, https:\/\/www.zunoticia.com\/noticias-de-hidalgo\/wp-content\/uploads\/2022\/11\/sfo3-300x158.jpg 300w, https:\/\/www.zunoticia.com\/noticias-de-hidalgo\/wp-content\/uploads\/2022\/11\/sfo3-768x403.jpg 768w, https:\/\/www.zunoticia.com\/noticias-de-hidalgo\/wp-content\/uploads\/2022\/11\/sfo3.jpg 1200w\" sizes=\"(max-width: 1024px) 100vw, 1024px\" \/><\/figure>\n<\/figure>\n\n\n\n<p>En la festividad se llev\u00f3 a cabo la primera edici\u00f3n del Festival del Pan, donde de igual forma, la alcaldesa inaugur\u00f3 acompa\u00f1ada de las representaciones del poder ejecutivo, judicial y legislativo del Estado de Hidalgo.<\/p>\n\n\n\n<figure class=\"wp-block-gallery has-nested-images columns-default is-cropped wp-block-gallery-2 is-layout-flex wp-block-gallery-is-layout-flex\">\n<figure class=\"wp-block-image size-large\"><img loading=\"lazy\" decoding=\"async\" width=\"1024\" height=\"538\" data-id=\"452708\" src=\"https:\/\/www.zunoticia.com\/noticias-de-hidalgo\/wp-content\/uploads\/2022\/11\/sfo2-1024x538.jpg\" alt=\"\" class=\"wp-image-452708\" srcset=\"https:\/\/www.zunoticia.com\/noticias-de-hidalgo\/wp-content\/uploads\/2022\/11\/sfo2-1024x538.jpg 1024w, https:\/\/www.zunoticia.com\/noticias-de-hidalgo\/wp-content\/uploads\/2022\/11\/sfo2-300x158.jpg 300w, https:\/\/www.zunoticia.com\/noticias-de-hidalgo\/wp-content\/uploads\/2022\/11\/sfo2-768x403.jpg 768w, https:\/\/www.zunoticia.com\/noticias-de-hidalgo\/wp-content\/uploads\/2022\/11\/sfo2.jpg 1200w\" sizes=\"(max-width: 1024px) 100vw, 1024px\" \/><\/figure>\n\n\n\n<figure class=\"wp-block-image size-large\"><img loading=\"lazy\" decoding=\"async\" width=\"1024\" height=\"538\" data-id=\"452709\" src=\"https:\/\/www.zunoticia.com\/noticias-de-hidalgo\/wp-content\/uploads\/2022\/11\/sfo4-1024x538.jpg\" alt=\"\" class=\"wp-image-452709\" srcset=\"https:\/\/www.zunoticia.com\/noticias-de-hidalgo\/wp-content\/uploads\/2022\/11\/sfo4-1024x538.jpg 1024w, https:\/\/www.zunoticia.com\/noticias-de-hidalgo\/wp-content\/uploads\/2022\/11\/sfo4-300x158.jpg 300w, https:\/\/www.zunoticia.com\/noticias-de-hidalgo\/wp-content\/uploads\/2022\/11\/sfo4-768x403.jpg 768w, https:\/\/www.zunoticia.com\/noticias-de-hidalgo\/wp-content\/uploads\/2022\/11\/sfo4.jpg 1200w\" sizes=\"(max-width: 1024px) 100vw, 1024px\" \/><\/figure>\n<\/figure>\n\n\n\n<p>Recientemente el municipio fue declarado \u201cPueblo con Sabor\u201d, a trav\u00e9s de la torta de mantequilla y queso, patrimonio gastron\u00f3mico de Orizatl\u00e1n; con ello, se expuso una galer\u00eda fotogr\u00e1fica en homenaje a las panaderas de la regi\u00f3n.<\/p>\n\n\n\n<figure class=\"wp-block-gallery has-nested-images columns-default is-cropped wp-block-gallery-3 is-layout-flex wp-block-gallery-is-layout-flex\">\n<figure class=\"wp-block-image size-large\"><img loading=\"lazy\" decoding=\"async\" width=\"1024\" height=\"538\" data-id=\"452710\" src=\"https:\/\/www.zunoticia.com\/noticias-de-hidalgo\/wp-content\/uploads\/2022\/11\/sfo1-1024x538.jpg\" alt=\"\" class=\"wp-image-452710\" srcset=\"https:\/\/www.zunoticia.com\/noticias-de-hidalgo\/wp-content\/uploads\/2022\/11\/sfo1-1024x538.jpg 1024w, https:\/\/www.zunoticia.com\/noticias-de-hidalgo\/wp-content\/uploads\/2022\/11\/sfo1-300x158.jpg 300w, https:\/\/www.zunoticia.com\/noticias-de-hidalgo\/wp-content\/uploads\/2022\/11\/sfo1-768x403.jpg 768w, https:\/\/www.zunoticia.com\/noticias-de-hidalgo\/wp-content\/uploads\/2022\/11\/sfo1.jpg 1200w\" sizes=\"(max-width: 1024px) 100vw, 1024px\" \/><\/figure>\n\n\n\n<figure class=\"wp-block-image size-large\"><img loading=\"lazy\" decoding=\"async\" width=\"1024\" height=\"538\" data-id=\"452711\" src=\"https:\/\/www.zunoticia.com\/noticias-de-hidalgo\/wp-content\/uploads\/2022\/11\/sfo5-1024x538.jpg\" alt=\"\" class=\"wp-image-452711\" srcset=\"https:\/\/www.zunoticia.com\/noticias-de-hidalgo\/wp-content\/uploads\/2022\/11\/sfo5-1024x538.jpg 1024w, https:\/\/www.zunoticia.com\/noticias-de-hidalgo\/wp-content\/uploads\/2022\/11\/sfo5-300x158.jpg 300w, https:\/\/www.zunoticia.com\/noticias-de-hidalgo\/wp-content\/uploads\/2022\/11\/sfo5-768x403.jpg 768w, https:\/\/www.zunoticia.com\/noticias-de-hidalgo\/wp-content\/uploads\/2022\/11\/sfo5.jpg 1200w\" sizes=\"(max-width: 1024px) 100vw, 1024px\" \/><\/figure>\n<\/figure>\n\n\n\n<p>Por su parte, las artes esc\u00e9nicas vieron luz, al finalizar el corte de list\u00f3n de la inauguraci\u00f3n del festival en la explanada municipal, en donde se present\u00f3 un desfile de catrinas, a cargo de la Escuela Secundaria T\u00e9cnica No. 7 de la cabecera municipal, as\u00ed como una serie de presentaciones de cuadrillas que dieron por culminada la primera fase del d\u00eda.<\/p>\n\n\n\n<figure class=\"wp-block-gallery has-nested-images columns-default is-cropped wp-block-gallery-4 is-layout-flex wp-block-gallery-is-layout-flex\">\n<figure class=\"wp-block-image size-large\"><img loading=\"lazy\" decoding=\"async\" width=\"1024\" height=\"538\" data-id=\"452706\" src=\"https:\/\/www.zunoticia.com\/noticias-de-hidalgo\/wp-content\/uploads\/2022\/11\/sfo10-1024x538.jpg\" alt=\"\" class=\"wp-image-452706\" srcset=\"https:\/\/www.zunoticia.com\/noticias-de-hidalgo\/wp-content\/uploads\/2022\/11\/sfo10-1024x538.jpg 1024w, https:\/\/www.zunoticia.com\/noticias-de-hidalgo\/wp-content\/uploads\/2022\/11\/sfo10-300x158.jpg 300w, https:\/\/www.zunoticia.com\/noticias-de-hidalgo\/wp-content\/uploads\/2022\/11\/sfo10-768x403.jpg 768w, https:\/\/www.zunoticia.com\/noticias-de-hidalgo\/wp-content\/uploads\/2022\/11\/sfo10.jpg 1200w\" sizes=\"(max-width: 1024px) 100vw, 1024px\" \/><\/figure>\n\n\n\n<figure class=\"wp-block-image size-large\"><img loading=\"lazy\" decoding=\"async\" width=\"1024\" height=\"538\" data-id=\"452707\" src=\"https:\/\/www.zunoticia.com\/noticias-de-hidalgo\/wp-content\/uploads\/2022\/11\/sfo8-1024x538.jpg\" alt=\"\" class=\"wp-image-452707\" srcset=\"https:\/\/www.zunoticia.com\/noticias-de-hidalgo\/wp-content\/uploads\/2022\/11\/sfo8-1024x538.jpg 1024w, https:\/\/www.zunoticia.com\/noticias-de-hidalgo\/wp-content\/uploads\/2022\/11\/sfo8-300x158.jpg 300w, https:\/\/www.zunoticia.com\/noticias-de-hidalgo\/wp-content\/uploads\/2022\/11\/sfo8-768x403.jpg 768w, https:\/\/www.zunoticia.com\/noticias-de-hidalgo\/wp-content\/uploads\/2022\/11\/sfo8.jpg 1200w\" sizes=\"(max-width: 1024px) 100vw, 1024px\" \/><\/figure>\n<\/figure>\n\n\n\n<p>Por la tarde, se dieron cita cientos de personas para presenciar el certamen Embajadora CECyTEH Xantolo 2022, donde el primer lugar, fue para Leydi Itzel Lara Guerrero del quinto semestre, quien ser\u00e1 desde ahora la encargada de acompa\u00f1ar las actividades de esta festividad.<\/p>\n\n\n\n<figure class=\"wp-block-gallery has-nested-images columns-default is-cropped wp-block-gallery-5 is-layout-flex wp-block-gallery-is-layout-flex\">\n<figure class=\"wp-block-image size-large\"><img loading=\"lazy\" decoding=\"async\" width=\"1024\" height=\"538\" data-id=\"452701\" src=\"https:\/\/www.zunoticia.com\/noticias-de-hidalgo\/wp-content\/uploads\/2022\/11\/sfo9-1024x538.jpg\" alt=\"\" class=\"wp-image-452701\" srcset=\"https:\/\/www.zunoticia.com\/noticias-de-hidalgo\/wp-content\/uploads\/2022\/11\/sfo9-1024x538.jpg 1024w, https:\/\/www.zunoticia.com\/noticias-de-hidalgo\/wp-content\/uploads\/2022\/11\/sfo9-300x158.jpg 300w, https:\/\/www.zunoticia.com\/noticias-de-hidalgo\/wp-content\/uploads\/2022\/11\/sfo9-768x403.jpg 768w, https:\/\/www.zunoticia.com\/noticias-de-hidalgo\/wp-content\/uploads\/2022\/11\/sfo9.jpg 1200w\" sizes=\"(max-width: 1024px) 100vw, 1024px\" \/><\/figure>\n\n\n\n<figure class=\"wp-block-image size-large\"><img loading=\"lazy\" decoding=\"async\" width=\"1024\" height=\"538\" data-id=\"452702\" src=\"https:\/\/www.zunoticia.com\/noticias-de-hidalgo\/wp-content\/uploads\/2022\/11\/sfo12-1024x538.jpg\" alt=\"\" class=\"wp-image-452702\" srcset=\"https:\/\/www.zunoticia.com\/noticias-de-hidalgo\/wp-content\/uploads\/2022\/11\/sfo12-1024x538.jpg 1024w, https:\/\/www.zunoticia.com\/noticias-de-hidalgo\/wp-content\/uploads\/2022\/11\/sfo12-300x158.jpg 300w, https:\/\/www.zunoticia.com\/noticias-de-hidalgo\/wp-content\/uploads\/2022\/11\/sfo12-768x403.jpg 768w, https:\/\/www.zunoticia.com\/noticias-de-hidalgo\/wp-content\/uploads\/2022\/11\/sfo12.jpg 1200w\" sizes=\"(max-width: 1024px) 100vw, 1024px\" \/><\/figure>\n<\/figure>\n\n\n\n<p>Por la noche, culmin\u00f3 la festividad con la Huapangueada a cargo de los tr\u00edos \u201cLos Gallitos\u201d y &#8220;Proeza Juvenil\u201d, donde se reunieron cientos de personas. Al respecto, la presidenta municipal puntualiz\u00f3 \u201cla Huasteca est\u00e1 de fiesta, honramos y celebramos nuestras tradiciones, que son parte de nuestra cultura, agradecemos la disposici\u00f3n de las autoridades, que se sumaron para complementar esta festividad\u201d.<\/p>\n","protected":false},"excerpt":{"rendered":"<p>Por Redacci\u00f3n\/Zunoticia San Felipe Orizatl\u00e1n, Hgo. &#8211; Orizatl\u00e1n est\u00e1 de fiesta. La fiesta m\u00e1s grande la huasteca ha comenzado, al son del huapango, el aroma a copal, los caminos de cempax\u00fachitl y las danzas c\u00e9lebres de las cuadrillas que recorren las calles, as\u00ed ha dado inicio el Xantolo 2022. La inauguraci\u00f3n fue encabezada por la&hellip; <a class=\"more-link\" href=\"https:\/\/www.zunoticia.com\/noticias-de-hidalgo\/2022\/11\/01\/orizatlan-celebra-con-exito-primer-dia-del-xantolo-2022\/\">Seguir leyendo <span class=\"screen-reader-text\">Orizatl\u00e1n celebra con \u00e9xito Primer D\u00eda del Xantolo 2022<\/span><\/a><\/p>\n","protected":false},"author":12,"featured_media":452700,"comment_status":"closed","ping_status":"open","sticky":false,"template":"","format":"standard","meta":{"rop_custom_images_group":[],"rop_custom_messages_group":[],"rop_publish_now":"initial","rop_publish_now_accounts":{"facebook_10159540855086992_322828327761733":""},"rop_publish_now_history":[],"rop_publish_now_status":"pending","footnotes":""},"categories":[180],"tags":[129],"class_list":["post-452699","post","type-post","status-publish","format-standard","has-post-thumbnail","hentry","category-orizatlan","tag-orizatlan","entry"],"_links":{"self":[{"href":"https:\/\/www.zunoticia.com\/noticias-de-hidalgo\/wp-json\/wp\/v2\/posts\/452699","targetHints":{"allow":["GET"]}}],"collection":[{"href":"https:\/\/www.zunoticia.com\/noticias-de-hidalgo\/wp-json\/wp\/v2\/posts"}],"about":[{"href":"https:\/\/www.zunoticia.com\/noticias-de-hidalgo\/wp-json\/wp\/v2\/types\/post"}],"author":[{"embeddable":true,"href":"https:\/\/www.zunoticia.com\/noticias-de-hidalgo\/wp-json\/wp\/v2\/users\/12"}],"replies":[{"embeddable":true,"href":"https:\/\/www.zunoticia.com\/noticias-de-hidalgo\/wp-json\/wp\/v2\/comments?post=452699"}],"version-history":[{"count":1,"href":"https:\/\/www.zunoticia.com\/noticias-de-hidalgo\/wp-json\/wp\/v2\/posts\/452699\/revisions"}],"predecessor-version":[{"id":452712,"href":"https:\/\/www.zunoticia.com\/noticias-de-hidalgo\/wp-json\/wp\/v2\/posts\/452699\/revisions\/452712"}],"wp:featuredmedia":[{"embeddable":true,"href":"https:\/\/www.zunoticia.com\/noticias-de-hidalgo\/wp-json\/wp\/v2\/media\/452700"}],"wp:attachment":[{"href":"https:\/\/www.zunoticia.com\/noticias-de-hidalgo\/wp-json\/wp\/v2\/media?parent=452699"}],"wp:term":[{"taxonomy":"category","embeddable":true,"href":"https:\/\/www.zunoticia.com\/noticias-de-hidalgo\/wp-json\/wp\/v2\/categories?post=452699"},{"taxonomy":"post_tag","embeddable":true,"href":"https:\/\/www.zunoticia.com\/noticias-de-hidalgo\/wp-json\/wp\/v2\/tags?post=452699"}],"curies":[{"name":"wp","href":"https:\/\/api.w.org\/{rel}","templated":true}]}}