{"id":452737,"date":"2022-11-01T17:59:47","date_gmt":"2022-11-01T23:59:47","guid":{"rendered":"https:\/\/www.zunoticia.com\/noticias-de-hidalgo\/?p=452737"},"modified":"2022-11-01T17:59:49","modified_gmt":"2022-11-01T23:59:49","slug":"no-tramitar-el-acta-de-defuncion-en-tiempo-y-forma-puede-acarrear-problemas","status":"publish","type":"post","link":"https:\/\/www.zunoticia.com\/noticias-de-hidalgo\/2022\/11\/01\/no-tramitar-el-acta-de-defuncion-en-tiempo-y-forma-puede-acarrear-problemas\/","title":{"rendered":"No tramitar el acta de defunci\u00f3n en tiempo y forma puede acarrear problemas"},"content":{"rendered":"<aside class=\"mashsb-container mashsb-main mashsb-stretched\"><div class=\"mashsb-box\"><div class=\"mashsb-count mash-large\" style=\"float:left\"><div class=\"counts mashsbcount\">24<\/div><span class=\"mashsb-sharetext\">SHARES<\/span><\/div><div class=\"mashsb-buttons\"><a class=\"mashicon-facebook mash-large mash-center mashsb-noshadow\" href=\"https:\/\/www.facebook.com\/sharer.php?u=https%3A%2F%2Fwww.zunoticia.com%2Fnoticias-de-hidalgo%2F2022%2F11%2F01%2Fno-tramitar-el-acta-de-defuncion-en-tiempo-y-forma-puede-acarrear-problemas%2F\" target=\"_top\" rel=\"nofollow\"><span class=\"icon\"><\/span><span class=\"text\">Share<\/span><\/a><a class=\"mashicon-twitter mash-large mash-center mashsb-noshadow\" href=\"https:\/\/twitter.com\/intent\/tweet?text=&amp;url=https:\/\/www.zunoticia.com\/noticias-de-hidalgo\/2022\/11\/01\/no-tramitar-el-acta-de-defuncion-en-tiempo-y-forma-puede-acarrear-problemas\/\" target=\"_top\" rel=\"nofollow\"><span class=\"icon\"><\/span><span class=\"text\">Tweet<\/span><\/a><div class=\"onoffswitch2 mash-large mashsb-noshadow\" style=\"display:none\"><\/div><\/div>\n            <\/div>\n                <div style=\"clear:both\"><\/div><div class=\"mashsb-toggle-container\"><\/div><\/aside>\n            <!-- Share buttons by mashshare.net - Version: 4.0.47-->\n<p><em>Por Pedro Luciano\/Zunoticia<\/em><\/p>\n\n\n\n<p><strong>Tlanchinol, Hgo. &#8211;<\/strong> \u201cSiendo el acta de defunci\u00f3n un documento id\u00f3neo para la acreditaci\u00f3n de la muerte de una persona, este normalmente no es tramitado por la poblaci\u00f3n, ya sea por desconocimiento del procedimiento o por negligencia de los mismos familiares\u201d, refiri\u00f3 profesionista en derecho.<\/p>\n\n\n\n<p>\u201cEl no tramitar en tiempo y forma el acta de defunci\u00f3n de un ser querido que lamentablemente haya fallecido, es uno de los principales problemas que muchas personas est\u00e1n viviendo, no solo en este municipio, sino en los diversos del estado, provocando incertidumbre jur\u00eddica en el estado de una persona fallecida, trayendo consigo problemas a los familiares\u201d, afirm\u00f3 el Lic. en derecho Nikolas P\u00e9rez Hern\u00e1ndez.<\/p>\n\n\n\n<p>Dichos problemas pueden aparecer al momento de intentar la acreditaci\u00f3n del fallecimiento, en un procedimiento sucesorio, para demandar los bienes de la persona fallecida, as\u00ed como tambi\u00e9n acreditar el fallecimiento de un padre o madre que se le estuviera proporcionado pensi\u00f3n alimenticia, entre otras m\u00e1s, trayendo consigo dificultades, continu\u00f3 afirmando.<\/p>\n\n\n\n<p>Concluy\u00f3 agregando que esto problemas son susceptibles a ser solucionados, por lo anterior se recomienda acercarse al \u00e1rea del Registro del Estado Familiar del municipio o en su caso con un profesional del derecho se su confianza, con el fin de solucionar estos inconvenientes.<\/p>\n","protected":false},"excerpt":{"rendered":"<p>Por Pedro Luciano\/Zunoticia Tlanchinol, Hgo. &#8211; \u201cSiendo el acta de defunci\u00f3n un documento id\u00f3neo para la acreditaci\u00f3n de la muerte de una persona, este normalmente no es tramitado por la poblaci\u00f3n, ya sea por desconocimiento del procedimiento o por negligencia de los mismos familiares\u201d, refiri\u00f3 profesionista en derecho. \u201cEl no tramitar en tiempo y forma&hellip; <a class=\"more-link\" href=\"https:\/\/www.zunoticia.com\/noticias-de-hidalgo\/2022\/11\/01\/no-tramitar-el-acta-de-defuncion-en-tiempo-y-forma-puede-acarrear-problemas\/\">Seguir leyendo <span class=\"screen-reader-text\">No tramitar el acta de defunci\u00f3n en tiempo y forma puede acarrear problemas<\/span><\/a><\/p>\n","protected":false},"author":12,"featured_media":452738,"comment_status":"closed","ping_status":"open","sticky":false,"template":"","format":"standard","meta":{"rop_custom_images_group":[],"rop_custom_messages_group":[],"rop_publish_now":"initial","rop_publish_now_accounts":{"facebook_10159540855086992_322828327761733":""},"rop_publish_now_history":[],"rop_publish_now_status":"pending","footnotes":""},"categories":[219,201],"tags":[127],"class_list":["post-452737","post","type-post","status-publish","format-standard","has-post-thumbnail","hentry","category-sierra","category-tlanchinol","tag-tlanchinol","entry"],"_links":{"self":[{"href":"https:\/\/www.zunoticia.com\/noticias-de-hidalgo\/wp-json\/wp\/v2\/posts\/452737","targetHints":{"allow":["GET"]}}],"collection":[{"href":"https:\/\/www.zunoticia.com\/noticias-de-hidalgo\/wp-json\/wp\/v2\/posts"}],"about":[{"href":"https:\/\/www.zunoticia.com\/noticias-de-hidalgo\/wp-json\/wp\/v2\/types\/post"}],"author":[{"embeddable":true,"href":"https:\/\/www.zunoticia.com\/noticias-de-hidalgo\/wp-json\/wp\/v2\/users\/12"}],"replies":[{"embeddable":true,"href":"https:\/\/www.zunoticia.com\/noticias-de-hidalgo\/wp-json\/wp\/v2\/comments?post=452737"}],"version-history":[{"count":1,"href":"https:\/\/www.zunoticia.com\/noticias-de-hidalgo\/wp-json\/wp\/v2\/posts\/452737\/revisions"}],"predecessor-version":[{"id":452739,"href":"https:\/\/www.zunoticia.com\/noticias-de-hidalgo\/wp-json\/wp\/v2\/posts\/452737\/revisions\/452739"}],"wp:featuredmedia":[{"embeddable":true,"href":"https:\/\/www.zunoticia.com\/noticias-de-hidalgo\/wp-json\/wp\/v2\/media\/452738"}],"wp:attachment":[{"href":"https:\/\/www.zunoticia.com\/noticias-de-hidalgo\/wp-json\/wp\/v2\/media?parent=452737"}],"wp:term":[{"taxonomy":"category","embeddable":true,"href":"https:\/\/www.zunoticia.com\/noticias-de-hidalgo\/wp-json\/wp\/v2\/categories?post=452737"},{"taxonomy":"post_tag","embeddable":true,"href":"https:\/\/www.zunoticia.com\/noticias-de-hidalgo\/wp-json\/wp\/v2\/tags?post=452737"}],"curies":[{"name":"wp","href":"https:\/\/api.w.org\/{rel}","templated":true}]}}