{"id":453068,"date":"2022-11-04T16:31:50","date_gmt":"2022-11-04T22:31:50","guid":{"rendered":"https:\/\/www.zunoticia.com\/noticias-de-hidalgo\/?p=453068"},"modified":"2022-11-04T16:31:52","modified_gmt":"2022-11-04T22:31:52","slug":"9-de-noviembre-se-realizara-el-foro-de-consulta-indigena","status":"publish","type":"post","link":"https:\/\/www.zunoticia.com\/noticias-de-hidalgo\/2022\/11\/04\/9-de-noviembre-se-realizara-el-foro-de-consulta-indigena\/","title":{"rendered":"9 de noviembre se realizar\u00e1 el Foro de consulta Ind\u00edgena"},"content":{"rendered":"<aside class=\"mashsb-container mashsb-main mashsb-stretched\"><div class=\"mashsb-box\"><div class=\"mashsb-count mash-large\" style=\"float:left\"><div class=\"counts mashsbcount\">12<\/div><span class=\"mashsb-sharetext\">SHARES<\/span><\/div><div class=\"mashsb-buttons\"><a class=\"mashicon-facebook mash-large mash-center mashsb-noshadow\" href=\"https:\/\/www.facebook.com\/sharer.php?u=https%3A%2F%2Fwww.zunoticia.com%2Fnoticias-de-hidalgo%2F2022%2F11%2F04%2F9-de-noviembre-se-realizara-el-foro-de-consulta-indigena%2F\" target=\"_top\" rel=\"nofollow\"><span class=\"icon\"><\/span><span class=\"text\">Share<\/span><\/a><a class=\"mashicon-twitter mash-large mash-center mashsb-noshadow\" href=\"https:\/\/twitter.com\/intent\/tweet?text=&amp;url=https:\/\/www.zunoticia.com\/noticias-de-hidalgo\/2022\/11\/04\/9-de-noviembre-se-realizara-el-foro-de-consulta-indigena\/\" target=\"_top\" rel=\"nofollow\"><span class=\"icon\"><\/span><span class=\"text\">Tweet<\/span><\/a><div class=\"onoffswitch2 mash-large mashsb-noshadow\" style=\"display:none\"><\/div><\/div>\n            <\/div>\n                <div style=\"clear:both\"><\/div><div class=\"mashsb-toggle-container\"><\/div><\/aside>\n            <!-- Share buttons by mashshare.net - Version: 4.0.47-->\n<p><em>Por \u00c1ngel Silverio\/Zunoticia<\/em><\/p>\n\n\n\n<p><strong>Jaltoc\u00e1n, Hgo. &#8211;<\/strong> Previo a llevarse el Foro de consulta a los pueblos y comunidades ind\u00edgenas, se realiz\u00f3 una mesa de trabajo, a fin de definir la log\u00edstica que se implementar\u00e1 en pr\u00f3ximos d\u00edas, donde se busca la participaci\u00f3n de todas las comunidades y se puedan plasmar sus inquietudes en este foro que es de vital importancia para el gobierno estatal.<\/p>\n\n\n\n<p>Juan Luis Hern\u00e1ndez Latorre, director del centro evaluador CEDSPI, del Estado de Hidalgo, explic\u00f3 que esta reuni\u00f3n es con el prop\u00f3sito de gestar la log\u00edstica en tenor a los foros de consulta a los pueblos y comunidades ind\u00edgenas que se realizar\u00e1n en el municipio de Jaltoc\u00e1n; la cual tiene como objetivo recibir las recomendaciones y propuestas de los pueblos y comunidades para que sean incorporadas al Plan Estatal de Desarrollo 2022-2028.<\/p>\n\n\n\n<p>As\u00ed mismo, estuvo presentes Leoncio Castillo Espinoza, enlace institucional de los pueblos ind\u00edgenas en el municipio, quien dijo que, apegados al p\u00e1rrafo 15 de la Constituci\u00f3n Pol\u00edtica del Estado de Hidalgo, en su art\u00edculo 18 de la Ley de Derechos y Cultura Ind\u00edgena para el Estado de Hidalgo, se\u00f1ala la importancia de la participaci\u00f3n de los pueblos en este tipo de foros de consulta.<\/p>\n\n\n\n<p>El foro se realizar\u00e1 este pr\u00f3ximo 9 de noviembre, en punto de las 12:30 horas, en las instalaciones del auditorio municipal, por lo que recordaron que es muy importante que las autoridades de las comunidades asistan para de esta manera contribuir al desarrollo del estado.<\/p>\n","protected":false},"excerpt":{"rendered":"<p>Por \u00c1ngel Silverio\/Zunoticia Jaltoc\u00e1n, Hgo. &#8211; Previo a llevarse el Foro de consulta a los pueblos y comunidades ind\u00edgenas, se realiz\u00f3 una mesa de trabajo, a fin de definir la log\u00edstica que se implementar\u00e1 en pr\u00f3ximos d\u00edas, donde se busca la participaci\u00f3n de todas las comunidades y se puedan plasmar sus inquietudes en este foro&hellip; <a class=\"more-link\" href=\"https:\/\/www.zunoticia.com\/noticias-de-hidalgo\/2022\/11\/04\/9-de-noviembre-se-realizara-el-foro-de-consulta-indigena\/\">Seguir leyendo <span class=\"screen-reader-text\">9 de noviembre se realizar\u00e1 el Foro de consulta Ind\u00edgena<\/span><\/a><\/p>\n","protected":false},"author":12,"featured_media":453069,"comment_status":"closed","ping_status":"open","sticky":false,"template":"","format":"standard","meta":{"rop_custom_images_group":[],"rop_custom_messages_group":[],"rop_publish_now":"initial","rop_publish_now_accounts":{"facebook_10159540855086992_322828327761733":""},"rop_publish_now_history":[],"rop_publish_now_status":"pending","footnotes":""},"categories":[179,200],"tags":[131],"class_list":["post-453068","post","type-post","status-publish","format-standard","has-post-thumbnail","hentry","category-huasteca","category-jaltocan","tag-jaltocan","entry"],"_links":{"self":[{"href":"https:\/\/www.zunoticia.com\/noticias-de-hidalgo\/wp-json\/wp\/v2\/posts\/453068","targetHints":{"allow":["GET"]}}],"collection":[{"href":"https:\/\/www.zunoticia.com\/noticias-de-hidalgo\/wp-json\/wp\/v2\/posts"}],"about":[{"href":"https:\/\/www.zunoticia.com\/noticias-de-hidalgo\/wp-json\/wp\/v2\/types\/post"}],"author":[{"embeddable":true,"href":"https:\/\/www.zunoticia.com\/noticias-de-hidalgo\/wp-json\/wp\/v2\/users\/12"}],"replies":[{"embeddable":true,"href":"https:\/\/www.zunoticia.com\/noticias-de-hidalgo\/wp-json\/wp\/v2\/comments?post=453068"}],"version-history":[{"count":1,"href":"https:\/\/www.zunoticia.com\/noticias-de-hidalgo\/wp-json\/wp\/v2\/posts\/453068\/revisions"}],"predecessor-version":[{"id":453070,"href":"https:\/\/www.zunoticia.com\/noticias-de-hidalgo\/wp-json\/wp\/v2\/posts\/453068\/revisions\/453070"}],"wp:featuredmedia":[{"embeddable":true,"href":"https:\/\/www.zunoticia.com\/noticias-de-hidalgo\/wp-json\/wp\/v2\/media\/453069"}],"wp:attachment":[{"href":"https:\/\/www.zunoticia.com\/noticias-de-hidalgo\/wp-json\/wp\/v2\/media?parent=453068"}],"wp:term":[{"taxonomy":"category","embeddable":true,"href":"https:\/\/www.zunoticia.com\/noticias-de-hidalgo\/wp-json\/wp\/v2\/categories?post=453068"},{"taxonomy":"post_tag","embeddable":true,"href":"https:\/\/www.zunoticia.com\/noticias-de-hidalgo\/wp-json\/wp\/v2\/tags?post=453068"}],"curies":[{"name":"wp","href":"https:\/\/api.w.org\/{rel}","templated":true}]}}