{"id":453114,"date":"2022-11-04T17:31:08","date_gmt":"2022-11-04T23:31:08","guid":{"rendered":"https:\/\/www.zunoticia.com\/noticias-de-hidalgo\/?p=453114"},"modified":"2022-11-04T17:31:10","modified_gmt":"2022-11-04T23:31:10","slug":"sera-una-realidad-compromiso-de-reactivar-el-campo-de-la-huasteca","status":"publish","type":"post","link":"https:\/\/www.zunoticia.com\/noticias-de-hidalgo\/2022\/11\/04\/sera-una-realidad-compromiso-de-reactivar-el-campo-de-la-huasteca\/","title":{"rendered":"Ser\u00e1 una realidad, compromiso de reactivar el campo de la huasteca"},"content":{"rendered":"<aside class=\"mashsb-container mashsb-main mashsb-stretched\"><div class=\"mashsb-box\"><div class=\"mashsb-count mash-large\" style=\"float:left\"><div class=\"counts mashsbcount\">23<\/div><span class=\"mashsb-sharetext\">SHARES<\/span><\/div><div class=\"mashsb-buttons\"><a class=\"mashicon-facebook mash-large mash-center mashsb-noshadow\" href=\"https:\/\/www.facebook.com\/sharer.php?u=https%3A%2F%2Fwww.zunoticia.com%2Fnoticias-de-hidalgo%2F2022%2F11%2F04%2Fsera-una-realidad-compromiso-de-reactivar-el-campo-de-la-huasteca%2F\" target=\"_top\" rel=\"nofollow\"><span class=\"icon\"><\/span><span class=\"text\">Share<\/span><\/a><a class=\"mashicon-twitter mash-large mash-center mashsb-noshadow\" href=\"https:\/\/twitter.com\/intent\/tweet?text=&amp;url=https:\/\/www.zunoticia.com\/noticias-de-hidalgo\/2022\/11\/04\/sera-una-realidad-compromiso-de-reactivar-el-campo-de-la-huasteca\/\" target=\"_top\" rel=\"nofollow\"><span class=\"icon\"><\/span><span class=\"text\">Tweet<\/span><\/a><div class=\"onoffswitch2 mash-large mashsb-noshadow\" style=\"display:none\"><\/div><\/div>\n            <\/div>\n                <div style=\"clear:both\"><\/div><div class=\"mashsb-toggle-container\"><\/div><\/aside>\n            <!-- Share buttons by mashshare.net - Version: 4.0.47-->\n<p><em>Por \u00c1ngel Silverio\/Zunoticia<\/em><\/p>\n\n\n\n<p><strong>San Felipe Orizatl\u00e1n, Hgo. &#8211;<\/strong> Durante su pasada visita a este municipio, Napole\u00f3n Gonz\u00e1les P\u00e9rez secretario de Agricultura del Estado, fue claro al comprometer que se reactivar\u00e1 la producci\u00f3n del campo huasteco, sobre todo con productos que ya tienen mercado y que en esta zona se cosechan, sin embargo, se requiere mayor impulso y eso se tendr\u00e1 en esta administraci\u00f3n estatal.<\/p>\n\n\n\n<p>&#8220;Se va a reactivar con el caf\u00e9, queremos que sea uno de los principales productos para trabajar aqu\u00ed en la huasteca, pero tambi\u00e9n queremos impulsar otra vez el rescate de los c\u00edtricos, sabemos que la huasteca es una regi\u00f3n muy apta para la producci\u00f3n de c\u00edtrico y que incluso ya tiene mercado&#8221; puntualiz\u00f3.<\/p>\n\n\n\n<p>El secretario estatal, precis\u00f3 que para lograr esto, se va a traer inversi\u00f3n, -&#8220;Se va a apoyar a los productores para que podamos desarrollar el campo, pero tambi\u00e9n se tienen que hacer las cosas de manera correcta, por eso la secretar\u00eda cuenta con una direcci\u00f3n general de comercializaci\u00f3n, para tener el c\u00edrculo virtuoso, desde el trabajador, el productor que pone el granito de tierra, la planta, que trabaja todo el a\u00f1o y luego cosecha; que tengamos nosotros esa conciencia de respaldarles y encontrar d\u00f3nde colocar su producto&#8221;.<\/p>\n\n\n\n<p>Finalmente, agreg\u00f3, &#8211; &#8220;No queremos que quede as\u00ed nada m\u00e1s, queremos que sea producto con valor agregado y eso lo vamos a hacer a trav\u00e9s de crear su propia marca registrada&#8221;.<\/p>\n","protected":false},"excerpt":{"rendered":"<p>Por \u00c1ngel Silverio\/Zunoticia San Felipe Orizatl\u00e1n, Hgo. &#8211; Durante su pasada visita a este municipio, Napole\u00f3n Gonz\u00e1les P\u00e9rez secretario de Agricultura del Estado, fue claro al comprometer que se reactivar\u00e1 la producci\u00f3n del campo huasteco, sobre todo con productos que ya tienen mercado y que en esta zona se cosechan, sin embargo, se requiere mayor&hellip; <a class=\"more-link\" href=\"https:\/\/www.zunoticia.com\/noticias-de-hidalgo\/2022\/11\/04\/sera-una-realidad-compromiso-de-reactivar-el-campo-de-la-huasteca\/\">Seguir leyendo <span class=\"screen-reader-text\">Ser\u00e1 una realidad, compromiso de reactivar el campo de la huasteca<\/span><\/a><\/p>\n","protected":false},"author":12,"featured_media":453115,"comment_status":"closed","ping_status":"open","sticky":false,"template":"","format":"standard","meta":{"rop_custom_images_group":[],"rop_custom_messages_group":[],"rop_publish_now":"initial","rop_publish_now_accounts":{"facebook_10159540855086992_322828327761733":""},"rop_publish_now_history":[],"rop_publish_now_status":"pending","footnotes":""},"categories":[180],"tags":[129],"class_list":["post-453114","post","type-post","status-publish","format-standard","has-post-thumbnail","hentry","category-orizatlan","tag-orizatlan","entry"],"_links":{"self":[{"href":"https:\/\/www.zunoticia.com\/noticias-de-hidalgo\/wp-json\/wp\/v2\/posts\/453114","targetHints":{"allow":["GET"]}}],"collection":[{"href":"https:\/\/www.zunoticia.com\/noticias-de-hidalgo\/wp-json\/wp\/v2\/posts"}],"about":[{"href":"https:\/\/www.zunoticia.com\/noticias-de-hidalgo\/wp-json\/wp\/v2\/types\/post"}],"author":[{"embeddable":true,"href":"https:\/\/www.zunoticia.com\/noticias-de-hidalgo\/wp-json\/wp\/v2\/users\/12"}],"replies":[{"embeddable":true,"href":"https:\/\/www.zunoticia.com\/noticias-de-hidalgo\/wp-json\/wp\/v2\/comments?post=453114"}],"version-history":[{"count":1,"href":"https:\/\/www.zunoticia.com\/noticias-de-hidalgo\/wp-json\/wp\/v2\/posts\/453114\/revisions"}],"predecessor-version":[{"id":453116,"href":"https:\/\/www.zunoticia.com\/noticias-de-hidalgo\/wp-json\/wp\/v2\/posts\/453114\/revisions\/453116"}],"wp:featuredmedia":[{"embeddable":true,"href":"https:\/\/www.zunoticia.com\/noticias-de-hidalgo\/wp-json\/wp\/v2\/media\/453115"}],"wp:attachment":[{"href":"https:\/\/www.zunoticia.com\/noticias-de-hidalgo\/wp-json\/wp\/v2\/media?parent=453114"}],"wp:term":[{"taxonomy":"category","embeddable":true,"href":"https:\/\/www.zunoticia.com\/noticias-de-hidalgo\/wp-json\/wp\/v2\/categories?post=453114"},{"taxonomy":"post_tag","embeddable":true,"href":"https:\/\/www.zunoticia.com\/noticias-de-hidalgo\/wp-json\/wp\/v2\/tags?post=453114"}],"curies":[{"name":"wp","href":"https:\/\/api.w.org\/{rel}","templated":true}]}}