{"id":453434,"date":"2022-11-07T12:02:53","date_gmt":"2022-11-07T18:02:53","guid":{"rendered":"https:\/\/www.zunoticia.com\/noticias-de-hidalgo\/?p=453434"},"modified":"2022-11-07T12:02:55","modified_gmt":"2022-11-07T18:02:55","slug":"empresarios-y-comerciantes-se-preparan-para-el-buen-fin","status":"publish","type":"post","link":"https:\/\/www.zunoticia.com\/noticias-de-hidalgo\/2022\/11\/07\/empresarios-y-comerciantes-se-preparan-para-el-buen-fin\/","title":{"rendered":"Empresarios y comerciantes se preparan para \u201cEl Buen Fin\u201d"},"content":{"rendered":"<aside class=\"mashsb-container mashsb-main mashsb-stretched\"><div class=\"mashsb-box\"><div class=\"mashsb-count mash-large\" style=\"float:left\"><div class=\"counts mashsbcount\">28<\/div><span class=\"mashsb-sharetext\">SHARES<\/span><\/div><div class=\"mashsb-buttons\"><a class=\"mashicon-facebook mash-large mash-center mashsb-noshadow\" href=\"https:\/\/www.facebook.com\/sharer.php?u=https%3A%2F%2Fwww.zunoticia.com%2Fnoticias-de-hidalgo%2F2022%2F11%2F07%2Fempresarios-y-comerciantes-se-preparan-para-el-buen-fin%2F\" target=\"_top\" rel=\"nofollow\"><span class=\"icon\"><\/span><span class=\"text\">Share<\/span><\/a><a class=\"mashicon-twitter mash-large mash-center mashsb-noshadow\" href=\"https:\/\/twitter.com\/intent\/tweet?text=&amp;url=https:\/\/www.zunoticia.com\/noticias-de-hidalgo\/2022\/11\/07\/empresarios-y-comerciantes-se-preparan-para-el-buen-fin\/\" target=\"_top\" rel=\"nofollow\"><span class=\"icon\"><\/span><span class=\"text\">Tweet<\/span><\/a><div class=\"onoffswitch2 mash-large mashsb-noshadow\" style=\"display:none\"><\/div><\/div>\n            <\/div>\n                <div style=\"clear:both\"><\/div><div class=\"mashsb-toggle-container\"><\/div><\/aside>\n            <!-- Share buttons by mashshare.net - Version: 4.0.47-->\n<p><em>Por Enedino Hern\u00e1ndez\/Zunoticia<\/em><\/p>\n\n\n\n<p><strong>Huejutla, Hgo. &#8211;<\/strong> Con toda anticipaci\u00f3n, los comerciantes y empresarios de Huejutla se preparan para participar en el fin de semana m\u00e1s barato del a\u00f1o, mejor conocido por todos como \u201cEl Buen Fin\u201d.<\/p>\n\n\n\n<p>El representante del Sector Empresarial en Huejutla de Reyes, Luis Enrique Camargo, confirm\u00f3 que el Buen Fin se realizar\u00e1 del 18 al 21 de noviembre y en donde se tiene como meta principal ofrecer bienes y servicios rebajados, y a buenos precios.<\/p>\n\n\n\n<p>Con \u201cEl Buen Fin\u201d los comerciantes y empresarios de Huejutla se encuentran con la confianza de poder reactivar la econom\u00eda, la cual se ha mantenido muy baja a m\u00e1s de dos a\u00f1os de la contingencia sanitaria.<\/p>\n\n\n\n<p>Subray\u00f3, \u201cla promoci\u00f3n correspondiente ya se realiza a nivel nacional y en este caso, \u00fanicamente queda sumarnos e insertarnos a la plataforma brindando diversas ofertas de los productos que se tienen en esta zona de Hidalgo\u201d.<\/p>\n\n\n\n<p>Insisti\u00f3 \u201cse deben ofertar productos que sean de gran beneficio para el consumidor para que estos no se sientan defraudados y de esta manera dar atenci\u00f3n y servicios sirvan para atraer a m\u00e1s clientes a nuestros establecimientos\u201d.<\/p>\n\n\n\n<p>Los interesados en integrarse a la plataforma de \u201cEl Buen Fin\u201d pueden acudir con el propio Luis Enrique Camargo, quien les dar\u00e1 la orientaci\u00f3n correspondiente para poder hacerlo y llevarlo por medio de la CONCANACO, sobre todo que esta integraci\u00f3n se realiza de manera gratuita.<\/p>\n","protected":false},"excerpt":{"rendered":"<p>Por Enedino Hern\u00e1ndez\/Zunoticia Huejutla, Hgo. &#8211; Con toda anticipaci\u00f3n, los comerciantes y empresarios de Huejutla se preparan para participar en el fin de semana m\u00e1s barato del a\u00f1o, mejor conocido por todos como \u201cEl Buen Fin\u201d. El representante del Sector Empresarial en Huejutla de Reyes, Luis Enrique Camargo, confirm\u00f3 que el Buen Fin se realizar\u00e1&hellip; <a class=\"more-link\" href=\"https:\/\/www.zunoticia.com\/noticias-de-hidalgo\/2022\/11\/07\/empresarios-y-comerciantes-se-preparan-para-el-buen-fin\/\">Seguir leyendo <span class=\"screen-reader-text\">Empresarios y comerciantes se preparan para \u201cEl Buen Fin\u201d<\/span><\/a><\/p>\n","protected":false},"author":12,"featured_media":453435,"comment_status":"closed","ping_status":"open","sticky":false,"template":"","format":"standard","meta":{"rop_custom_images_group":[],"rop_custom_messages_group":[],"rop_publish_now":"initial","rop_publish_now_accounts":{"facebook_10159540855086992_322828327761733":""},"rop_publish_now_history":[],"rop_publish_now_status":"pending","footnotes":""},"categories":[181],"tags":[121],"class_list":["post-453434","post","type-post","status-publish","format-standard","has-post-thumbnail","hentry","category-huejutla","tag-huejutla","entry"],"_links":{"self":[{"href":"https:\/\/www.zunoticia.com\/noticias-de-hidalgo\/wp-json\/wp\/v2\/posts\/453434","targetHints":{"allow":["GET"]}}],"collection":[{"href":"https:\/\/www.zunoticia.com\/noticias-de-hidalgo\/wp-json\/wp\/v2\/posts"}],"about":[{"href":"https:\/\/www.zunoticia.com\/noticias-de-hidalgo\/wp-json\/wp\/v2\/types\/post"}],"author":[{"embeddable":true,"href":"https:\/\/www.zunoticia.com\/noticias-de-hidalgo\/wp-json\/wp\/v2\/users\/12"}],"replies":[{"embeddable":true,"href":"https:\/\/www.zunoticia.com\/noticias-de-hidalgo\/wp-json\/wp\/v2\/comments?post=453434"}],"version-history":[{"count":1,"href":"https:\/\/www.zunoticia.com\/noticias-de-hidalgo\/wp-json\/wp\/v2\/posts\/453434\/revisions"}],"predecessor-version":[{"id":453436,"href":"https:\/\/www.zunoticia.com\/noticias-de-hidalgo\/wp-json\/wp\/v2\/posts\/453434\/revisions\/453436"}],"wp:featuredmedia":[{"embeddable":true,"href":"https:\/\/www.zunoticia.com\/noticias-de-hidalgo\/wp-json\/wp\/v2\/media\/453435"}],"wp:attachment":[{"href":"https:\/\/www.zunoticia.com\/noticias-de-hidalgo\/wp-json\/wp\/v2\/media?parent=453434"}],"wp:term":[{"taxonomy":"category","embeddable":true,"href":"https:\/\/www.zunoticia.com\/noticias-de-hidalgo\/wp-json\/wp\/v2\/categories?post=453434"},{"taxonomy":"post_tag","embeddable":true,"href":"https:\/\/www.zunoticia.com\/noticias-de-hidalgo\/wp-json\/wp\/v2\/tags?post=453434"}],"curies":[{"name":"wp","href":"https:\/\/api.w.org\/{rel}","templated":true}]}}