{"id":453490,"date":"2022-11-07T17:28:12","date_gmt":"2022-11-07T23:28:12","guid":{"rendered":"https:\/\/www.zunoticia.com\/noticias-de-hidalgo\/?p=453490"},"modified":"2022-11-07T17:28:14","modified_gmt":"2022-11-07T23:28:14","slug":"todo-listo-para-foros-de-consulta-indigena-este-9-de-noviembre","status":"publish","type":"post","link":"https:\/\/www.zunoticia.com\/noticias-de-hidalgo\/2022\/11\/07\/todo-listo-para-foros-de-consulta-indigena-este-9-de-noviembre\/","title":{"rendered":"Todo listo para foros de Consulta Ind\u00edgena este 9 de noviembre"},"content":{"rendered":"<aside class=\"mashsb-container mashsb-main mashsb-stretched\"><div class=\"mashsb-box\"><div class=\"mashsb-count mash-large\" style=\"float:left\"><div class=\"counts mashsbcount\">26<\/div><span class=\"mashsb-sharetext\">SHARES<\/span><\/div><div class=\"mashsb-buttons\"><a class=\"mashicon-facebook mash-large mash-center mashsb-noshadow\" href=\"https:\/\/www.facebook.com\/sharer.php?u=https%3A%2F%2Fwww.zunoticia.com%2Fnoticias-de-hidalgo%2F2022%2F11%2F07%2Ftodo-listo-para-foros-de-consulta-indigena-este-9-de-noviembre%2F\" target=\"_top\" rel=\"nofollow\"><span class=\"icon\"><\/span><span class=\"text\">Share<\/span><\/a><a class=\"mashicon-twitter mash-large mash-center mashsb-noshadow\" href=\"https:\/\/twitter.com\/intent\/tweet?text=&amp;url=https:\/\/www.zunoticia.com\/noticias-de-hidalgo\/2022\/11\/07\/todo-listo-para-foros-de-consulta-indigena-este-9-de-noviembre\/\" target=\"_top\" rel=\"nofollow\"><span class=\"icon\"><\/span><span class=\"text\">Tweet<\/span><\/a><div class=\"onoffswitch2 mash-large mashsb-noshadow\" style=\"display:none\"><\/div><\/div>\n            <\/div>\n                <div style=\"clear:both\"><\/div><div class=\"mashsb-toggle-container\"><\/div><\/aside>\n            <!-- Share buttons by mashshare.net - Version: 4.0.47-->\n<p><em>Por \u00c1ngel Silverio\/Zunoticia<\/em><\/p>\n\n\n\n<p><strong>San Felipe Orizatl\u00e1n, Hgo. &#8211;<\/strong> La ma\u00f1ana de este inicio de semana, se llev\u00f3 a cabo una importante reuni\u00f3n encabezada por la alcaldesa Erika Saab Lara y personal de la Comisi\u00f3n Estatal para el Desarrollo Sostenible de los Pueblos Ind\u00edgenas, a fin de definir las actividades de la consulta Ind\u00edgena.<\/p>\n\n\n\n<p>Saab Lara, estuvo acompa\u00f1ada del personal de INPI, CEDSPI y directivos, para definir los preparativos del Foro de Consulta a los Pueblos y Comunidades Ind\u00edgenas, a trav\u00e9s del di\u00e1logo ciudadano para la construcci\u00f3n del Plan Estatal de la Transformaci\u00f3n, que se llevar\u00e1 a cabo el pr\u00f3ximo mi\u00e9rcoles 9 de noviembre.<\/p>\n\n\n\n<figure class=\"wp-block-image size-large\"><img fetchpriority=\"high\" decoding=\"async\" width=\"1024\" height=\"683\" src=\"https:\/\/www.zunoticia.com\/noticias-de-hidalgo\/wp-content\/uploads\/2022\/11\/WhatsApp-Image-2022-11-07-at-5.26.39-PM-1024x683.jpeg\" alt=\"\" class=\"wp-image-453492\" srcset=\"https:\/\/www.zunoticia.com\/noticias-de-hidalgo\/wp-content\/uploads\/2022\/11\/WhatsApp-Image-2022-11-07-at-5.26.39-PM-1024x683.jpeg 1024w, https:\/\/www.zunoticia.com\/noticias-de-hidalgo\/wp-content\/uploads\/2022\/11\/WhatsApp-Image-2022-11-07-at-5.26.39-PM-300x200.jpeg 300w, https:\/\/www.zunoticia.com\/noticias-de-hidalgo\/wp-content\/uploads\/2022\/11\/WhatsApp-Image-2022-11-07-at-5.26.39-PM-768x512.jpeg 768w, https:\/\/www.zunoticia.com\/noticias-de-hidalgo\/wp-content\/uploads\/2022\/11\/WhatsApp-Image-2022-11-07-at-5.26.39-PM.jpeg 1080w\" sizes=\"(max-width: 1024px) 100vw, 1024px\" \/><\/figure>\n\n\n\n<p>Explicaron que, en estos foros, es de vital importancia la participaci\u00f3n de los ciudadanos y de las autoridades de las comunidades, pues sus propuestas habr\u00e1n de plantearse para ser parte del plan de desarrollo del gobierno estatal, donde se busca incluir a todas las comunidades y as\u00ed avanzar hacia el progreso del estado de Hidalgo.<\/p>\n\n\n\n<p>Estos foros se estar\u00e1n realizando en la galera municipal de la unidad deportiva, dando inicio a las 14:00 horas, por lo que invitan a participar en estos di\u00e1logos ciudadanos para la construcci\u00f3n del Plan estatal de desarrollo para la transformaci\u00f3n de Hidalgo.<\/p>\n","protected":false},"excerpt":{"rendered":"<p>Por \u00c1ngel Silverio\/Zunoticia San Felipe Orizatl\u00e1n, Hgo. &#8211; La ma\u00f1ana de este inicio de semana, se llev\u00f3 a cabo una importante reuni\u00f3n encabezada por la alcaldesa Erika Saab Lara y personal de la Comisi\u00f3n Estatal para el Desarrollo Sostenible de los Pueblos Ind\u00edgenas, a fin de definir las actividades de la consulta Ind\u00edgena. Saab Lara,&hellip; <a class=\"more-link\" href=\"https:\/\/www.zunoticia.com\/noticias-de-hidalgo\/2022\/11\/07\/todo-listo-para-foros-de-consulta-indigena-este-9-de-noviembre\/\">Seguir leyendo <span class=\"screen-reader-text\">Todo listo para foros de Consulta Ind\u00edgena este 9 de noviembre<\/span><\/a><\/p>\n","protected":false},"author":12,"featured_media":453491,"comment_status":"closed","ping_status":"open","sticky":false,"template":"","format":"standard","meta":{"rop_custom_images_group":[],"rop_custom_messages_group":[],"rop_publish_now":"initial","rop_publish_now_accounts":{"facebook_10159540855086992_322828327761733":""},"rop_publish_now_history":[],"rop_publish_now_status":"pending","footnotes":""},"categories":[180],"tags":[129],"class_list":["post-453490","post","type-post","status-publish","format-standard","has-post-thumbnail","hentry","category-orizatlan","tag-orizatlan","entry"],"_links":{"self":[{"href":"https:\/\/www.zunoticia.com\/noticias-de-hidalgo\/wp-json\/wp\/v2\/posts\/453490","targetHints":{"allow":["GET"]}}],"collection":[{"href":"https:\/\/www.zunoticia.com\/noticias-de-hidalgo\/wp-json\/wp\/v2\/posts"}],"about":[{"href":"https:\/\/www.zunoticia.com\/noticias-de-hidalgo\/wp-json\/wp\/v2\/types\/post"}],"author":[{"embeddable":true,"href":"https:\/\/www.zunoticia.com\/noticias-de-hidalgo\/wp-json\/wp\/v2\/users\/12"}],"replies":[{"embeddable":true,"href":"https:\/\/www.zunoticia.com\/noticias-de-hidalgo\/wp-json\/wp\/v2\/comments?post=453490"}],"version-history":[{"count":1,"href":"https:\/\/www.zunoticia.com\/noticias-de-hidalgo\/wp-json\/wp\/v2\/posts\/453490\/revisions"}],"predecessor-version":[{"id":453493,"href":"https:\/\/www.zunoticia.com\/noticias-de-hidalgo\/wp-json\/wp\/v2\/posts\/453490\/revisions\/453493"}],"wp:featuredmedia":[{"embeddable":true,"href":"https:\/\/www.zunoticia.com\/noticias-de-hidalgo\/wp-json\/wp\/v2\/media\/453491"}],"wp:attachment":[{"href":"https:\/\/www.zunoticia.com\/noticias-de-hidalgo\/wp-json\/wp\/v2\/media?parent=453490"}],"wp:term":[{"taxonomy":"category","embeddable":true,"href":"https:\/\/www.zunoticia.com\/noticias-de-hidalgo\/wp-json\/wp\/v2\/categories?post=453490"},{"taxonomy":"post_tag","embeddable":true,"href":"https:\/\/www.zunoticia.com\/noticias-de-hidalgo\/wp-json\/wp\/v2\/tags?post=453490"}],"curies":[{"name":"wp","href":"https:\/\/api.w.org\/{rel}","templated":true}]}}