{"id":453533,"date":"2022-11-07T19:29:21","date_gmt":"2022-11-08T01:29:21","guid":{"rendered":"https:\/\/www.zunoticia.com\/noticias-de-hidalgo\/?p=453533"},"modified":"2022-11-07T19:29:23","modified_gmt":"2022-11-08T01:29:23","slug":"academia-comanches-invita-a-kermes-con-causa","status":"publish","type":"post","link":"https:\/\/www.zunoticia.com\/noticias-de-hidalgo\/2022\/11\/07\/academia-comanches-invita-a-kermes-con-causa\/","title":{"rendered":"Academia Comanches invita a kerm\u00e9s con causa"},"content":{"rendered":"<aside class=\"mashsb-container mashsb-main mashsb-stretched\"><div class=\"mashsb-box\"><div class=\"mashsb-count mash-large\" style=\"float:left\"><div class=\"counts mashsbcount\">39<\/div><span class=\"mashsb-sharetext\">SHARES<\/span><\/div><div class=\"mashsb-buttons\"><a class=\"mashicon-facebook mash-large mash-center mashsb-noshadow\" href=\"https:\/\/www.facebook.com\/sharer.php?u=https%3A%2F%2Fwww.zunoticia.com%2Fnoticias-de-hidalgo%2F2022%2F11%2F07%2Facademia-comanches-invita-a-kermes-con-causa%2F\" target=\"_top\" rel=\"nofollow\"><span class=\"icon\"><\/span><span class=\"text\">Share<\/span><\/a><a class=\"mashicon-twitter mash-large mash-center mashsb-noshadow\" href=\"https:\/\/twitter.com\/intent\/tweet?text=&amp;url=https:\/\/www.zunoticia.com\/noticias-de-hidalgo\/2022\/11\/07\/academia-comanches-invita-a-kermes-con-causa\/\" target=\"_top\" rel=\"nofollow\"><span class=\"icon\"><\/span><span class=\"text\">Tweet<\/span><\/a><div class=\"onoffswitch2 mash-large mashsb-noshadow\" style=\"display:none\"><\/div><\/div>\n            <\/div>\n                <div style=\"clear:both\"><\/div><div class=\"mashsb-toggle-container\"><\/div><\/aside>\n            <!-- Share buttons by mashshare.net - Version: 4.0.47-->\n<p><em>Por \u00c1ngel Silverio\/Zunoticia<\/em><\/p>\n\n\n\n<p><strong>Jaltoc\u00e1n, Hgo.-<\/strong> Con la \u00fanica intenci\u00f3n de recabar fondos para la academia de b\u00e1squetbol Comanches, este pr\u00f3ximo fin de semana se estar\u00e1 realizando una kerm\u00e9s con causa, pues pretenden acudir a participar a un torneo estatal a la ciudad de Pachuca y as\u00ed poner en alto el nombre del deporte r\u00e1faga en el municipio.<\/p>\n\n\n\n<p>Juvenal Espinoza, entrenador de la mencionada academia, indic\u00f3 &#8211; &#8220;Contamos con una matr\u00edcula de 45 ni\u00f1os y j\u00f3venes para poder participar, por ello para poder sufragar los gastos tenemos que hacer diversas actividades que nos ayuden a juntar el dinero que necesitamos para el torneo estatal que est\u00e1 pr\u00f3ximo a realizarse los d\u00edas 2 y 3 de diciembre en la ciudad de Pachuca &#8220;.<\/p>\n\n\n\n<p>Por ello, ser\u00e1 este viernes 11 de noviembre cuando se realice una kerm\u00e9s para recaudar dichos fondos, donde habr\u00e1 demostraci\u00f3n de juegos en su categor\u00eda infantil y juvenil, adem\u00e1s de que se estar\u00e1n vendiendo antojitos mexicanos, entre otros juegos de mesa para ni\u00f1os, m\u00fasica y m\u00e1s.<\/p>\n\n\n\n<p>Agreg\u00f3 que se han tenido muy buenos resultados durante las pasadas participaciones en los diferentes torneos, por ello estan motivados para poder colectar el dinero que necesitan y as\u00ed poder obtener su pase al nacional.<\/p>\n","protected":false},"excerpt":{"rendered":"<p>Por \u00c1ngel Silverio\/Zunoticia Jaltoc\u00e1n, Hgo.- Con la \u00fanica intenci\u00f3n de recabar fondos para la academia de b\u00e1squetbol Comanches, este pr\u00f3ximo fin de semana se estar\u00e1 realizando una kerm\u00e9s con causa, pues pretenden acudir a participar a un torneo estatal a la ciudad de Pachuca y as\u00ed poner en alto el nombre del deporte r\u00e1faga en&hellip; <a class=\"more-link\" href=\"https:\/\/www.zunoticia.com\/noticias-de-hidalgo\/2022\/11\/07\/academia-comanches-invita-a-kermes-con-causa\/\">Seguir leyendo <span class=\"screen-reader-text\">Academia Comanches invita a kerm\u00e9s con causa<\/span><\/a><\/p>\n","protected":false},"author":12,"featured_media":453531,"comment_status":"closed","ping_status":"open","sticky":false,"template":"","format":"standard","meta":{"rop_custom_images_group":[],"rop_custom_messages_group":[],"rop_publish_now":"initial","rop_publish_now_accounts":{"facebook_10159540855086992_322828327761733":""},"rop_publish_now_history":[],"rop_publish_now_status":"pending","footnotes":""},"categories":[179,200],"tags":[131],"class_list":["post-453533","post","type-post","status-publish","format-standard","has-post-thumbnail","hentry","category-huasteca","category-jaltocan","tag-jaltocan","entry"],"_links":{"self":[{"href":"https:\/\/www.zunoticia.com\/noticias-de-hidalgo\/wp-json\/wp\/v2\/posts\/453533","targetHints":{"allow":["GET"]}}],"collection":[{"href":"https:\/\/www.zunoticia.com\/noticias-de-hidalgo\/wp-json\/wp\/v2\/posts"}],"about":[{"href":"https:\/\/www.zunoticia.com\/noticias-de-hidalgo\/wp-json\/wp\/v2\/types\/post"}],"author":[{"embeddable":true,"href":"https:\/\/www.zunoticia.com\/noticias-de-hidalgo\/wp-json\/wp\/v2\/users\/12"}],"replies":[{"embeddable":true,"href":"https:\/\/www.zunoticia.com\/noticias-de-hidalgo\/wp-json\/wp\/v2\/comments?post=453533"}],"version-history":[{"count":1,"href":"https:\/\/www.zunoticia.com\/noticias-de-hidalgo\/wp-json\/wp\/v2\/posts\/453533\/revisions"}],"predecessor-version":[{"id":453534,"href":"https:\/\/www.zunoticia.com\/noticias-de-hidalgo\/wp-json\/wp\/v2\/posts\/453533\/revisions\/453534"}],"wp:featuredmedia":[{"embeddable":true,"href":"https:\/\/www.zunoticia.com\/noticias-de-hidalgo\/wp-json\/wp\/v2\/media\/453531"}],"wp:attachment":[{"href":"https:\/\/www.zunoticia.com\/noticias-de-hidalgo\/wp-json\/wp\/v2\/media?parent=453533"}],"wp:term":[{"taxonomy":"category","embeddable":true,"href":"https:\/\/www.zunoticia.com\/noticias-de-hidalgo\/wp-json\/wp\/v2\/categories?post=453533"},{"taxonomy":"post_tag","embeddable":true,"href":"https:\/\/www.zunoticia.com\/noticias-de-hidalgo\/wp-json\/wp\/v2\/tags?post=453533"}],"curies":[{"name":"wp","href":"https:\/\/api.w.org\/{rel}","templated":true}]}}