{"id":453555,"date":"2022-11-07T20:28:19","date_gmt":"2022-11-08T02:28:19","guid":{"rendered":"https:\/\/www.zunoticia.com\/noticias-de-hidalgo\/?p=453555"},"modified":"2022-11-07T20:28:21","modified_gmt":"2022-11-08T02:28:21","slug":"llegan-restos-de-militar-huejutlense-fallecido-en-accidente","status":"publish","type":"post","link":"https:\/\/www.zunoticia.com\/noticias-de-hidalgo\/2022\/11\/07\/llegan-restos-de-militar-huejutlense-fallecido-en-accidente\/","title":{"rendered":"Llegan restos de militar huejutlense fallecido en accidente"},"content":{"rendered":"<aside class=\"mashsb-container mashsb-main mashsb-stretched\"><div class=\"mashsb-box\"><div class=\"mashsb-count mash-large\" style=\"float:left\"><div class=\"counts mashsbcount\">146<\/div><span class=\"mashsb-sharetext\">SHARES<\/span><\/div><div class=\"mashsb-buttons\"><a class=\"mashicon-facebook mash-large mash-center mashsb-noshadow\" href=\"https:\/\/www.facebook.com\/sharer.php?u=https%3A%2F%2Fwww.zunoticia.com%2Fnoticias-de-hidalgo%2F2022%2F11%2F07%2Fllegan-restos-de-militar-huejutlense-fallecido-en-accidente%2F\" target=\"_top\" rel=\"nofollow\"><span class=\"icon\"><\/span><span class=\"text\">Share<\/span><\/a><a class=\"mashicon-twitter mash-large mash-center mashsb-noshadow\" href=\"https:\/\/twitter.com\/intent\/tweet?text=&amp;url=https:\/\/www.zunoticia.com\/noticias-de-hidalgo\/2022\/11\/07\/llegan-restos-de-militar-huejutlense-fallecido-en-accidente\/\" target=\"_top\" rel=\"nofollow\"><span class=\"icon\"><\/span><span class=\"text\">Tweet<\/span><\/a><div class=\"onoffswitch2 mash-large mashsb-noshadow\" style=\"display:none\"><\/div><\/div>\n            <\/div>\n                <div style=\"clear:both\"><\/div><div class=\"mashsb-toggle-container\"><\/div><\/aside>\n            <!-- Share buttons by mashshare.net - Version: 4.0.47-->\n<p><em>Por Redacci\u00f3n\/Zunoticia<\/em><\/p>\n\n\n\n<p><strong>Huejutla, Hgo.-<\/strong> La tarde noche de este lunes llegaron los restos mortales del militar huejutlense Pablo Cort\u00e9s Olivares, Sargento Primero de Infanter\u00eda, quien perdi\u00f3 la vida en el accidente carretero ocurrido la ma\u00f1ana del domingo, en el estado de Tamaulipas, donde tambi\u00e9n perdieron la vida seis de sus compa\u00f1eros.<\/p>\n\n\n\n<p>De acuerdo con el reporte de las autoridades polic\u00edacas y cuerpos de emergencias, el fatal incidente sucedi\u00f3 en el kil\u00f3metro 215 de la carretera 180, tramo Soto La Marina-Rayones y los siete efectivos del Ej\u00e9rcito Mexicano, eran activos del 15vo Batall\u00f3n de Infanter\u00eda de Tampico, Tamaulipas, pertenecientes a la 48 Zona Militar.<\/p>\n\n\n\n<p>Los dem\u00e1s miembros de las fuerzas castrenses que fallecieron, son: el Teniente de Infanter\u00eda Edgar Jes\u00fas Gama Comparan, Comandante de Brigada Gama de Operaci\u00f3n, el Cabo Jair Misael Vargas Carrillo, el Cabo de Infanter\u00eda Miguel del \u00c1ngel del \u00c1ngel, el Soldado de Infanter\u00eda Jos\u00e9 Adri\u00e1n Hern\u00e1ndez Cobos, el Soldado de Infanter\u00eda Eutimio del \u00c1ngel Gregorio y el Soldado de Infanter\u00eda Oswaldo Antonio L\u00f3pez, originarios del estado de Veracruz.<\/p>\n\n\n\n<p>El cuerpo sin vida de Pablo Cort\u00e9s Olivares est\u00e1 siendo velado en la colonia Parque de Poblamiento de esta ciudad, donde amigos y conocidos se concentraron desde la noche de este lunes para darle el \u00faltimo adi\u00f3s a esta persona que muri\u00f3 en el cumplimiento con su deber.<\/p>\n","protected":false},"excerpt":{"rendered":"<p>Por Redacci\u00f3n\/Zunoticia Huejutla, Hgo.- La tarde noche de este lunes llegaron los restos mortales del militar huejutlense Pablo Cort\u00e9s Olivares, Sargento Primero de Infanter\u00eda, quien perdi\u00f3 la vida en el accidente carretero ocurrido la ma\u00f1ana del domingo, en el estado de Tamaulipas, donde tambi\u00e9n perdieron la vida seis de sus compa\u00f1eros. De acuerdo con el&hellip; <a class=\"more-link\" href=\"https:\/\/www.zunoticia.com\/noticias-de-hidalgo\/2022\/11\/07\/llegan-restos-de-militar-huejutlense-fallecido-en-accidente\/\">Seguir leyendo <span class=\"screen-reader-text\">Llegan restos de militar huejutlense fallecido en accidente<\/span><\/a><\/p>\n","protected":false},"author":12,"featured_media":453546,"comment_status":"closed","ping_status":"open","sticky":false,"template":"","format":"standard","meta":{"rop_custom_images_group":[],"rop_custom_messages_group":[],"rop_publish_now":"initial","rop_publish_now_accounts":{"facebook_10159540855086992_322828327761733":""},"rop_publish_now_history":[],"rop_publish_now_status":"pending","footnotes":""},"categories":[178],"tags":[259],"class_list":["post-453555","post","type-post","status-publish","format-standard","has-post-thumbnail","hentry","category-policiaca","tag-policiaca","entry"],"_links":{"self":[{"href":"https:\/\/www.zunoticia.com\/noticias-de-hidalgo\/wp-json\/wp\/v2\/posts\/453555","targetHints":{"allow":["GET"]}}],"collection":[{"href":"https:\/\/www.zunoticia.com\/noticias-de-hidalgo\/wp-json\/wp\/v2\/posts"}],"about":[{"href":"https:\/\/www.zunoticia.com\/noticias-de-hidalgo\/wp-json\/wp\/v2\/types\/post"}],"author":[{"embeddable":true,"href":"https:\/\/www.zunoticia.com\/noticias-de-hidalgo\/wp-json\/wp\/v2\/users\/12"}],"replies":[{"embeddable":true,"href":"https:\/\/www.zunoticia.com\/noticias-de-hidalgo\/wp-json\/wp\/v2\/comments?post=453555"}],"version-history":[{"count":1,"href":"https:\/\/www.zunoticia.com\/noticias-de-hidalgo\/wp-json\/wp\/v2\/posts\/453555\/revisions"}],"predecessor-version":[{"id":453557,"href":"https:\/\/www.zunoticia.com\/noticias-de-hidalgo\/wp-json\/wp\/v2\/posts\/453555\/revisions\/453557"}],"wp:featuredmedia":[{"embeddable":true,"href":"https:\/\/www.zunoticia.com\/noticias-de-hidalgo\/wp-json\/wp\/v2\/media\/453546"}],"wp:attachment":[{"href":"https:\/\/www.zunoticia.com\/noticias-de-hidalgo\/wp-json\/wp\/v2\/media?parent=453555"}],"wp:term":[{"taxonomy":"category","embeddable":true,"href":"https:\/\/www.zunoticia.com\/noticias-de-hidalgo\/wp-json\/wp\/v2\/categories?post=453555"},{"taxonomy":"post_tag","embeddable":true,"href":"https:\/\/www.zunoticia.com\/noticias-de-hidalgo\/wp-json\/wp\/v2\/tags?post=453555"}],"curies":[{"name":"wp","href":"https:\/\/api.w.org\/{rel}","templated":true}]}}