{"id":453587,"date":"2022-11-07T23:54:49","date_gmt":"2022-11-08T05:54:49","guid":{"rendered":"https:\/\/www.zunoticia.com\/noticias-de-hidalgo\/?p=453587"},"modified":"2022-11-07T23:54:51","modified_gmt":"2022-11-08T05:54:51","slug":"en-acuerdo-con-coneval-hidalgo-evalua-su-combate-a-la-pobreza","status":"publish","type":"post","link":"https:\/\/www.zunoticia.com\/noticias-de-hidalgo\/2022\/11\/07\/en-acuerdo-con-coneval-hidalgo-evalua-su-combate-a-la-pobreza\/","title":{"rendered":"En acuerdo con Coneval, Hidalgo eval\u00faa su combate a la pobreza"},"content":{"rendered":"<aside class=\"mashsb-container mashsb-main mashsb-stretched\"><div class=\"mashsb-box\"><div class=\"mashsb-count mash-large\" style=\"float:left\"><div class=\"counts mashsbcount\">16<\/div><span class=\"mashsb-sharetext\">SHARES<\/span><\/div><div class=\"mashsb-buttons\"><a class=\"mashicon-facebook mash-large mash-center mashsb-noshadow\" href=\"https:\/\/www.facebook.com\/sharer.php?u=https%3A%2F%2Fwww.zunoticia.com%2Fnoticias-de-hidalgo%2F2022%2F11%2F07%2Fen-acuerdo-con-coneval-hidalgo-evalua-su-combate-a-la-pobreza%2F\" target=\"_top\" rel=\"nofollow\"><span class=\"icon\"><\/span><span class=\"text\">Share<\/span><\/a><a class=\"mashicon-twitter mash-large mash-center mashsb-noshadow\" href=\"https:\/\/twitter.com\/intent\/tweet?text=&amp;url=https:\/\/www.zunoticia.com\/noticias-de-hidalgo\/2022\/11\/07\/en-acuerdo-con-coneval-hidalgo-evalua-su-combate-a-la-pobreza\/\" target=\"_top\" rel=\"nofollow\"><span class=\"icon\"><\/span><span class=\"text\">Tweet<\/span><\/a><div class=\"onoffswitch2 mash-large mashsb-noshadow\" style=\"display:none\"><\/div><\/div>\n            <\/div>\n                <div style=\"clear:both\"><\/div><div class=\"mashsb-toggle-container\"><\/div><\/aside>\n            <!-- Share buttons by mashshare.net - Version: 4.0.47-->\n<ul class=\"wp-block-list\"><li>El titular del Ejecutivo estatal refrend\u00f3 su compromiso con la construcci\u00f3n de pol\u00edticas de bienestar.<\/li><li>Menchaca Salazar anunci\u00f3 una inversi\u00f3n de 315 MDP para mejorar caminos y carreteras.<\/li><\/ul>\n\n\n\n<p><em>Por Redacci\u00f3n\/Zunoticia<\/em><\/p>\n\n\n\n<p><strong>San Agust\u00edn Tlaxiaca, Hgo.-<\/strong> Con el compromiso de generar un Plan Estatal de Desarrollo que beneficie a los sectores m\u00e1s vulnerables, el gobernador Julio Menchaca Salazar, llev\u00f3 a cabo la firma de un Convenio de Colaboraci\u00f3n con el Consejo Nacional de Evaluaci\u00f3n de la Pol\u00edtica de Desarrollo Social (Coneval).<\/p>\n\n\n\n<p>\u201cLa firma de este convenio significa tener el respaldo de un organismo reconocido hacia la construcci\u00f3n de nuestro Plan Estatal para la Transformaci\u00f3n de Hidalgo y, a su vez, estar sometidos a una evaluaci\u00f3n constante\u201d, se\u00f1al\u00f3 al recordar que durante su gesti\u00f3n, se buscar\u00e1 la certificaci\u00f3n del ISO 9000 e ISO 37001, referentes al servicio de calidad y pol\u00edticas anti soborno.<\/p>\n\n\n\n<p>Jos\u00e9 Nabor Cruz Marcelo, secretario ejecutivo del Coneval, celebr\u00f3 la disposici\u00f3n que ha mostrado el nuevo gobierno de Hidalgo y asegur\u00f3 que, gracias a este acuerdo, se podr\u00e1n reforzar las acciones a desarrollar por la nueva administraci\u00f3n.<\/p>\n\n\n\n<p>Inform\u00f3 que se present\u00f3 un incremento del 7 al 8.1 por ciento en los \u00edndices de pobreza, derivado de la carencia al acceso a la seguridad social y a una nutrici\u00f3n de calidad, mientras que el rezago educativo alcanz\u00f3 el 18 por ciento del total de la poblaci\u00f3n.<\/p>\n\n\n\n<p>Cruz Marcelo tambi\u00e9n dio a conocer que la mitad de la poblaci\u00f3n en Hidalgo se encuentra en pobreza laboral, porcentaje que se agudiz\u00f3 a ra\u00edz de la emergencia sanitaria por Covid-19 cifra que, si bien es un espejo del contexto nacional, debe ser atendido por cada uno de los gobiernos locales.<\/p>\n\n\n\n<p>Bajo este tenor, Menchaca Salazar se\u00f1al\u00f3 como lacerantes los porcentajes de rezago, al explicar que estos representan un reflejo del abandono y descuido, que durante muchos a\u00f1os comprometi\u00f3 el bienestar de la poblaci\u00f3n.<\/p>\n\n\n\n<figure class=\"wp-block-image size-large\"><img fetchpriority=\"high\" decoding=\"async\" width=\"1024\" height=\"575\" src=\"https:\/\/www.zunoticia.com\/noticias-de-hidalgo\/wp-content\/uploads\/2022\/11\/eZy-Watermark-07-11-2022-11-33-07p.m.-1024x575.jpg\" alt=\"\" class=\"wp-image-453584\" srcset=\"https:\/\/www.zunoticia.com\/noticias-de-hidalgo\/wp-content\/uploads\/2022\/11\/eZy-Watermark-07-11-2022-11-33-07p.m.-1024x575.jpg 1024w, https:\/\/www.zunoticia.com\/noticias-de-hidalgo\/wp-content\/uploads\/2022\/11\/eZy-Watermark-07-11-2022-11-33-07p.m.-300x169.jpg 300w, https:\/\/www.zunoticia.com\/noticias-de-hidalgo\/wp-content\/uploads\/2022\/11\/eZy-Watermark-07-11-2022-11-33-07p.m.-768x431.jpg 768w, https:\/\/www.zunoticia.com\/noticias-de-hidalgo\/wp-content\/uploads\/2022\/11\/eZy-Watermark-07-11-2022-11-33-07p.m..jpg 1280w\" sizes=\"(max-width: 1024px) 100vw, 1024px\" \/><\/figure>\n\n\n\n<p>El mandatario estatal anunci\u00f3 una inversi\u00f3n de 315 millones de pesos para mejorar caminos y carreteras de 12 municipios.<\/p>\n\n\n\n<p>Miguel \u00c1ngel Tello Vargas, titular de la Unidad de Planeaci\u00f3n y Prospectiva, enfatiz\u00f3 que la ratificaci\u00f3n de este convenio permitir\u00e1 construir pol\u00edticas p\u00fablicas responsables, \u201cCada peso que se invierta, repercutir\u00e1 de manera positiva en el bienestar de las y los hidalguenses\u201d y gracias a ello se avanzar\u00e1 en un eficaz combate a la pobreza.<\/p>\n","protected":false},"excerpt":{"rendered":"<p>El titular del Ejecutivo estatal refrend\u00f3 su compromiso con la construcci\u00f3n de pol\u00edticas de bienestar. Menchaca Salazar anunci\u00f3 una inversi\u00f3n de 315 MDP para mejorar caminos y carreteras. Por Redacci\u00f3n\/Zunoticia San Agust\u00edn Tlaxiaca, Hgo.- Con el compromiso de generar un Plan Estatal de Desarrollo que beneficie a los sectores m\u00e1s vulnerables, el gobernador Julio Menchaca&hellip; <a class=\"more-link\" href=\"https:\/\/www.zunoticia.com\/noticias-de-hidalgo\/2022\/11\/07\/en-acuerdo-con-coneval-hidalgo-evalua-su-combate-a-la-pobreza\/\">Seguir leyendo <span class=\"screen-reader-text\">En acuerdo con Coneval, Hidalgo eval\u00faa su combate a la pobreza<\/span><\/a><\/p>\n","protected":false},"author":12,"featured_media":453583,"comment_status":"closed","ping_status":"open","sticky":false,"template":"","format":"standard","meta":{"rop_custom_images_group":[],"rop_custom_messages_group":[],"rop_publish_now":"initial","rop_publish_now_accounts":{"facebook_10159540855086992_322828327761733":""},"rop_publish_now_history":[],"rop_publish_now_status":"pending","footnotes":""},"categories":[208],"tags":[214],"class_list":["post-453587","post","type-post","status-publish","format-standard","has-post-thumbnail","hentry","category-estado","tag-estado","entry"],"_links":{"self":[{"href":"https:\/\/www.zunoticia.com\/noticias-de-hidalgo\/wp-json\/wp\/v2\/posts\/453587","targetHints":{"allow":["GET"]}}],"collection":[{"href":"https:\/\/www.zunoticia.com\/noticias-de-hidalgo\/wp-json\/wp\/v2\/posts"}],"about":[{"href":"https:\/\/www.zunoticia.com\/noticias-de-hidalgo\/wp-json\/wp\/v2\/types\/post"}],"author":[{"embeddable":true,"href":"https:\/\/www.zunoticia.com\/noticias-de-hidalgo\/wp-json\/wp\/v2\/users\/12"}],"replies":[{"embeddable":true,"href":"https:\/\/www.zunoticia.com\/noticias-de-hidalgo\/wp-json\/wp\/v2\/comments?post=453587"}],"version-history":[{"count":1,"href":"https:\/\/www.zunoticia.com\/noticias-de-hidalgo\/wp-json\/wp\/v2\/posts\/453587\/revisions"}],"predecessor-version":[{"id":453588,"href":"https:\/\/www.zunoticia.com\/noticias-de-hidalgo\/wp-json\/wp\/v2\/posts\/453587\/revisions\/453588"}],"wp:featuredmedia":[{"embeddable":true,"href":"https:\/\/www.zunoticia.com\/noticias-de-hidalgo\/wp-json\/wp\/v2\/media\/453583"}],"wp:attachment":[{"href":"https:\/\/www.zunoticia.com\/noticias-de-hidalgo\/wp-json\/wp\/v2\/media?parent=453587"}],"wp:term":[{"taxonomy":"category","embeddable":true,"href":"https:\/\/www.zunoticia.com\/noticias-de-hidalgo\/wp-json\/wp\/v2\/categories?post=453587"},{"taxonomy":"post_tag","embeddable":true,"href":"https:\/\/www.zunoticia.com\/noticias-de-hidalgo\/wp-json\/wp\/v2\/tags?post=453587"}],"curies":[{"name":"wp","href":"https:\/\/api.w.org\/{rel}","templated":true}]}}