{"id":453853,"date":"2022-11-09T14:57:36","date_gmt":"2022-11-09T20:57:36","guid":{"rendered":"https:\/\/www.zunoticia.com\/noticias-de-hidalgo\/?p=453853"},"modified":"2022-11-09T14:57:39","modified_gmt":"2022-11-09T20:57:39","slug":"aportan-las-infancias-a-la-agenda-del-futuro-de-hidalgo","status":"publish","type":"post","link":"https:\/\/www.zunoticia.com\/noticias-de-hidalgo\/2022\/11\/09\/aportan-las-infancias-a-la-agenda-del-futuro-de-hidalgo\/","title":{"rendered":"Aportan las infancias a la agenda del futuro de Hidalgo"},"content":{"rendered":"<aside class=\"mashsb-container mashsb-main mashsb-stretched\"><div class=\"mashsb-box\"><div class=\"mashsb-count mash-large\" style=\"float:left\"><div class=\"counts mashsbcount\">1<\/div><span class=\"mashsb-sharetext\">SHARES<\/span><\/div><div class=\"mashsb-buttons\"><a class=\"mashicon-facebook mash-large mash-center mashsb-noshadow\" href=\"https:\/\/www.facebook.com\/sharer.php?u=https%3A%2F%2Fwww.zunoticia.com%2Fnoticias-de-hidalgo%2F2022%2F11%2F09%2Faportan-las-infancias-a-la-agenda-del-futuro-de-hidalgo%2F\" target=\"_top\" rel=\"nofollow\"><span class=\"icon\"><\/span><span class=\"text\">Share<\/span><\/a><a class=\"mashicon-twitter mash-large mash-center mashsb-noshadow\" href=\"https:\/\/twitter.com\/intent\/tweet?text=&amp;url=https:\/\/www.zunoticia.com\/noticias-de-hidalgo\/2022\/11\/09\/aportan-las-infancias-a-la-agenda-del-futuro-de-hidalgo\/\" target=\"_top\" rel=\"nofollow\"><span class=\"icon\"><\/span><span class=\"text\">Tweet<\/span><\/a><div class=\"onoffswitch2 mash-large mashsb-noshadow\" style=\"display:none\"><\/div><\/div>\n            <\/div>\n                <div style=\"clear:both\"><\/div><div class=\"mashsb-toggle-container\"><\/div><\/aside>\n            <!-- Share buttons by mashshare.net - Version: 4.0.47-->\n<ul class=\"wp-block-list\"><li>Reconoce el Ejecutivo el esfuerzo y compromiso de las infancias para construir el Hidalgo que queremos.<\/li><li>El Gobierno de Hidalgo seguir\u00e1 impulsando mecanismos de participaci\u00f3n para construir el Plan Estatal de Desarrollo.<\/li><\/ul>\n\n\n\n<p><em>Por Redacci\u00f3n\/Zunoticia<\/em><\/p>\n\n\n\n<p><strong>Pachuca de Soto, Hgo. &#8211; <\/strong>El octavo Parlamento Infantil present\u00f3 al gobernador de Hidalgo, Julio Menchaca Salazar, propuestas en materia de seguridad, medio ambiente, equidad e igualdad de g\u00e9nero, de combate a la corrupci\u00f3n, educaci\u00f3n y salud, con la finalidad de construir el Hidalgo que queremos.<\/p>\n\n\n\n<figure class=\"wp-block-image size-large\"><img fetchpriority=\"high\" decoding=\"async\" width=\"1024\" height=\"682\" src=\"https:\/\/www.zunoticia.com\/noticias-de-hidalgo\/wp-content\/uploads\/2022\/11\/WhatsApp-Image-2022-11-09-at-2.46.56-PM-1024x682.jpeg\" alt=\"\" class=\"wp-image-453856\" srcset=\"https:\/\/www.zunoticia.com\/noticias-de-hidalgo\/wp-content\/uploads\/2022\/11\/WhatsApp-Image-2022-11-09-at-2.46.56-PM-1024x682.jpeg 1024w, https:\/\/www.zunoticia.com\/noticias-de-hidalgo\/wp-content\/uploads\/2022\/11\/WhatsApp-Image-2022-11-09-at-2.46.56-PM-300x200.jpeg 300w, https:\/\/www.zunoticia.com\/noticias-de-hidalgo\/wp-content\/uploads\/2022\/11\/WhatsApp-Image-2022-11-09-at-2.46.56-PM-768x512.jpeg 768w, https:\/\/www.zunoticia.com\/noticias-de-hidalgo\/wp-content\/uploads\/2022\/11\/WhatsApp-Image-2022-11-09-at-2.46.56-PM.jpeg 1280w\" sizes=\"(max-width: 1024px) 100vw, 1024px\" \/><\/figure>\n\n\n\n<p>El mandatario estatal escuch\u00f3 cada una de las propuestas y se comprometi\u00f3 a analizarlas para integrarlas al Plan Estatal de Desarrollo, \u201cya que la voz de la ni\u00f1ez hidalguense es de suma importancia y sus ideas ser\u00e1n tomadas en cuenta para integrarlas en la agenda del futuro\u201d.<\/p>\n\n\n\n<p>Acompa\u00f1ado por la presidenta del Sistema DIF Hidalgo, Edda Vite Ramos, el Ejecutivo felicit\u00f3 el entusiasmo mostrado por cada una y uno de las ni\u00f1as y los ni\u00f1os y los convoc\u00f3 a seguir participando en la construcci\u00f3n de un estado con igualdad de oportunidades, \u201cest\u00e9n convencidos de su capacidad, de su talento e inteligencia\u201d, manifest\u00f3.<\/p>\n\n\n\n<figure class=\"wp-block-gallery has-nested-images columns-default is-cropped wp-block-gallery-1 is-layout-flex wp-block-gallery-is-layout-flex\">\n<figure class=\"wp-block-image size-large\"><img decoding=\"async\" width=\"1024\" height=\"575\" data-id=\"453857\" src=\"https:\/\/www.zunoticia.com\/noticias-de-hidalgo\/wp-content\/uploads\/2022\/11\/WhatsApp-Image-2022-11-09-at-2.46.58-PM-1024x575.jpeg\" alt=\"\" class=\"wp-image-453857\" srcset=\"https:\/\/www.zunoticia.com\/noticias-de-hidalgo\/wp-content\/uploads\/2022\/11\/WhatsApp-Image-2022-11-09-at-2.46.58-PM-1024x575.jpeg 1024w, https:\/\/www.zunoticia.com\/noticias-de-hidalgo\/wp-content\/uploads\/2022\/11\/WhatsApp-Image-2022-11-09-at-2.46.58-PM-300x169.jpeg 300w, https:\/\/www.zunoticia.com\/noticias-de-hidalgo\/wp-content\/uploads\/2022\/11\/WhatsApp-Image-2022-11-09-at-2.46.58-PM-768x431.jpeg 768w, https:\/\/www.zunoticia.com\/noticias-de-hidalgo\/wp-content\/uploads\/2022\/11\/WhatsApp-Image-2022-11-09-at-2.46.58-PM.jpeg 1280w\" sizes=\"(max-width: 1024px) 100vw, 1024px\" \/><\/figure>\n\n\n\n<figure class=\"wp-block-image size-large\"><img decoding=\"async\" width=\"1024\" height=\"575\" data-id=\"453858\" src=\"https:\/\/www.zunoticia.com\/noticias-de-hidalgo\/wp-content\/uploads\/2022\/11\/WhatsApp-Image-2022-11-09-at-2.46.58-PM-2-1024x575.jpeg\" alt=\"\" class=\"wp-image-453858\" srcset=\"https:\/\/www.zunoticia.com\/noticias-de-hidalgo\/wp-content\/uploads\/2022\/11\/WhatsApp-Image-2022-11-09-at-2.46.58-PM-2-1024x575.jpeg 1024w, https:\/\/www.zunoticia.com\/noticias-de-hidalgo\/wp-content\/uploads\/2022\/11\/WhatsApp-Image-2022-11-09-at-2.46.58-PM-2-300x169.jpeg 300w, https:\/\/www.zunoticia.com\/noticias-de-hidalgo\/wp-content\/uploads\/2022\/11\/WhatsApp-Image-2022-11-09-at-2.46.58-PM-2-768x431.jpeg 768w, https:\/\/www.zunoticia.com\/noticias-de-hidalgo\/wp-content\/uploads\/2022\/11\/WhatsApp-Image-2022-11-09-at-2.46.58-PM-2.jpeg 1280w\" sizes=\"(max-width: 1024px) 100vw, 1024px\" \/><\/figure>\n<\/figure>\n\n\n\n<p>\u201cHacemos un compromiso para reforzar todas las \u00e1reas de seguridad, pues nuestra aspiraci\u00f3n es que ustedes disfruten de su comunidad, como lo hicimos las y los ni\u00f1os de otras \u00e9pocas\u201d, enfatiz\u00f3 Menchaca Salazar.<\/p>\n\n\n\n<p>El titular del Ejecutivo Estatal a\u00f1adi\u00f3 que la lucha contra la corrupci\u00f3n ser\u00e1 una constante durante su administraci\u00f3n, pues una de sus responsabilidades recae en el cumplimiento de las acciones necesarias en beneficio del pueblo hidalguense.<\/p>\n\n\n\n<figure class=\"wp-block-image size-large\"><img loading=\"lazy\" decoding=\"async\" width=\"1024\" height=\"575\" src=\"https:\/\/www.zunoticia.com\/noticias-de-hidalgo\/wp-content\/uploads\/2022\/11\/WhatsApp-Image-2022-11-09-at-2.46.57-PM-4-1024x575.jpeg\" alt=\"\" class=\"wp-image-453855\" srcset=\"https:\/\/www.zunoticia.com\/noticias-de-hidalgo\/wp-content\/uploads\/2022\/11\/WhatsApp-Image-2022-11-09-at-2.46.57-PM-4-1024x575.jpeg 1024w, https:\/\/www.zunoticia.com\/noticias-de-hidalgo\/wp-content\/uploads\/2022\/11\/WhatsApp-Image-2022-11-09-at-2.46.57-PM-4-300x169.jpeg 300w, https:\/\/www.zunoticia.com\/noticias-de-hidalgo\/wp-content\/uploads\/2022\/11\/WhatsApp-Image-2022-11-09-at-2.46.57-PM-4-768x431.jpeg 768w, https:\/\/www.zunoticia.com\/noticias-de-hidalgo\/wp-content\/uploads\/2022\/11\/WhatsApp-Image-2022-11-09-at-2.46.57-PM-4.jpeg 1280w\" sizes=\"(max-width: 1024px) 100vw, 1024px\" \/><\/figure>\n\n\n\n<p>Al finalizar la mesa de trabajo, cada integrante del Parlamento Infantil realiz\u00f3 un dibujo en el que plasm\u00f3 sus propuestas para contribuir a la agenda del futuro, manifestando que la participaci\u00f3n ciudadana ser\u00e1 uno de los pilares de este gobierno transformador.<\/p>\n\n\n\n<p>De las y los 30 representantes del parlamento infantil, 18 fueron designados en elecciones democr\u00e1ticas organizadas por el Instituto Estatal Electoral (IEEH) y el Congreso del Estado de Hidalgo, mientras que 12 son de representaci\u00f3n proporcional, lo que permite a ni\u00f1os y ni\u00f1as tener un contexto de c\u00f3mo se elige el Poder Legislativo y el acercamiento que se tiene con el Ejecutivo.<\/p>\n","protected":false},"excerpt":{"rendered":"<p>Reconoce el Ejecutivo el esfuerzo y compromiso de las infancias para construir el Hidalgo que queremos. El Gobierno de Hidalgo seguir\u00e1 impulsando mecanismos de participaci\u00f3n para construir el Plan Estatal de Desarrollo. Por Redacci\u00f3n\/Zunoticia Pachuca de Soto, Hgo. &#8211; El octavo Parlamento Infantil present\u00f3 al gobernador de Hidalgo, Julio Menchaca Salazar, propuestas en materia de&hellip; <a class=\"more-link\" href=\"https:\/\/www.zunoticia.com\/noticias-de-hidalgo\/2022\/11\/09\/aportan-las-infancias-a-la-agenda-del-futuro-de-hidalgo\/\">Seguir leyendo <span class=\"screen-reader-text\">Aportan las infancias a la agenda del futuro de Hidalgo<\/span><\/a><\/p>\n","protected":false},"author":12,"featured_media":453854,"comment_status":"closed","ping_status":"open","sticky":false,"template":"","format":"standard","meta":{"rop_custom_images_group":[],"rop_custom_messages_group":[],"rop_publish_now":"initial","rop_publish_now_accounts":{"facebook_10159540855086992_322828327761733":""},"rop_publish_now_history":[],"rop_publish_now_status":"pending","footnotes":""},"categories":[208],"tags":[214],"class_list":["post-453853","post","type-post","status-publish","format-standard","has-post-thumbnail","hentry","category-estado","tag-estado","entry"],"_links":{"self":[{"href":"https:\/\/www.zunoticia.com\/noticias-de-hidalgo\/wp-json\/wp\/v2\/posts\/453853","targetHints":{"allow":["GET"]}}],"collection":[{"href":"https:\/\/www.zunoticia.com\/noticias-de-hidalgo\/wp-json\/wp\/v2\/posts"}],"about":[{"href":"https:\/\/www.zunoticia.com\/noticias-de-hidalgo\/wp-json\/wp\/v2\/types\/post"}],"author":[{"embeddable":true,"href":"https:\/\/www.zunoticia.com\/noticias-de-hidalgo\/wp-json\/wp\/v2\/users\/12"}],"replies":[{"embeddable":true,"href":"https:\/\/www.zunoticia.com\/noticias-de-hidalgo\/wp-json\/wp\/v2\/comments?post=453853"}],"version-history":[{"count":1,"href":"https:\/\/www.zunoticia.com\/noticias-de-hidalgo\/wp-json\/wp\/v2\/posts\/453853\/revisions"}],"predecessor-version":[{"id":453859,"href":"https:\/\/www.zunoticia.com\/noticias-de-hidalgo\/wp-json\/wp\/v2\/posts\/453853\/revisions\/453859"}],"wp:featuredmedia":[{"embeddable":true,"href":"https:\/\/www.zunoticia.com\/noticias-de-hidalgo\/wp-json\/wp\/v2\/media\/453854"}],"wp:attachment":[{"href":"https:\/\/www.zunoticia.com\/noticias-de-hidalgo\/wp-json\/wp\/v2\/media?parent=453853"}],"wp:term":[{"taxonomy":"category","embeddable":true,"href":"https:\/\/www.zunoticia.com\/noticias-de-hidalgo\/wp-json\/wp\/v2\/categories?post=453853"},{"taxonomy":"post_tag","embeddable":true,"href":"https:\/\/www.zunoticia.com\/noticias-de-hidalgo\/wp-json\/wp\/v2\/tags?post=453853"}],"curies":[{"name":"wp","href":"https:\/\/api.w.org\/{rel}","templated":true}]}}