{"id":453879,"date":"2022-11-09T16:39:34","date_gmt":"2022-11-09T22:39:34","guid":{"rendered":"https:\/\/www.zunoticia.com\/noticias-de-hidalgo\/?p=453879"},"modified":"2022-11-09T16:39:37","modified_gmt":"2022-11-09T22:39:37","slug":"subsecretario-de-gobierno-en-la-huasteca-opino-sobre-los-foros-de-consulta-ciudadana","status":"publish","type":"post","link":"https:\/\/www.zunoticia.com\/noticias-de-hidalgo\/2022\/11\/09\/subsecretario-de-gobierno-en-la-huasteca-opino-sobre-los-foros-de-consulta-ciudadana\/","title":{"rendered":"Subsecretario de Gobierno en la Huasteca opin\u00f3 sobre los foros de consulta ciudadana"},"content":{"rendered":"<aside class=\"mashsb-container mashsb-main mashsb-stretched\"><div class=\"mashsb-box\"><div class=\"mashsb-count mash-large\" style=\"float:left\"><div class=\"counts mashsbcount\">31<\/div><span class=\"mashsb-sharetext\">SHARES<\/span><\/div><div class=\"mashsb-buttons\"><a class=\"mashicon-facebook mash-large mash-center mashsb-noshadow\" href=\"https:\/\/www.facebook.com\/sharer.php?u=https%3A%2F%2Fwww.zunoticia.com%2Fnoticias-de-hidalgo%2F2022%2F11%2F09%2Fsubsecretario-de-gobierno-en-la-huasteca-opino-sobre-los-foros-de-consulta-ciudadana%2F\" target=\"_top\" rel=\"nofollow\"><span class=\"icon\"><\/span><span class=\"text\">Share<\/span><\/a><a class=\"mashicon-twitter mash-large mash-center mashsb-noshadow\" href=\"https:\/\/twitter.com\/intent\/tweet?text=&amp;url=https:\/\/www.zunoticia.com\/noticias-de-hidalgo\/2022\/11\/09\/subsecretario-de-gobierno-en-la-huasteca-opino-sobre-los-foros-de-consulta-ciudadana\/\" target=\"_top\" rel=\"nofollow\"><span class=\"icon\"><\/span><span class=\"text\">Tweet<\/span><\/a><div class=\"onoffswitch2 mash-large mashsb-noshadow\" style=\"display:none\"><\/div><\/div>\n            <\/div>\n                <div style=\"clear:both\"><\/div><div class=\"mashsb-toggle-container\"><\/div><\/aside>\n            <!-- Share buttons by mashshare.net - Version: 4.0.47-->\n<p><em>Por Salvador Altamirano\/Zunoticia<\/em><\/p>\n\n\n\n<p><strong>Huejutla, Hgo. &#8211;<\/strong> Entrevistado en torno a los foros de consulta ciudadana, el subsecretario de Gobierno en la huasteca, Marco Antonio Ramos Moguel, enfatiz\u00f3 que los actuales se est\u00e1n llevando a cabo porque el Gobernador del Estado, Julio Menchaca Salazar, quiere un gobierno cercano a la gente.<\/p>\n\n\n\n<p>Explic\u00f3 que el prop\u00f3sito es integrar un plan estatal de desarrollo, que se nutra con ideas, necesidades y posibles soluciones que aporten, en esta ocasi\u00f3n, los habitantes de los pueblos y comunidades ind\u00edgenas, cuyos foros se est\u00e1n realizando en la regi\u00f3n.<\/p>\n\n\n\n<p>Subray\u00f3 que estos son momentos para externar necesidades y propuestas, \u201cson eventos de intercambio de ideas y aportaci\u00f3n de soluciones, que sin duda en esta ocasi\u00f3n ser\u00e1n un detonante para un plan de desarrollo acorde a lo que se requiere en la huasteca hidalguense\u201d.<\/p>\n\n\n\n<p>Para finalizar, Ramos Moguel acentu\u00f3 que, en los actuales foros de consulta, el Comisionado Estatal para el Desarrollo Sostenible de los Pueblos Ind\u00edgenas, Prisco Manuel Guti\u00e9rrez, est\u00e1 haciendo un excelente trabajo, \u201cpor lo que esperamos que redunde en buenos resultados\u201d.<\/p>\n","protected":false},"excerpt":{"rendered":"<p>Por Salvador Altamirano\/Zunoticia Huejutla, Hgo. &#8211; Entrevistado en torno a los foros de consulta ciudadana, el subsecretario de Gobierno en la huasteca, Marco Antonio Ramos Moguel, enfatiz\u00f3 que los actuales se est\u00e1n llevando a cabo porque el Gobernador del Estado, Julio Menchaca Salazar, quiere un gobierno cercano a la gente. Explic\u00f3 que el prop\u00f3sito es&hellip; <a class=\"more-link\" href=\"https:\/\/www.zunoticia.com\/noticias-de-hidalgo\/2022\/11\/09\/subsecretario-de-gobierno-en-la-huasteca-opino-sobre-los-foros-de-consulta-ciudadana\/\">Seguir leyendo <span class=\"screen-reader-text\">Subsecretario de Gobierno en la Huasteca opin\u00f3 sobre los foros de consulta ciudadana<\/span><\/a><\/p>\n","protected":false},"author":12,"featured_media":453880,"comment_status":"closed","ping_status":"open","sticky":false,"template":"","format":"standard","meta":{"rop_custom_images_group":[],"rop_custom_messages_group":[],"rop_publish_now":"initial","rop_publish_now_accounts":{"facebook_10159540855086992_322828327761733":""},"rop_publish_now_history":[],"rop_publish_now_status":"pending","footnotes":""},"categories":[181],"tags":[121],"class_list":["post-453879","post","type-post","status-publish","format-standard","has-post-thumbnail","hentry","category-huejutla","tag-huejutla","entry"],"_links":{"self":[{"href":"https:\/\/www.zunoticia.com\/noticias-de-hidalgo\/wp-json\/wp\/v2\/posts\/453879","targetHints":{"allow":["GET"]}}],"collection":[{"href":"https:\/\/www.zunoticia.com\/noticias-de-hidalgo\/wp-json\/wp\/v2\/posts"}],"about":[{"href":"https:\/\/www.zunoticia.com\/noticias-de-hidalgo\/wp-json\/wp\/v2\/types\/post"}],"author":[{"embeddable":true,"href":"https:\/\/www.zunoticia.com\/noticias-de-hidalgo\/wp-json\/wp\/v2\/users\/12"}],"replies":[{"embeddable":true,"href":"https:\/\/www.zunoticia.com\/noticias-de-hidalgo\/wp-json\/wp\/v2\/comments?post=453879"}],"version-history":[{"count":1,"href":"https:\/\/www.zunoticia.com\/noticias-de-hidalgo\/wp-json\/wp\/v2\/posts\/453879\/revisions"}],"predecessor-version":[{"id":453881,"href":"https:\/\/www.zunoticia.com\/noticias-de-hidalgo\/wp-json\/wp\/v2\/posts\/453879\/revisions\/453881"}],"wp:featuredmedia":[{"embeddable":true,"href":"https:\/\/www.zunoticia.com\/noticias-de-hidalgo\/wp-json\/wp\/v2\/media\/453880"}],"wp:attachment":[{"href":"https:\/\/www.zunoticia.com\/noticias-de-hidalgo\/wp-json\/wp\/v2\/media?parent=453879"}],"wp:term":[{"taxonomy":"category","embeddable":true,"href":"https:\/\/www.zunoticia.com\/noticias-de-hidalgo\/wp-json\/wp\/v2\/categories?post=453879"},{"taxonomy":"post_tag","embeddable":true,"href":"https:\/\/www.zunoticia.com\/noticias-de-hidalgo\/wp-json\/wp\/v2\/tags?post=453879"}],"curies":[{"name":"wp","href":"https:\/\/api.w.org\/{rel}","templated":true}]}}