{"id":453907,"date":"2022-11-09T17:43:26","date_gmt":"2022-11-09T23:43:26","guid":{"rendered":"https:\/\/www.zunoticia.com\/noticias-de-hidalgo\/?p=453907"},"modified":"2022-11-09T17:43:29","modified_gmt":"2022-11-09T23:43:29","slug":"exhortan-a-llevar-a-cabo-una-exposicion-de-productos-agricolas-cosechados-en-la-region","status":"publish","type":"post","link":"https:\/\/www.zunoticia.com\/noticias-de-hidalgo\/2022\/11\/09\/exhortan-a-llevar-a-cabo-una-exposicion-de-productos-agricolas-cosechados-en-la-region\/","title":{"rendered":"Exhortan a llevar a cabo una exposici\u00f3n de productos agr\u00edcolas cosechados en la regi\u00f3n"},"content":{"rendered":"<aside class=\"mashsb-container mashsb-main mashsb-stretched\"><div class=\"mashsb-box\"><div class=\"mashsb-count mash-large\" style=\"float:left\"><div class=\"counts mashsbcount\">2<\/div><span class=\"mashsb-sharetext\">SHARES<\/span><\/div><div class=\"mashsb-buttons\"><a class=\"mashicon-facebook mash-large mash-center mashsb-noshadow\" href=\"https:\/\/www.facebook.com\/sharer.php?u=https%3A%2F%2Fwww.zunoticia.com%2Fnoticias-de-hidalgo%2F2022%2F11%2F09%2Fexhortan-a-llevar-a-cabo-una-exposicion-de-productos-agricolas-cosechados-en-la-region%2F\" target=\"_top\" rel=\"nofollow\"><span class=\"icon\"><\/span><span class=\"text\">Share<\/span><\/a><a class=\"mashicon-twitter mash-large mash-center mashsb-noshadow\" href=\"https:\/\/twitter.com\/intent\/tweet?text=&amp;url=https:\/\/www.zunoticia.com\/noticias-de-hidalgo\/2022\/11\/09\/exhortan-a-llevar-a-cabo-una-exposicion-de-productos-agricolas-cosechados-en-la-region\/\" target=\"_top\" rel=\"nofollow\"><span class=\"icon\"><\/span><span class=\"text\">Tweet<\/span><\/a><div class=\"onoffswitch2 mash-large mashsb-noshadow\" style=\"display:none\"><\/div><\/div>\n            <\/div>\n                <div style=\"clear:both\"><\/div><div class=\"mashsb-toggle-container\"><\/div><\/aside>\n            <!-- Share buttons by mashshare.net - Version: 4.0.47-->\n<p><em>Por Salvador Altamirano\/Zunoticia<\/em><\/p>\n\n\n\n<p><strong>Huejutla, Hgo. &#8211;<\/strong> Con el \u00fanico prop\u00f3sito de que se reactive la agricultura en la regi\u00f3n y vuelva a florecer de manera plena como en el pret\u00e9rito ayer, habitantes de la poblaci\u00f3n exhortan al gobierno municipal para que organice un evento tendiente a exponer lo que se cultiva en la zona rural de la huasteca hidalguense, lo cual ser\u00eda un precedente de suma importancia.<\/p>\n\n\n\n<p>Agregaron que Huejutla ostenta el galard\u00f3n de &#8220;Pueblo con Sabor&#8221;, lo que certifica que la gastronom\u00eda es variada y exquisita, pero cuestionaron si son todos los elementos agr\u00edcolas cultivados en el municipio o la regi\u00f3n para que se considere propia.<\/p>\n\n\n\n<p>Al respecto, Nereo Ram\u00edrez Mart\u00ednez, locatario del mercado municipal, explic\u00f3 que la base de la cocina regional es sin duda el ma\u00edz, frijol, chile y tomate en sus diversas especies, a excepci\u00f3n del jitomate que lo importan del Valle del Mezquital.<\/p>\n\n\n\n<p>Agreg\u00f3 que, para saber con exactitud cu\u00e1les son los productos agr\u00edcolas de la cocina local propiamente cosechados en la regi\u00f3n, respalda la propuesta ciudadana consistente en que el municipio organice una exposici\u00f3n de elementos agr\u00edcolas cultivados en la huasteca del Estado de Hidalgo, no solamente de gastronom\u00eda, cuya base es el cultivo.<\/p>\n\n\n\n<p>Para finalizar, subray\u00f3 que no es posible que el Valle del Mezquital, cuya tierra es \u00e1rida ya que es des\u00e9rtica, sea el &#8220;granero de Hidalgo&#8221;, y en la huasteca, de tierra f\u00e9rtil, proclive a excelentes cultivos, la producci\u00f3n del agro sea magra, y hasta el cilantro que las vendedoras nos enga\u00f1an diciendo que es &#8220;criollito&#8221;, lo traigan de otras latitudes del pa\u00eds.<\/p>\n","protected":false},"excerpt":{"rendered":"<p>Por Salvador Altamirano\/Zunoticia Huejutla, Hgo. &#8211; Con el \u00fanico prop\u00f3sito de que se reactive la agricultura en la regi\u00f3n y vuelva a florecer de manera plena como en el pret\u00e9rito ayer, habitantes de la poblaci\u00f3n exhortan al gobierno municipal para que organice un evento tendiente a exponer lo que se cultiva en la zona rural&hellip; <a class=\"more-link\" href=\"https:\/\/www.zunoticia.com\/noticias-de-hidalgo\/2022\/11\/09\/exhortan-a-llevar-a-cabo-una-exposicion-de-productos-agricolas-cosechados-en-la-region\/\">Seguir leyendo <span class=\"screen-reader-text\">Exhortan a llevar a cabo una exposici\u00f3n de productos agr\u00edcolas cosechados en la regi\u00f3n<\/span><\/a><\/p>\n","protected":false},"author":12,"featured_media":453908,"comment_status":"closed","ping_status":"open","sticky":false,"template":"","format":"standard","meta":{"rop_custom_images_group":[],"rop_custom_messages_group":[],"rop_publish_now":"initial","rop_publish_now_accounts":{"facebook_10159540855086992_322828327761733":""},"rop_publish_now_history":[],"rop_publish_now_status":"pending","footnotes":""},"categories":[181],"tags":[121],"class_list":["post-453907","post","type-post","status-publish","format-standard","has-post-thumbnail","hentry","category-huejutla","tag-huejutla","entry"],"_links":{"self":[{"href":"https:\/\/www.zunoticia.com\/noticias-de-hidalgo\/wp-json\/wp\/v2\/posts\/453907","targetHints":{"allow":["GET"]}}],"collection":[{"href":"https:\/\/www.zunoticia.com\/noticias-de-hidalgo\/wp-json\/wp\/v2\/posts"}],"about":[{"href":"https:\/\/www.zunoticia.com\/noticias-de-hidalgo\/wp-json\/wp\/v2\/types\/post"}],"author":[{"embeddable":true,"href":"https:\/\/www.zunoticia.com\/noticias-de-hidalgo\/wp-json\/wp\/v2\/users\/12"}],"replies":[{"embeddable":true,"href":"https:\/\/www.zunoticia.com\/noticias-de-hidalgo\/wp-json\/wp\/v2\/comments?post=453907"}],"version-history":[{"count":1,"href":"https:\/\/www.zunoticia.com\/noticias-de-hidalgo\/wp-json\/wp\/v2\/posts\/453907\/revisions"}],"predecessor-version":[{"id":453909,"href":"https:\/\/www.zunoticia.com\/noticias-de-hidalgo\/wp-json\/wp\/v2\/posts\/453907\/revisions\/453909"}],"wp:featuredmedia":[{"embeddable":true,"href":"https:\/\/www.zunoticia.com\/noticias-de-hidalgo\/wp-json\/wp\/v2\/media\/453908"}],"wp:attachment":[{"href":"https:\/\/www.zunoticia.com\/noticias-de-hidalgo\/wp-json\/wp\/v2\/media?parent=453907"}],"wp:term":[{"taxonomy":"category","embeddable":true,"href":"https:\/\/www.zunoticia.com\/noticias-de-hidalgo\/wp-json\/wp\/v2\/categories?post=453907"},{"taxonomy":"post_tag","embeddable":true,"href":"https:\/\/www.zunoticia.com\/noticias-de-hidalgo\/wp-json\/wp\/v2\/tags?post=453907"}],"curies":[{"name":"wp","href":"https:\/\/api.w.org\/{rel}","templated":true}]}}