{"id":453916,"date":"2022-11-09T17:57:10","date_gmt":"2022-11-09T23:57:10","guid":{"rendered":"https:\/\/www.zunoticia.com\/noticias-de-hidalgo\/?p=453916"},"modified":"2022-11-09T17:57:12","modified_gmt":"2022-11-09T23:57:12","slug":"segunda-feria-tandas-para-el-bienestar","status":"publish","type":"post","link":"https:\/\/www.zunoticia.com\/noticias-de-hidalgo\/2022\/11\/09\/segunda-feria-tandas-para-el-bienestar\/","title":{"rendered":"Segunda Feria \u201cTandas para el Bienestar\u201d"},"content":{"rendered":"<aside class=\"mashsb-container mashsb-main mashsb-stretched\"><div class=\"mashsb-box\"><div class=\"mashsb-count mash-large\" style=\"float:left\"><div class=\"counts mashsbcount\">84<\/div><span class=\"mashsb-sharetext\">SHARES<\/span><\/div><div class=\"mashsb-buttons\"><a class=\"mashicon-facebook mash-large mash-center mashsb-noshadow\" href=\"https:\/\/www.facebook.com\/sharer.php?u=https%3A%2F%2Fwww.zunoticia.com%2Fnoticias-de-hidalgo%2F2022%2F11%2F09%2Fsegunda-feria-tandas-para-el-bienestar%2F\" target=\"_top\" rel=\"nofollow\"><span class=\"icon\"><\/span><span class=\"text\">Share<\/span><\/a><a class=\"mashicon-twitter mash-large mash-center mashsb-noshadow\" href=\"https:\/\/twitter.com\/intent\/tweet?text=&amp;url=https:\/\/www.zunoticia.com\/noticias-de-hidalgo\/2022\/11\/09\/segunda-feria-tandas-para-el-bienestar\/\" target=\"_top\" rel=\"nofollow\"><span class=\"icon\"><\/span><span class=\"text\">Tweet<\/span><\/a><div class=\"onoffswitch2 mash-large mashsb-noshadow\" style=\"display:none\"><\/div><\/div>\n            <\/div>\n                <div style=\"clear:both\"><\/div><div class=\"mashsb-toggle-container\"><\/div><\/aside>\n            <!-- Share buttons by mashshare.net - Version: 4.0.47-->\n<p><em>Por Enedino Hern\u00e1ndez\/Zunoticia<\/em><\/p>\n\n\n\n<p><strong>Huejutla, Hgo. &#8211;<\/strong> En apoyo a la econom\u00eda local de la regi\u00f3n y a trav\u00e9s del programa tandas, se ha programado para el viernes 11 de noviembre realizar la Segunda Feria \u201cTandas para el Bienestar\u201d en la colonia Framboyanes, en el municipio de Atlapexco.<\/p>\n\n\n\n<p>El coordinador regional de los programas sociales Bienestar en la sierra y huasteca, Gelasio Vel\u00e1zquez Hern\u00e1ndez confirm\u00f3 que en esta segunda feria los sujetos de derecho de las Tandas Bienestar esperan mejorar la econom\u00eda de las familias.<\/p>\n\n\n\n<p>Las personas expondr\u00e1n sus diversos productos elaborados entre artesan\u00edas, alimentos, ropa, art\u00edculos para el hogar, y algunas otras cosas; exponen y se venden, esto genera ingresos familiares, pero adem\u00e1s ayuda a que los negocios y peque\u00f1os talleres puedan tener la posibilidad de promoverse localmente y con ello, mejorar su econom\u00eda.<\/p>\n\n\n\n<p>Por ello, pide a la ciudadan\u00eda en general que participen en la Segunda Feria \u201cTandas para el Bienestar\u201d que se realizar\u00e1 a partir de las 08:00 y hasta las tres de la tarde, del d\u00eda antes se\u00f1alado. Con su asistencia tienen la oportunidad de consumir y apoyar la econom\u00eda local.<\/p>\n\n\n\n<p>Resalt\u00f3 que al momento se ha focalizado el municipio de Atlapexco, con lo cual se busca consolidar el programa en bien de los beneficiados; sugiriendo a todos que implementen en su asistencia al evento las medidas sanitarias, ya que el virus a\u00fan est\u00e1 presente.<\/p>\n","protected":false},"excerpt":{"rendered":"<p>Por Enedino Hern\u00e1ndez\/Zunoticia Huejutla, Hgo. &#8211; En apoyo a la econom\u00eda local de la regi\u00f3n y a trav\u00e9s del programa tandas, se ha programado para el viernes 11 de noviembre realizar la Segunda Feria \u201cTandas para el Bienestar\u201d en la colonia Framboyanes, en el municipio de Atlapexco. El coordinador regional de los programas sociales Bienestar&hellip; <a class=\"more-link\" href=\"https:\/\/www.zunoticia.com\/noticias-de-hidalgo\/2022\/11\/09\/segunda-feria-tandas-para-el-bienestar\/\">Seguir leyendo <span class=\"screen-reader-text\">Segunda Feria \u201cTandas para el Bienestar\u201d<\/span><\/a><\/p>\n","protected":false},"author":12,"featured_media":453917,"comment_status":"closed","ping_status":"closed","sticky":false,"template":"","format":"standard","meta":{"rop_custom_images_group":[],"rop_custom_messages_group":[],"rop_publish_now":"initial","rop_publish_now_accounts":{"facebook_10159540855086992_322828327761733":""},"rop_publish_now_history":[],"rop_publish_now_status":"pending","footnotes":""},"categories":[181],"tags":[121],"class_list":["post-453916","post","type-post","status-publish","format-standard","has-post-thumbnail","hentry","category-huejutla","tag-huejutla","entry"],"_links":{"self":[{"href":"https:\/\/www.zunoticia.com\/noticias-de-hidalgo\/wp-json\/wp\/v2\/posts\/453916","targetHints":{"allow":["GET"]}}],"collection":[{"href":"https:\/\/www.zunoticia.com\/noticias-de-hidalgo\/wp-json\/wp\/v2\/posts"}],"about":[{"href":"https:\/\/www.zunoticia.com\/noticias-de-hidalgo\/wp-json\/wp\/v2\/types\/post"}],"author":[{"embeddable":true,"href":"https:\/\/www.zunoticia.com\/noticias-de-hidalgo\/wp-json\/wp\/v2\/users\/12"}],"replies":[{"embeddable":true,"href":"https:\/\/www.zunoticia.com\/noticias-de-hidalgo\/wp-json\/wp\/v2\/comments?post=453916"}],"version-history":[{"count":1,"href":"https:\/\/www.zunoticia.com\/noticias-de-hidalgo\/wp-json\/wp\/v2\/posts\/453916\/revisions"}],"predecessor-version":[{"id":453918,"href":"https:\/\/www.zunoticia.com\/noticias-de-hidalgo\/wp-json\/wp\/v2\/posts\/453916\/revisions\/453918"}],"wp:featuredmedia":[{"embeddable":true,"href":"https:\/\/www.zunoticia.com\/noticias-de-hidalgo\/wp-json\/wp\/v2\/media\/453917"}],"wp:attachment":[{"href":"https:\/\/www.zunoticia.com\/noticias-de-hidalgo\/wp-json\/wp\/v2\/media?parent=453916"}],"wp:term":[{"taxonomy":"category","embeddable":true,"href":"https:\/\/www.zunoticia.com\/noticias-de-hidalgo\/wp-json\/wp\/v2\/categories?post=453916"},{"taxonomy":"post_tag","embeddable":true,"href":"https:\/\/www.zunoticia.com\/noticias-de-hidalgo\/wp-json\/wp\/v2\/tags?post=453916"}],"curies":[{"name":"wp","href":"https:\/\/api.w.org\/{rel}","templated":true}]}}