{"id":453939,"date":"2022-11-09T18:44:06","date_gmt":"2022-11-10T00:44:06","guid":{"rendered":"https:\/\/www.zunoticia.com\/noticias-de-hidalgo\/?p=453939"},"modified":"2022-11-09T18:44:08","modified_gmt":"2022-11-10T00:44:08","slug":"buscan-recertificacion-de-modulos-de-atencion-ciudadana","status":"publish","type":"post","link":"https:\/\/www.zunoticia.com\/noticias-de-hidalgo\/2022\/11\/09\/buscan-recertificacion-de-modulos-de-atencion-ciudadana\/","title":{"rendered":"Buscan Recertificaci\u00f3n de M\u00f3dulos de Atenci\u00f3n Ciudadana"},"content":{"rendered":"<aside class=\"mashsb-container mashsb-main mashsb-stretched\"><div class=\"mashsb-box\"><div class=\"mashsb-count mash-large\" style=\"float:left\"><div class=\"counts mashsbcount\">25<\/div><span class=\"mashsb-sharetext\">SHARES<\/span><\/div><div class=\"mashsb-buttons\"><a class=\"mashicon-facebook mash-large mash-center mashsb-noshadow\" href=\"https:\/\/www.facebook.com\/sharer.php?u=https%3A%2F%2Fwww.zunoticia.com%2Fnoticias-de-hidalgo%2F2022%2F11%2F09%2Fbuscan-recertificacion-de-modulos-de-atencion-ciudadana%2F\" target=\"_top\" rel=\"nofollow\"><span class=\"icon\"><\/span><span class=\"text\">Share<\/span><\/a><a class=\"mashicon-twitter mash-large mash-center mashsb-noshadow\" href=\"https:\/\/twitter.com\/intent\/tweet?text=&amp;url=https:\/\/www.zunoticia.com\/noticias-de-hidalgo\/2022\/11\/09\/buscan-recertificacion-de-modulos-de-atencion-ciudadana\/\" target=\"_top\" rel=\"nofollow\"><span class=\"icon\"><\/span><span class=\"text\">Tweet<\/span><\/a><div class=\"onoffswitch2 mash-large mashsb-noshadow\" style=\"display:none\"><\/div><\/div>\n            <\/div>\n                <div style=\"clear:both\"><\/div><div class=\"mashsb-toggle-container\"><\/div><\/aside>\n            <!-- Share buttons by mashshare.net - Version: 4.0.47-->\n<ul class=\"wp-block-list\"><li>Bajo la Norma Oficial 9000-2015<\/li><\/ul>\n\n\n\n<p><em>Por Enedino Hern\u00e1ndez\/Zunoticia<\/em><\/p>\n\n\n\n<p><strong>Huejutla, Hgo.-<\/strong> El Vocal del Registro Federal de Electores del INE en Huejutla, Vicente Rodr\u00edguez, confirm\u00f3 que actualmente se busca lograr la Recertificaci\u00f3n de los M\u00f3dulos de Atenci\u00f3n Ciudadana por la Norma Oficial 9000-2015.<\/p>\n\n\n\n<figure class=\"wp-block-image size-large\"><img fetchpriority=\"high\" decoding=\"async\" width=\"768\" height=\"1024\" src=\"https:\/\/www.zunoticia.com\/noticias-de-hidalgo\/wp-content\/uploads\/2022\/11\/eZy-Watermark-09-11-2022-06-12-13p.m.-768x1024.jpg\" alt=\"\" class=\"wp-image-453936\" srcset=\"https:\/\/www.zunoticia.com\/noticias-de-hidalgo\/wp-content\/uploads\/2022\/11\/eZy-Watermark-09-11-2022-06-12-13p.m.-768x1024.jpg 768w, https:\/\/www.zunoticia.com\/noticias-de-hidalgo\/wp-content\/uploads\/2022\/11\/eZy-Watermark-09-11-2022-06-12-13p.m.-225x300.jpg 225w, https:\/\/www.zunoticia.com\/noticias-de-hidalgo\/wp-content\/uploads\/2022\/11\/eZy-Watermark-09-11-2022-06-12-13p.m.-1152x1536.jpg 1152w, https:\/\/www.zunoticia.com\/noticias-de-hidalgo\/wp-content\/uploads\/2022\/11\/eZy-Watermark-09-11-2022-06-12-13p.m..jpg 1200w\" sizes=\"(max-width: 768px) 100vw, 768px\" \/><\/figure>\n\n\n\n<p>Explic\u00f3 que los M\u00f3dulos se encuentran debidamente Certificadas por la Norma Oficial 9000-2015 y cada a\u00f1o se realiza el proceso de Recertificaci\u00f3n correspondiente con la cual se confirma que se brinda una buena atenci\u00f3n a la ciudadan\u00eda.<\/p>\n\n\n\n<p>Detalla que en este 2022 corresponde la Recertificaci\u00f3n de la calidad y el servicio en los M\u00f3dulos de Atenci\u00f3n Ciudadana, por lo que del 14 al 17 de noviembre se llevar\u00e1 a cabo la certificaci\u00f3n por medio de una auditor\u00eda externa.<\/p>\n\n\n\n<figure class=\"wp-block-image size-large\"><img decoding=\"async\" width=\"929\" height=\"1024\" src=\"https:\/\/www.zunoticia.com\/noticias-de-hidalgo\/wp-content\/uploads\/2022\/11\/eZy-Watermark-09-11-2022-06-12-42p.m.-929x1024.jpg\" alt=\"\" class=\"wp-image-453935\" srcset=\"https:\/\/www.zunoticia.com\/noticias-de-hidalgo\/wp-content\/uploads\/2022\/11\/eZy-Watermark-09-11-2022-06-12-42p.m.-929x1024.jpg 929w, https:\/\/www.zunoticia.com\/noticias-de-hidalgo\/wp-content\/uploads\/2022\/11\/eZy-Watermark-09-11-2022-06-12-42p.m.-272x300.jpg 272w, https:\/\/www.zunoticia.com\/noticias-de-hidalgo\/wp-content\/uploads\/2022\/11\/eZy-Watermark-09-11-2022-06-12-42p.m.-768x847.jpg 768w, https:\/\/www.zunoticia.com\/noticias-de-hidalgo\/wp-content\/uploads\/2022\/11\/eZy-Watermark-09-11-2022-06-12-42p.m..jpg 1161w\" sizes=\"(max-width: 929px) 100vw, 929px\" \/><\/figure>\n\n\n\n<p>Dijo que los auditores visitar\u00e1n cada uno de los M\u00f3dulos de Atenci\u00f3n Ciudadana, y aplicar\u00e1n los cuestionarios para ver la atenci\u00f3n de calidad que se le ofrece a la ciudadan\u00eda; esta actividad o proceso de certificaci\u00f3n se lleva a cabo a cabo cada a\u00f1o desde el 2020, que se logr\u00f3 la certificaci\u00f3n.<\/p>\n\n\n\n<p>Vicente Rodr\u00edguez, expone que se observa la atenci\u00f3n y la calidad del servicio que se brinda a la ciudadan\u00eda y que esto se vea aplicado tal y como se estipula en la Normal Oficial 9000-2015; por lo que se verificar\u00e1 la atenci\u00f3n ciudadana, desde el momento en que llega el ciudadano al M\u00f3dulo, el tr\u00e1mite, los datos y la forma en que se le piden los datos, todo el proceso es el que se v\u00e1lida para ver el cumplimiento de la norma.<\/p>\n","protected":false},"excerpt":{"rendered":"<p>Bajo la Norma Oficial 9000-2015 Por Enedino Hern\u00e1ndez\/Zunoticia Huejutla, Hgo.- El Vocal del Registro Federal de Electores del INE en Huejutla, Vicente Rodr\u00edguez, confirm\u00f3 que actualmente se busca lograr la Recertificaci\u00f3n de los M\u00f3dulos de Atenci\u00f3n Ciudadana por la Norma Oficial 9000-2015. Explic\u00f3 que los M\u00f3dulos se encuentran debidamente Certificadas por la Norma Oficial 9000-2015&hellip; <a class=\"more-link\" href=\"https:\/\/www.zunoticia.com\/noticias-de-hidalgo\/2022\/11\/09\/buscan-recertificacion-de-modulos-de-atencion-ciudadana\/\">Seguir leyendo <span class=\"screen-reader-text\">Buscan Recertificaci\u00f3n de M\u00f3dulos de Atenci\u00f3n Ciudadana<\/span><\/a><\/p>\n","protected":false},"author":12,"featured_media":453937,"comment_status":"closed","ping_status":"open","sticky":false,"template":"","format":"standard","meta":{"rop_custom_images_group":[],"rop_custom_messages_group":[],"rop_publish_now":"initial","rop_publish_now_accounts":{"facebook_10159540855086992_322828327761733":""},"rop_publish_now_history":[],"rop_publish_now_status":"pending","footnotes":""},"categories":[181],"tags":[121],"class_list":["post-453939","post","type-post","status-publish","format-standard","has-post-thumbnail","hentry","category-huejutla","tag-huejutla","entry"],"_links":{"self":[{"href":"https:\/\/www.zunoticia.com\/noticias-de-hidalgo\/wp-json\/wp\/v2\/posts\/453939","targetHints":{"allow":["GET"]}}],"collection":[{"href":"https:\/\/www.zunoticia.com\/noticias-de-hidalgo\/wp-json\/wp\/v2\/posts"}],"about":[{"href":"https:\/\/www.zunoticia.com\/noticias-de-hidalgo\/wp-json\/wp\/v2\/types\/post"}],"author":[{"embeddable":true,"href":"https:\/\/www.zunoticia.com\/noticias-de-hidalgo\/wp-json\/wp\/v2\/users\/12"}],"replies":[{"embeddable":true,"href":"https:\/\/www.zunoticia.com\/noticias-de-hidalgo\/wp-json\/wp\/v2\/comments?post=453939"}],"version-history":[{"count":1,"href":"https:\/\/www.zunoticia.com\/noticias-de-hidalgo\/wp-json\/wp\/v2\/posts\/453939\/revisions"}],"predecessor-version":[{"id":453941,"href":"https:\/\/www.zunoticia.com\/noticias-de-hidalgo\/wp-json\/wp\/v2\/posts\/453939\/revisions\/453941"}],"wp:featuredmedia":[{"embeddable":true,"href":"https:\/\/www.zunoticia.com\/noticias-de-hidalgo\/wp-json\/wp\/v2\/media\/453937"}],"wp:attachment":[{"href":"https:\/\/www.zunoticia.com\/noticias-de-hidalgo\/wp-json\/wp\/v2\/media?parent=453939"}],"wp:term":[{"taxonomy":"category","embeddable":true,"href":"https:\/\/www.zunoticia.com\/noticias-de-hidalgo\/wp-json\/wp\/v2\/categories?post=453939"},{"taxonomy":"post_tag","embeddable":true,"href":"https:\/\/www.zunoticia.com\/noticias-de-hidalgo\/wp-json\/wp\/v2\/tags?post=453939"}],"curies":[{"name":"wp","href":"https:\/\/api.w.org\/{rel}","templated":true}]}}