{"id":453944,"date":"2022-11-09T18:57:32","date_gmt":"2022-11-10T00:57:32","guid":{"rendered":"https:\/\/www.zunoticia.com\/noticias-de-hidalgo\/?p=453944"},"modified":"2022-11-09T18:57:34","modified_gmt":"2022-11-10T00:57:34","slug":"que-los-foros-de-consulta-de-pueblos-y-comunidades-indigenas-no-sea-solo-un-requisito-fa","status":"publish","type":"post","link":"https:\/\/www.zunoticia.com\/noticias-de-hidalgo\/2022\/11\/09\/que-los-foros-de-consulta-de-pueblos-y-comunidades-indigenas-no-sea-solo-un-requisito-fa\/","title":{"rendered":"Que los Foros de Consulta de Pueblos y Comunidades Ind\u00edgenas no sea solo un requisito: FA"},"content":{"rendered":"<aside class=\"mashsb-container mashsb-main mashsb-stretched\"><div class=\"mashsb-box\"><div class=\"mashsb-count mash-large\" style=\"float:left\"><div class=\"counts mashsbcount\">32<\/div><span class=\"mashsb-sharetext\">SHARES<\/span><\/div><div class=\"mashsb-buttons\"><a class=\"mashicon-facebook mash-large mash-center mashsb-noshadow\" href=\"https:\/\/www.facebook.com\/sharer.php?u=https%3A%2F%2Fwww.zunoticia.com%2Fnoticias-de-hidalgo%2F2022%2F11%2F09%2Fque-los-foros-de-consulta-de-pueblos-y-comunidades-indigenas-no-sea-solo-un-requisito-fa%2F\" target=\"_top\" rel=\"nofollow\"><span class=\"icon\"><\/span><span class=\"text\">Share<\/span><\/a><a class=\"mashicon-twitter mash-large mash-center mashsb-noshadow\" href=\"https:\/\/twitter.com\/intent\/tweet?text=&amp;url=https:\/\/www.zunoticia.com\/noticias-de-hidalgo\/2022\/11\/09\/que-los-foros-de-consulta-de-pueblos-y-comunidades-indigenas-no-sea-solo-un-requisito-fa\/\" target=\"_top\" rel=\"nofollow\"><span class=\"icon\"><\/span><span class=\"text\">Tweet<\/span><\/a><div class=\"onoffswitch2 mash-large mashsb-noshadow\" style=\"display:none\"><\/div><\/div>\n            <\/div>\n                <div style=\"clear:both\"><\/div><div class=\"mashsb-toggle-container\"><\/div><\/aside>\n            <!-- Share buttons by mashshare.net - Version: 4.0.47-->\n<p><em>Por Salvador Altamirano\/Zunoticia<\/em><\/p>\n\n\n\n<p><strong>Huejutla, Hgo.- <\/strong>Esperamos que todos los acuerdos, ponencias y sugerencias que se expresen en los Foros de Consulta de Pueblos y Comunidades Ind\u00edgenas que se est\u00e1n llevando a cabo en la regi\u00f3n, realmente se tomen en cuenta.<\/p>\n\n\n\n<p>Lo anterior, fue manifestado por el profesor Sergio Felipe Amador Rivera, quien dese\u00f3 que no sean un tr\u00e1mite, un evento para cubrir un requisito, una programaci\u00f3n, por lo que se debe de pasar de lo dicho a los hechos, \u201ceso es lo que esperamos todos\u201d dijo.<\/p>\n\n\n\n<p>Al referirle que no es la primera vez que se organizan este tipo de foros y la situaci\u00f3n sigue igual, lament\u00f3 que por desgracia as\u00ed sea, pero poco a poco se tienen que ir manifestando algunas inconformidades consistentes en por qu\u00e9 estos foros no aterrizan, por qu\u00e9 no llegan a feliz t\u00e9rmino, por qu\u00e9 no sirven para detectar todas las carencias que tienen nuestros pueblos originarios.<\/p>\n\n\n\n<p>Entrevistado en el marco del foro que tuvo efecto ayer en Huejutla, coment\u00f3 que ojal\u00e1 y el evento sirva para bien de los asistentes y los que est\u00e1n en sus casas, ya que los presentes est\u00e1n representando a sus comunidades.<\/p>\n\n\n\n<p>Para finalizar, Amador Rivera reiter\u00f3 que desea que lo que se haga y diga aqu\u00ed -dijo-, sea transcendente, queremos ver resultados.<\/p>\n","protected":false},"excerpt":{"rendered":"<p>Por Salvador Altamirano\/Zunoticia Huejutla, Hgo.- Esperamos que todos los acuerdos, ponencias y sugerencias que se expresen en los Foros de Consulta de Pueblos y Comunidades Ind\u00edgenas que se est\u00e1n llevando a cabo en la regi\u00f3n, realmente se tomen en cuenta. Lo anterior, fue manifestado por el profesor Sergio Felipe Amador Rivera, quien dese\u00f3 que no&hellip; <a class=\"more-link\" href=\"https:\/\/www.zunoticia.com\/noticias-de-hidalgo\/2022\/11\/09\/que-los-foros-de-consulta-de-pueblos-y-comunidades-indigenas-no-sea-solo-un-requisito-fa\/\">Seguir leyendo <span class=\"screen-reader-text\">Que los Foros de Consulta de Pueblos y Comunidades Ind\u00edgenas no sea solo un requisito: FA<\/span><\/a><\/p>\n","protected":false},"author":12,"featured_media":453928,"comment_status":"closed","ping_status":"open","sticky":false,"template":"","format":"standard","meta":{"rop_custom_images_group":[],"rop_custom_messages_group":[],"rop_publish_now":"initial","rop_publish_now_accounts":{"facebook_10159540855086992_322828327761733":""},"rop_publish_now_history":[],"rop_publish_now_status":"pending","footnotes":""},"categories":[181],"tags":[121],"class_list":["post-453944","post","type-post","status-publish","format-standard","has-post-thumbnail","hentry","category-huejutla","tag-huejutla","entry"],"_links":{"self":[{"href":"https:\/\/www.zunoticia.com\/noticias-de-hidalgo\/wp-json\/wp\/v2\/posts\/453944","targetHints":{"allow":["GET"]}}],"collection":[{"href":"https:\/\/www.zunoticia.com\/noticias-de-hidalgo\/wp-json\/wp\/v2\/posts"}],"about":[{"href":"https:\/\/www.zunoticia.com\/noticias-de-hidalgo\/wp-json\/wp\/v2\/types\/post"}],"author":[{"embeddable":true,"href":"https:\/\/www.zunoticia.com\/noticias-de-hidalgo\/wp-json\/wp\/v2\/users\/12"}],"replies":[{"embeddable":true,"href":"https:\/\/www.zunoticia.com\/noticias-de-hidalgo\/wp-json\/wp\/v2\/comments?post=453944"}],"version-history":[{"count":1,"href":"https:\/\/www.zunoticia.com\/noticias-de-hidalgo\/wp-json\/wp\/v2\/posts\/453944\/revisions"}],"predecessor-version":[{"id":453946,"href":"https:\/\/www.zunoticia.com\/noticias-de-hidalgo\/wp-json\/wp\/v2\/posts\/453944\/revisions\/453946"}],"wp:featuredmedia":[{"embeddable":true,"href":"https:\/\/www.zunoticia.com\/noticias-de-hidalgo\/wp-json\/wp\/v2\/media\/453928"}],"wp:attachment":[{"href":"https:\/\/www.zunoticia.com\/noticias-de-hidalgo\/wp-json\/wp\/v2\/media?parent=453944"}],"wp:term":[{"taxonomy":"category","embeddable":true,"href":"https:\/\/www.zunoticia.com\/noticias-de-hidalgo\/wp-json\/wp\/v2\/categories?post=453944"},{"taxonomy":"post_tag","embeddable":true,"href":"https:\/\/www.zunoticia.com\/noticias-de-hidalgo\/wp-json\/wp\/v2\/tags?post=453944"}],"curies":[{"name":"wp","href":"https:\/\/api.w.org\/{rel}","templated":true}]}}