{"id":454001,"date":"2022-11-09T22:23:49","date_gmt":"2022-11-10T04:23:49","guid":{"rendered":"https:\/\/www.zunoticia.com\/noticias-de-hidalgo\/?p=454001"},"modified":"2022-11-09T22:23:50","modified_gmt":"2022-11-10T04:23:50","slug":"activa-participacion-de-autoridades-y-sectores-productivos-en-foros-de-consulta","status":"publish","type":"post","link":"https:\/\/www.zunoticia.com\/noticias-de-hidalgo\/2022\/11\/09\/activa-participacion-de-autoridades-y-sectores-productivos-en-foros-de-consulta\/","title":{"rendered":"Activa participaci\u00f3n de autoridades y sectores productivos en foros de consulta"},"content":{"rendered":"<aside class=\"mashsb-container mashsb-main mashsb-stretched\"><div class=\"mashsb-box\"><div class=\"mashsb-count mash-large\" style=\"float:left\"><div class=\"counts mashsbcount\">29<\/div><span class=\"mashsb-sharetext\">SHARES<\/span><\/div><div class=\"mashsb-buttons\"><a class=\"mashicon-facebook mash-large mash-center mashsb-noshadow\" href=\"https:\/\/www.facebook.com\/sharer.php?u=https%3A%2F%2Fwww.zunoticia.com%2Fnoticias-de-hidalgo%2F2022%2F11%2F09%2Factiva-participacion-de-autoridades-y-sectores-productivos-en-foros-de-consulta%2F\" target=\"_top\" rel=\"nofollow\"><span class=\"icon\"><\/span><span class=\"text\">Share<\/span><\/a><a class=\"mashicon-twitter mash-large mash-center mashsb-noshadow\" href=\"https:\/\/twitter.com\/intent\/tweet?text=&amp;url=https:\/\/www.zunoticia.com\/noticias-de-hidalgo\/2022\/11\/09\/activa-participacion-de-autoridades-y-sectores-productivos-en-foros-de-consulta\/\" target=\"_top\" rel=\"nofollow\"><span class=\"icon\"><\/span><span class=\"text\">Tweet<\/span><\/a><div class=\"onoffswitch2 mash-large mashsb-noshadow\" style=\"display:none\"><\/div><\/div>\n            <\/div>\n                <div style=\"clear:both\"><\/div><div class=\"mashsb-toggle-container\"><\/div><\/aside>\n            <!-- Share buttons by mashshare.net - Version: 4.0.47-->\n<p><em>Por \u00c1ngel Silverio\/Zunoticia<\/em><\/p>\n\n\n\n<p><strong>San Felipe Orizatl\u00e1n, Hgo.-<\/strong> \u201cMuy contenta con este ejercicio, una decisi\u00f3n muy acertada del gobernador Julio Menchaca y del comisionado Prisco Manuel Guti\u00e9rrez, para que en esta vez poder escuchar de viva voz a los pueblos y comunidades ind\u00edgenas, de cu\u00e1les son las necesidades que tenemos aqu\u00ed en el municipio para poder plasmar las necesidades y la forma de gobierno que tenemos y sobretodo de cu\u00e1l es la visi\u00f3n de desarrollo que tenemos en esta regi\u00f3n\u201d.<\/p>\n\n\n\n<figure class=\"wp-block-image size-large\"><img fetchpriority=\"high\" decoding=\"async\" width=\"1024\" height=\"683\" src=\"https:\/\/www.zunoticia.com\/noticias-de-hidalgo\/wp-content\/uploads\/2022\/11\/eZy-Watermark-09-11-2022-09-02-10p.m.-1024x683.jpg\" alt=\"\" class=\"wp-image-453965\" srcset=\"https:\/\/www.zunoticia.com\/noticias-de-hidalgo\/wp-content\/uploads\/2022\/11\/eZy-Watermark-09-11-2022-09-02-10p.m.-1024x683.jpg 1024w, https:\/\/www.zunoticia.com\/noticias-de-hidalgo\/wp-content\/uploads\/2022\/11\/eZy-Watermark-09-11-2022-09-02-10p.m.-300x200.jpg 300w, https:\/\/www.zunoticia.com\/noticias-de-hidalgo\/wp-content\/uploads\/2022\/11\/eZy-Watermark-09-11-2022-09-02-10p.m.-768x512.jpg 768w, https:\/\/www.zunoticia.com\/noticias-de-hidalgo\/wp-content\/uploads\/2022\/11\/eZy-Watermark-09-11-2022-09-02-10p.m..jpg 1080w\" sizes=\"(max-width: 1024px) 100vw, 1024px\" \/><\/figure>\n\n\n\n<p>Expres\u00f3 lo anterior la alcaldesa Erika Saab Lara, tras llevarse a cabo en su municipio el foro de consulta a pueblos y comunidades ind\u00edgenas, mencionando que hac\u00eda mucha falta para que los pueblos sean escuchados por el gobierno estatal, -\u201cEsto hac\u00eda mucha falta, porque antes pareciera que las comunidades ind\u00edgenas no ten\u00edan voz, creo que este ejercicio nos permite decir que en san Felipe, tenemos la forma de poder apoyar a crear un plan que nos ayude a planear un proyecto que beneficie a la gente, y podamos darle la posibilidad de tener mejores condiciones de vida\u201d.<\/p>\n\n\n\n<figure class=\"wp-block-image size-large\"><img decoding=\"async\" width=\"1024\" height=\"683\" src=\"https:\/\/www.zunoticia.com\/noticias-de-hidalgo\/wp-content\/uploads\/2022\/11\/eZy-Watermark-09-11-2022-09-01-50p.m.-1024x683.jpg\" alt=\"\" class=\"wp-image-453966\" srcset=\"https:\/\/www.zunoticia.com\/noticias-de-hidalgo\/wp-content\/uploads\/2022\/11\/eZy-Watermark-09-11-2022-09-01-50p.m.-1024x683.jpg 1024w, https:\/\/www.zunoticia.com\/noticias-de-hidalgo\/wp-content\/uploads\/2022\/11\/eZy-Watermark-09-11-2022-09-01-50p.m.-300x200.jpg 300w, https:\/\/www.zunoticia.com\/noticias-de-hidalgo\/wp-content\/uploads\/2022\/11\/eZy-Watermark-09-11-2022-09-01-50p.m.-768x512.jpg 768w, https:\/\/www.zunoticia.com\/noticias-de-hidalgo\/wp-content\/uploads\/2022\/11\/eZy-Watermark-09-11-2022-09-01-50p.m..jpg 1080w\" sizes=\"(max-width: 1024px) 100vw, 1024px\" \/><\/figure>\n\n\n\n<p>A\u00f1adi\u00f3 que en Orizatl\u00e1n, este foro de consulta a los pueblos y comunidades ind\u00edgenas a trav\u00e9s de la Comisi\u00f3n Estatal para el Desarrollo Sostenible de los Pueblos Ind\u00edgenas, abonar\u00e1 para la construcci\u00f3n del plan estatal para la transformaci\u00f3n de Hidalgo 2022 \u2013 2023, y reiter\u00f3 su compromiso que de la mano trabajar\u00e1n juntos por un mejor municipio.<\/p>\n\n\n\n<figure class=\"wp-block-image size-large\"><img decoding=\"async\" width=\"1024\" height=\"461\" src=\"https:\/\/www.zunoticia.com\/noticias-de-hidalgo\/wp-content\/uploads\/2022\/11\/eZy-Watermark-09-11-2022-09-03-14p.m.-1024x461.jpg\" alt=\"\" class=\"wp-image-453963\" srcset=\"https:\/\/www.zunoticia.com\/noticias-de-hidalgo\/wp-content\/uploads\/2022\/11\/eZy-Watermark-09-11-2022-09-03-14p.m.-1024x461.jpg 1024w, https:\/\/www.zunoticia.com\/noticias-de-hidalgo\/wp-content\/uploads\/2022\/11\/eZy-Watermark-09-11-2022-09-03-14p.m.-300x135.jpg 300w, https:\/\/www.zunoticia.com\/noticias-de-hidalgo\/wp-content\/uploads\/2022\/11\/eZy-Watermark-09-11-2022-09-03-14p.m.-768x346.jpg 768w, https:\/\/www.zunoticia.com\/noticias-de-hidalgo\/wp-content\/uploads\/2022\/11\/eZy-Watermark-09-11-2022-09-03-14p.m..jpg 1280w\" sizes=\"(max-width: 1024px) 100vw, 1024px\" \/><\/figure>\n\n\n\n<p>Cabe se\u00f1alar que se tuvo una activa participaci\u00f3n, tanto de los delegados, como de los diferentes sectores productivos, como los hoteleros, restauranteros, prestadores de servicios, transporte, as\u00ed como del sector agr\u00edcola como citricultores, apicultores, entre otros, que son parte importante para el desarrollo del estado y del municipio.<\/p>\n","protected":false},"excerpt":{"rendered":"<p>Por \u00c1ngel Silverio\/Zunoticia San Felipe Orizatl\u00e1n, Hgo.- \u201cMuy contenta con este ejercicio, una decisi\u00f3n muy acertada del gobernador Julio Menchaca y del comisionado Prisco Manuel Guti\u00e9rrez, para que en esta vez poder escuchar de viva voz a los pueblos y comunidades ind\u00edgenas, de cu\u00e1les son las necesidades que tenemos aqu\u00ed en el municipio para poder&hellip; <a class=\"more-link\" href=\"https:\/\/www.zunoticia.com\/noticias-de-hidalgo\/2022\/11\/09\/activa-participacion-de-autoridades-y-sectores-productivos-en-foros-de-consulta\/\">Seguir leyendo <span class=\"screen-reader-text\">Activa participaci\u00f3n de autoridades y sectores productivos en foros de consulta<\/span><\/a><\/p>\n","protected":false},"author":12,"featured_media":453964,"comment_status":"closed","ping_status":"open","sticky":false,"template":"","format":"standard","meta":{"rop_custom_images_group":[],"rop_custom_messages_group":[],"rop_publish_now":"initial","rop_publish_now_accounts":{"facebook_10159540855086992_322828327761733":""},"rop_publish_now_history":[],"rop_publish_now_status":"pending","footnotes":""},"categories":[180],"tags":[129],"class_list":["post-454001","post","type-post","status-publish","format-standard","has-post-thumbnail","hentry","category-orizatlan","tag-orizatlan","entry"],"_links":{"self":[{"href":"https:\/\/www.zunoticia.com\/noticias-de-hidalgo\/wp-json\/wp\/v2\/posts\/454001","targetHints":{"allow":["GET"]}}],"collection":[{"href":"https:\/\/www.zunoticia.com\/noticias-de-hidalgo\/wp-json\/wp\/v2\/posts"}],"about":[{"href":"https:\/\/www.zunoticia.com\/noticias-de-hidalgo\/wp-json\/wp\/v2\/types\/post"}],"author":[{"embeddable":true,"href":"https:\/\/www.zunoticia.com\/noticias-de-hidalgo\/wp-json\/wp\/v2\/users\/12"}],"replies":[{"embeddable":true,"href":"https:\/\/www.zunoticia.com\/noticias-de-hidalgo\/wp-json\/wp\/v2\/comments?post=454001"}],"version-history":[{"count":1,"href":"https:\/\/www.zunoticia.com\/noticias-de-hidalgo\/wp-json\/wp\/v2\/posts\/454001\/revisions"}],"predecessor-version":[{"id":454006,"href":"https:\/\/www.zunoticia.com\/noticias-de-hidalgo\/wp-json\/wp\/v2\/posts\/454001\/revisions\/454006"}],"wp:featuredmedia":[{"embeddable":true,"href":"https:\/\/www.zunoticia.com\/noticias-de-hidalgo\/wp-json\/wp\/v2\/media\/453964"}],"wp:attachment":[{"href":"https:\/\/www.zunoticia.com\/noticias-de-hidalgo\/wp-json\/wp\/v2\/media?parent=454001"}],"wp:term":[{"taxonomy":"category","embeddable":true,"href":"https:\/\/www.zunoticia.com\/noticias-de-hidalgo\/wp-json\/wp\/v2\/categories?post=454001"},{"taxonomy":"post_tag","embeddable":true,"href":"https:\/\/www.zunoticia.com\/noticias-de-hidalgo\/wp-json\/wp\/v2\/tags?post=454001"}],"curies":[{"name":"wp","href":"https:\/\/api.w.org\/{rel}","templated":true}]}}