{"id":454009,"date":"2022-11-09T22:31:23","date_gmt":"2022-11-10T04:31:23","guid":{"rendered":"https:\/\/www.zunoticia.com\/noticias-de-hidalgo\/?p=454009"},"modified":"2022-11-09T22:31:25","modified_gmt":"2022-11-10T04:31:25","slug":"choque-dejo-solo-danos-materiales","status":"publish","type":"post","link":"https:\/\/www.zunoticia.com\/noticias-de-hidalgo\/2022\/11\/09\/choque-dejo-solo-danos-materiales\/","title":{"rendered":"Choque dej\u00f3 s\u00f3lo da\u00f1os materiales"},"content":{"rendered":"<aside class=\"mashsb-container mashsb-main mashsb-stretched\"><div class=\"mashsb-box\"><div class=\"mashsb-count mash-large\" style=\"float:left\"><div class=\"counts mashsbcount\">28<\/div><span class=\"mashsb-sharetext\">SHARES<\/span><\/div><div class=\"mashsb-buttons\"><a class=\"mashicon-facebook mash-large mash-center mashsb-noshadow\" href=\"https:\/\/www.facebook.com\/sharer.php?u=https%3A%2F%2Fwww.zunoticia.com%2Fnoticias-de-hidalgo%2F2022%2F11%2F09%2Fchoque-dejo-solo-danos-materiales%2F\" target=\"_top\" rel=\"nofollow\"><span class=\"icon\"><\/span><span class=\"text\">Share<\/span><\/a><a class=\"mashicon-twitter mash-large mash-center mashsb-noshadow\" href=\"https:\/\/twitter.com\/intent\/tweet?text=&amp;url=https:\/\/www.zunoticia.com\/noticias-de-hidalgo\/2022\/11\/09\/choque-dejo-solo-danos-materiales\/\" target=\"_top\" rel=\"nofollow\"><span class=\"icon\"><\/span><span class=\"text\">Tweet<\/span><\/a><div class=\"onoffswitch2 mash-large mashsb-noshadow\" style=\"display:none\"><\/div><\/div>\n            <\/div>\n                <div style=\"clear:both\"><\/div><div class=\"mashsb-toggle-container\"><\/div><\/aside>\n            <!-- Share buttons by mashshare.net - Version: 4.0.47-->\n<p><em>Por Redacci\u00f3n\/Zunoticia<\/em><\/p>\n\n\n\n<p><strong>Huejutla, Hgo.-<\/strong> La falta de pericia y probable exceso de velocidad, fueron las posibles causas de un choque por alcance que se registr\u00f3 la tarde de este mi\u00e9rcoles, en el bulevar Adolfo L\u00f3pez Mateos de la colonia Aviaci\u00f3n Civil de esta ciudad.<\/p>\n\n\n\n<figure class=\"wp-block-image size-large\"><img fetchpriority=\"high\" decoding=\"async\" width=\"1024\" height=\"576\" src=\"https:\/\/www.zunoticia.com\/noticias-de-hidalgo\/wp-content\/uploads\/2022\/11\/eZy-Watermark-09-11-2022-06-59-17p.m.-1024x576.jpg\" alt=\"\" class=\"wp-image-453956\" srcset=\"https:\/\/www.zunoticia.com\/noticias-de-hidalgo\/wp-content\/uploads\/2022\/11\/eZy-Watermark-09-11-2022-06-59-17p.m.-1024x576.jpg 1024w, https:\/\/www.zunoticia.com\/noticias-de-hidalgo\/wp-content\/uploads\/2022\/11\/eZy-Watermark-09-11-2022-06-59-17p.m.-300x169.jpg 300w, https:\/\/www.zunoticia.com\/noticias-de-hidalgo\/wp-content\/uploads\/2022\/11\/eZy-Watermark-09-11-2022-06-59-17p.m.-768x432.jpg 768w, https:\/\/www.zunoticia.com\/noticias-de-hidalgo\/wp-content\/uploads\/2022\/11\/eZy-Watermark-09-11-2022-06-59-17p.m..jpg 1280w\" sizes=\"(max-width: 1024px) 100vw, 1024px\" \/><\/figure>\n\n\n\n<p>El percance de tr\u00e1nsito terrestre se registr\u00f3 alrededor de las 16:10 horas y el incidente fue ocasionado por un veh\u00edculo Volkswagen tipo Jetta de color negro, con placas del estado de Veracruz, el cual se impact\u00f3 en la parte trasera de un coche Volkswagen tipo Jetta de color blanco, con l\u00e1minas met\u00e1licas del estado de Hidalgo.<\/p>\n\n\n\n<figure class=\"wp-block-image size-large\"><img decoding=\"async\" width=\"1024\" height=\"768\" src=\"https:\/\/www.zunoticia.com\/noticias-de-hidalgo\/wp-content\/uploads\/2022\/11\/eZy-Watermark-09-11-2022-06-58-59p.m.-1024x768.jpg\" alt=\"\" class=\"wp-image-453957\" srcset=\"https:\/\/www.zunoticia.com\/noticias-de-hidalgo\/wp-content\/uploads\/2022\/11\/eZy-Watermark-09-11-2022-06-58-59p.m.-1024x768.jpg 1024w, https:\/\/www.zunoticia.com\/noticias-de-hidalgo\/wp-content\/uploads\/2022\/11\/eZy-Watermark-09-11-2022-06-58-59p.m.-300x225.jpg 300w, https:\/\/www.zunoticia.com\/noticias-de-hidalgo\/wp-content\/uploads\/2022\/11\/eZy-Watermark-09-11-2022-06-58-59p.m.-768x576.jpg 768w, https:\/\/www.zunoticia.com\/noticias-de-hidalgo\/wp-content\/uploads\/2022\/11\/eZy-Watermark-09-11-2022-06-58-59p.m..jpg 1280w\" sizes=\"(max-width: 1024px) 100vw, 1024px\" \/><\/figure>\n\n\n\n<p>El accidente provoc\u00f3 un caos vial en esta importante v\u00eda de comunicaci\u00f3n, ya que uniformados de la polic\u00eda municipal y estatal brillaron por su ausencia, no obstante, los implicados en el choque llegaron a un acuerdo para la reparaci\u00f3n de los da\u00f1os materiales y de esta manera las cosas no pasaron a mayores.<\/p>\n","protected":false},"excerpt":{"rendered":"<p>Por Redacci\u00f3n\/Zunoticia Huejutla, Hgo.- La falta de pericia y probable exceso de velocidad, fueron las posibles causas de un choque por alcance que se registr\u00f3 la tarde de este mi\u00e9rcoles, en el bulevar Adolfo L\u00f3pez Mateos de la colonia Aviaci\u00f3n Civil de esta ciudad. El percance de tr\u00e1nsito terrestre se registr\u00f3 alrededor de las 16:10&hellip; <a class=\"more-link\" href=\"https:\/\/www.zunoticia.com\/noticias-de-hidalgo\/2022\/11\/09\/choque-dejo-solo-danos-materiales\/\">Seguir leyendo <span class=\"screen-reader-text\">Choque dej\u00f3 s\u00f3lo da\u00f1os materiales<\/span><\/a><\/p>\n","protected":false},"author":12,"featured_media":453955,"comment_status":"closed","ping_status":"open","sticky":false,"template":"","format":"standard","meta":{"rop_custom_images_group":[],"rop_custom_messages_group":[],"rop_publish_now":"initial","rop_publish_now_accounts":{"facebook_10159540855086992_322828327761733":""},"rop_publish_now_history":[],"rop_publish_now_status":"pending","footnotes":""},"categories":[178],"tags":[259],"class_list":["post-454009","post","type-post","status-publish","format-standard","has-post-thumbnail","hentry","category-policiaca","tag-policiaca","entry"],"_links":{"self":[{"href":"https:\/\/www.zunoticia.com\/noticias-de-hidalgo\/wp-json\/wp\/v2\/posts\/454009","targetHints":{"allow":["GET"]}}],"collection":[{"href":"https:\/\/www.zunoticia.com\/noticias-de-hidalgo\/wp-json\/wp\/v2\/posts"}],"about":[{"href":"https:\/\/www.zunoticia.com\/noticias-de-hidalgo\/wp-json\/wp\/v2\/types\/post"}],"author":[{"embeddable":true,"href":"https:\/\/www.zunoticia.com\/noticias-de-hidalgo\/wp-json\/wp\/v2\/users\/12"}],"replies":[{"embeddable":true,"href":"https:\/\/www.zunoticia.com\/noticias-de-hidalgo\/wp-json\/wp\/v2\/comments?post=454009"}],"version-history":[{"count":1,"href":"https:\/\/www.zunoticia.com\/noticias-de-hidalgo\/wp-json\/wp\/v2\/posts\/454009\/revisions"}],"predecessor-version":[{"id":454010,"href":"https:\/\/www.zunoticia.com\/noticias-de-hidalgo\/wp-json\/wp\/v2\/posts\/454009\/revisions\/454010"}],"wp:featuredmedia":[{"embeddable":true,"href":"https:\/\/www.zunoticia.com\/noticias-de-hidalgo\/wp-json\/wp\/v2\/media\/453955"}],"wp:attachment":[{"href":"https:\/\/www.zunoticia.com\/noticias-de-hidalgo\/wp-json\/wp\/v2\/media?parent=454009"}],"wp:term":[{"taxonomy":"category","embeddable":true,"href":"https:\/\/www.zunoticia.com\/noticias-de-hidalgo\/wp-json\/wp\/v2\/categories?post=454009"},{"taxonomy":"post_tag","embeddable":true,"href":"https:\/\/www.zunoticia.com\/noticias-de-hidalgo\/wp-json\/wp\/v2\/tags?post=454009"}],"curies":[{"name":"wp","href":"https:\/\/api.w.org\/{rel}","templated":true}]}}