{"id":454013,"date":"2022-11-09T23:51:29","date_gmt":"2022-11-10T05:51:29","guid":{"rendered":"https:\/\/www.zunoticia.com\/noticias-de-hidalgo\/?p=454013"},"modified":"2022-11-09T23:51:31","modified_gmt":"2022-11-10T05:51:31","slug":"espejeando-por-perseo-464","status":"publish","type":"post","link":"https:\/\/www.zunoticia.com\/noticias-de-hidalgo\/2022\/11\/09\/espejeando-por-perseo-464\/","title":{"rendered":"ESPEJEANDO por Perseo"},"content":{"rendered":"<aside class=\"mashsb-container mashsb-main mashsb-stretched\"><div class=\"mashsb-box\"><div class=\"mashsb-count mash-large\" style=\"float:left\"><div class=\"counts mashsbcount\">0<\/div><span class=\"mashsb-sharetext\">SHARES<\/span><\/div><div class=\"mashsb-buttons\"><a class=\"mashicon-facebook mash-large mash-center mashsb-noshadow\" href=\"https:\/\/www.facebook.com\/sharer.php?u=https%3A%2F%2Fwww.zunoticia.com%2Fnoticias-de-hidalgo%2F2022%2F11%2F09%2Fespejeando-por-perseo-464%2F\" target=\"_top\" rel=\"nofollow\"><span class=\"icon\"><\/span><span class=\"text\">Share<\/span><\/a><a class=\"mashicon-twitter mash-large mash-center mashsb-noshadow\" href=\"https:\/\/twitter.com\/intent\/tweet?text=&amp;url=https:\/\/www.zunoticia.com\/noticias-de-hidalgo\/2022\/11\/09\/espejeando-por-perseo-464\/\" target=\"_top\" rel=\"nofollow\"><span class=\"icon\"><\/span><span class=\"text\">Tweet<\/span><\/a><div class=\"onoffswitch2 mash-large mashsb-noshadow\" style=\"display:none\"><\/div><\/div>\n            <\/div>\n                <div style=\"clear:both\"><\/div><div class=\"mashsb-toggle-container\"><\/div><\/aside>\n            <!-- Share buttons by mashshare.net - Version: 4.0.47-->\n<p>\u2022 Dicen que en la pol\u00edtica no hay sorpresas si no sorprendidos; vea si no, para muchos caus\u00f3 sorpresa el nombramiento del joven empresario huejutlense Carlos Fayad Licona al frente, nada m\u00e1s y nada menos, que de la coordinaci\u00f3n de administraci\u00f3n del poder judicial del estado.<\/p>\n\n\n\n<p>\u2022 La realidad es que ante la experiencia y el perfil del personaje en menci\u00f3n es una responsabilidad que pareciera hecha a su medida.<\/p>\n\n\n\n<p>\u2022 Se trata, nada m\u00e1s, de coordinar la administraci\u00f3n general de recursos de uno de los 3 poderes, de administrar algo as\u00ed como una plantilla de algunas dos mil 100 personas, con 81 juzgados y 17 distritos judiciales, con un presupuesto m\u00e1s grande que el del poder legislativo, por dimensionar el tama\u00f1o del encargo.<\/p>\n\n\n\n<p>\u2022 Esta responsabilidad es muy grande y corresponde a la confianza que la magistrada presidenta Rebeca Stella Aladro Echeverr\u00eda, (la cual por cierto tambi\u00e9n fue nombrada recientemente en el mes de septiembre), deposit\u00f3 en el huejutlense para llevarlo acorde a los nuevos tiempos de transformaci\u00f3n que se viven en el estado, donde despu\u00e9s de 93 a\u00f1os se dio el cambio de r\u00e9gimen pol\u00edtico, y que muchos esperan que este mismo cambio se d\u00e9 en los 3 poderes del estado.<\/p>\n\n\n\n<p>\u2022 Un cambio que promete honestidad y frescura en la forma de desempe\u00f1ar cargos con alt\u00edsima responsabilidad.<\/p>\n\n\n\n<p>\u2022 Hasta este momento, el referido nombramiento quiz\u00e1 sea el de m\u00e1s alta responsabilidad otorgado a funcionarios huastecos, desde luego, cada uno tiene sus complejidades y seguramente todos han sido otorgados de acuerdo con su experiencia y perfil.<\/p>\n\n\n\n<p>\u2022 El Maestro Carlos Fayad Licona se prepar\u00f3 como Licenciado en econom\u00eda en la Universidad de Monterrey y curs\u00f3 una maestr\u00eda en la Universidad de Houston; desde estudiante inici\u00f3 su experiencia acumulando ya 10 a\u00f1os en el sector empresarial privado, as\u00ed que la responsabilidad otorgada no est\u00e1 ajena a su desempe\u00f1o como profesionista.<\/p>\n\n\n\n<p>\u2022\u2022 El gobernador, Julio Menchaca Salazar, est\u00e1 dando pasos certeros en la huasteca, los cambios en espacios estrat\u00e9gicos como gobernaci\u00f3n con Paulino Ram\u00edrez Hern\u00e1ndez y la subsecretar\u00eda de gobierno regional a cargo de Marco Ramos Moguel, est\u00e1n entregando cuentas de sus tareas espec\u00edficas, atentos a la din\u00e1mica que el pueblo requiere; esperemos mantengan esta sencillez en el trato a la poblaci\u00f3n pues el cambio se debe de sentir.<\/p>\n\n\n\n<p>\u2022\u2022 Otra \u00e1rea fue en oficinas de SEMOT, en las Universidades como la Polit\u00e9cnica y la Tecnol\u00f3gica de la Huasteca Hidalguense.<\/p>\n\n\n\n<p>\u2022\u2022\u2022 Hay un tema en la Secretar\u00eda de Movilidad y de Transporte que genera inquietud, como el conocer los lineamientos para el apartado de Transporte Rural e Ind\u00edgena.<\/p>\n\n\n\n<p>\u2022\u2022\u2022 El t\u00f3pico no se ha escuchado ni tampoco tocado dentro del Plan de Desarrollo del Estado de Hidalgo y los pueblos ind\u00edgenas, aunque el tema se encuadra en la Ley de Transporte para el estado de Hidalgo en cuanto a Movilidad Ind\u00edgena.<\/p>\n\n\n\n<p>\u2022\u2022\u2022 El apartado est\u00e1 como movilidad rural ind\u00edgena y quiz\u00e1 requiere de un \u00faltimo empuj\u00f3n para resolver y empadronar el transporte para una movilidad ordenada.<\/p>\n","protected":false},"excerpt":{"rendered":"<p>\u2022 Dicen que en la pol\u00edtica no hay sorpresas si no sorprendidos; vea si no, para muchos caus\u00f3 sorpresa el nombramiento del joven empresario huejutlense Carlos Fayad Licona al frente, nada m\u00e1s y nada menos, que de la coordinaci\u00f3n de administraci\u00f3n del poder judicial del estado. \u2022 La realidad es que ante la experiencia y&hellip; <a class=\"more-link\" href=\"https:\/\/www.zunoticia.com\/noticias-de-hidalgo\/2022\/11\/09\/espejeando-por-perseo-464\/\">Seguir leyendo <span class=\"screen-reader-text\">ESPEJEANDO por Perseo<\/span><\/a><\/p>\n","protected":false},"author":12,"featured_media":454016,"comment_status":"closed","ping_status":"open","sticky":false,"template":"","format":"standard","meta":{"rop_custom_images_group":[],"rop_custom_messages_group":[],"rop_publish_now":"initial","rop_publish_now_accounts":{"facebook_10159540855086992_322828327761733":""},"rop_publish_now_history":[],"rop_publish_now_status":"pending","footnotes":""},"categories":[176],"tags":[205],"class_list":["post-454013","post","type-post","status-publish","format-standard","has-post-thumbnail","hentry","category-espejeando","tag-espejeando","entry"],"_links":{"self":[{"href":"https:\/\/www.zunoticia.com\/noticias-de-hidalgo\/wp-json\/wp\/v2\/posts\/454013","targetHints":{"allow":["GET"]}}],"collection":[{"href":"https:\/\/www.zunoticia.com\/noticias-de-hidalgo\/wp-json\/wp\/v2\/posts"}],"about":[{"href":"https:\/\/www.zunoticia.com\/noticias-de-hidalgo\/wp-json\/wp\/v2\/types\/post"}],"author":[{"embeddable":true,"href":"https:\/\/www.zunoticia.com\/noticias-de-hidalgo\/wp-json\/wp\/v2\/users\/12"}],"replies":[{"embeddable":true,"href":"https:\/\/www.zunoticia.com\/noticias-de-hidalgo\/wp-json\/wp\/v2\/comments?post=454013"}],"version-history":[{"count":1,"href":"https:\/\/www.zunoticia.com\/noticias-de-hidalgo\/wp-json\/wp\/v2\/posts\/454013\/revisions"}],"predecessor-version":[{"id":454018,"href":"https:\/\/www.zunoticia.com\/noticias-de-hidalgo\/wp-json\/wp\/v2\/posts\/454013\/revisions\/454018"}],"wp:featuredmedia":[{"embeddable":true,"href":"https:\/\/www.zunoticia.com\/noticias-de-hidalgo\/wp-json\/wp\/v2\/media\/454016"}],"wp:attachment":[{"href":"https:\/\/www.zunoticia.com\/noticias-de-hidalgo\/wp-json\/wp\/v2\/media?parent=454013"}],"wp:term":[{"taxonomy":"category","embeddable":true,"href":"https:\/\/www.zunoticia.com\/noticias-de-hidalgo\/wp-json\/wp\/v2\/categories?post=454013"},{"taxonomy":"post_tag","embeddable":true,"href":"https:\/\/www.zunoticia.com\/noticias-de-hidalgo\/wp-json\/wp\/v2\/tags?post=454013"}],"curies":[{"name":"wp","href":"https:\/\/api.w.org\/{rel}","templated":true}]}}