{"id":454014,"date":"2022-11-09T23:49:23","date_gmt":"2022-11-10T05:49:23","guid":{"rendered":"https:\/\/www.zunoticia.com\/noticias-de-hidalgo\/?p=454014"},"modified":"2022-11-09T23:49:24","modified_gmt":"2022-11-10T05:49:24","slug":"carlos-fayad-coordinador-general-de-administracion-del-poder-judicial","status":"publish","type":"post","link":"https:\/\/www.zunoticia.com\/noticias-de-hidalgo\/2022\/11\/09\/carlos-fayad-coordinador-general-de-administracion-del-poder-judicial\/","title":{"rendered":"Carlos Fayad, coordinador general de administraci\u00f3n del poder judicial"},"content":{"rendered":"<aside class=\"mashsb-container mashsb-main mashsb-stretched\"><div class=\"mashsb-box\"><div class=\"mashsb-count mash-large\" style=\"float:left\"><div class=\"counts mashsbcount\">58<\/div><span class=\"mashsb-sharetext\">SHARES<\/span><\/div><div class=\"mashsb-buttons\"><a class=\"mashicon-facebook mash-large mash-center mashsb-noshadow\" href=\"https:\/\/www.facebook.com\/sharer.php?u=https%3A%2F%2Fwww.zunoticia.com%2Fnoticias-de-hidalgo%2F2022%2F11%2F09%2Fcarlos-fayad-coordinador-general-de-administracion-del-poder-judicial%2F\" target=\"_top\" rel=\"nofollow\"><span class=\"icon\"><\/span><span class=\"text\">Share<\/span><\/a><a class=\"mashicon-twitter mash-large mash-center mashsb-noshadow\" href=\"https:\/\/twitter.com\/intent\/tweet?text=&amp;url=https:\/\/www.zunoticia.com\/noticias-de-hidalgo\/2022\/11\/09\/carlos-fayad-coordinador-general-de-administracion-del-poder-judicial\/\" target=\"_top\" rel=\"nofollow\"><span class=\"icon\"><\/span><span class=\"text\">Tweet<\/span><\/a><div class=\"onoffswitch2 mash-large mashsb-noshadow\" style=\"display:none\"><\/div><\/div>\n            <\/div>\n                <div style=\"clear:both\"><\/div><div class=\"mashsb-toggle-container\"><\/div><\/aside>\n            <!-- Share buttons by mashshare.net - Version: 4.0.47-->\n<p><em>Por Redacci\u00f3n\/Zunoticia<\/em><\/p>\n\n\n\n<p><strong>Pachuca, Hgo.-<\/strong> &nbsp;Este lunes reciente designaron a Carlos Fayad Licona como nuevo coordinador general de administraci\u00f3n del poder judicial del estado.<\/p>\n\n\n\n<p>Por instrucciones de la Magistrada Presidenta del Poder Judicial del estado de Hidalgo Rebeca Stella Aladro Echeverr\u00eda, nombraron al Maestro Carlos Fayad Licona coordinador general de administraci\u00f3n del PJH.<\/p>\n\n\n\n<p>La presentaci\u00f3n del joven empresario huejutlense como nuevo coordinador de administraci\u00f3n, fue realizada en la sede del poder judicial del estado de Hidalgo ubicada en la ciudad de Pachuca.<\/p>\n\n\n\n<p>Carlos Fayad es un empresario destacado, licenciado en econom\u00eda graduado por la universidad de Monterrey, acumula ya mas de 10 a\u00f1os de experiencia en el sector privado; tambi\u00e9n es graduado de la universidad de Houston en donde estudi\u00f3 la maestr\u00eda en administraci\u00f3n p\u00fablica.<\/p>\n\n\n\n<p>El Poder Judicial considera dentro de su jurisdicci\u00f3n 81 juzgados, 17 distritos judiciales y m\u00e1s de 2100 trabajadores.<\/p>\n","protected":false},"excerpt":{"rendered":"<p>Por Redacci\u00f3n\/Zunoticia Pachuca, Hgo.- &nbsp;Este lunes reciente designaron a Carlos Fayad Licona como nuevo coordinador general de administraci\u00f3n del poder judicial del estado. Por instrucciones de la Magistrada Presidenta del Poder Judicial del estado de Hidalgo Rebeca Stella Aladro Echeverr\u00eda, nombraron al Maestro Carlos Fayad Licona coordinador general de administraci\u00f3n del PJH. La presentaci\u00f3n del&hellip; <a class=\"more-link\" href=\"https:\/\/www.zunoticia.com\/noticias-de-hidalgo\/2022\/11\/09\/carlos-fayad-coordinador-general-de-administracion-del-poder-judicial\/\">Seguir leyendo <span class=\"screen-reader-text\">Carlos Fayad, coordinador general de administraci\u00f3n del poder judicial<\/span><\/a><\/p>\n","protected":false},"author":12,"featured_media":454015,"comment_status":"closed","ping_status":"open","sticky":false,"template":"","format":"standard","meta":{"rop_custom_images_group":[],"rop_custom_messages_group":[],"rop_publish_now":"initial","rop_publish_now_accounts":{"facebook_10159540855086992_322828327761733":""},"rop_publish_now_history":[],"rop_publish_now_status":"pending","footnotes":""},"categories":[208],"tags":[214],"class_list":["post-454014","post","type-post","status-publish","format-standard","has-post-thumbnail","hentry","category-estado","tag-estado","entry"],"_links":{"self":[{"href":"https:\/\/www.zunoticia.com\/noticias-de-hidalgo\/wp-json\/wp\/v2\/posts\/454014","targetHints":{"allow":["GET"]}}],"collection":[{"href":"https:\/\/www.zunoticia.com\/noticias-de-hidalgo\/wp-json\/wp\/v2\/posts"}],"about":[{"href":"https:\/\/www.zunoticia.com\/noticias-de-hidalgo\/wp-json\/wp\/v2\/types\/post"}],"author":[{"embeddable":true,"href":"https:\/\/www.zunoticia.com\/noticias-de-hidalgo\/wp-json\/wp\/v2\/users\/12"}],"replies":[{"embeddable":true,"href":"https:\/\/www.zunoticia.com\/noticias-de-hidalgo\/wp-json\/wp\/v2\/comments?post=454014"}],"version-history":[{"count":1,"href":"https:\/\/www.zunoticia.com\/noticias-de-hidalgo\/wp-json\/wp\/v2\/posts\/454014\/revisions"}],"predecessor-version":[{"id":454017,"href":"https:\/\/www.zunoticia.com\/noticias-de-hidalgo\/wp-json\/wp\/v2\/posts\/454014\/revisions\/454017"}],"wp:featuredmedia":[{"embeddable":true,"href":"https:\/\/www.zunoticia.com\/noticias-de-hidalgo\/wp-json\/wp\/v2\/media\/454015"}],"wp:attachment":[{"href":"https:\/\/www.zunoticia.com\/noticias-de-hidalgo\/wp-json\/wp\/v2\/media?parent=454014"}],"wp:term":[{"taxonomy":"category","embeddable":true,"href":"https:\/\/www.zunoticia.com\/noticias-de-hidalgo\/wp-json\/wp\/v2\/categories?post=454014"},{"taxonomy":"post_tag","embeddable":true,"href":"https:\/\/www.zunoticia.com\/noticias-de-hidalgo\/wp-json\/wp\/v2\/tags?post=454014"}],"curies":[{"name":"wp","href":"https:\/\/api.w.org\/{rel}","templated":true}]}}