{"id":455026,"date":"2022-11-16T16:30:36","date_gmt":"2022-11-16T22:30:36","guid":{"rendered":"https:\/\/www.zunoticia.com\/noticias-de-hidalgo\/?p=455026"},"modified":"2022-11-16T16:30:38","modified_gmt":"2022-11-16T22:30:38","slug":"trabajamos-con-las-regiones-de-hidalgo-sin-vision-centralista-tania-meza","status":"publish","type":"post","link":"https:\/\/www.zunoticia.com\/noticias-de-hidalgo\/2022\/11\/16\/trabajamos-con-las-regiones-de-hidalgo-sin-vision-centralista-tania-meza\/","title":{"rendered":"Trabajamos con las regiones de Hidalgo sin visi\u00f3n centralista: Tania Meza"},"content":{"rendered":"<aside class=\"mashsb-container mashsb-main mashsb-stretched\"><div class=\"mashsb-box\"><div class=\"mashsb-count mash-large\" style=\"float:left\"><div class=\"counts mashsbcount\">32<\/div><span class=\"mashsb-sharetext\">SHARES<\/span><\/div><div class=\"mashsb-buttons\"><a class=\"mashicon-facebook mash-large mash-center mashsb-noshadow\" href=\"https:\/\/www.facebook.com\/sharer.php?u=https%3A%2F%2Fwww.zunoticia.com%2Fnoticias-de-hidalgo%2F2022%2F11%2F16%2Ftrabajamos-con-las-regiones-de-hidalgo-sin-vision-centralista-tania-meza%2F\" target=\"_top\" rel=\"nofollow\"><span class=\"icon\"><\/span><span class=\"text\">Share<\/span><\/a><a class=\"mashicon-twitter mash-large mash-center mashsb-noshadow\" href=\"https:\/\/twitter.com\/intent\/tweet?text=&amp;url=https:\/\/www.zunoticia.com\/noticias-de-hidalgo\/2022\/11\/16\/trabajamos-con-las-regiones-de-hidalgo-sin-vision-centralista-tania-meza\/\" target=\"_top\" rel=\"nofollow\"><span class=\"icon\"><\/span><span class=\"text\">Tweet<\/span><\/a><div class=\"onoffswitch2 mash-large mashsb-noshadow\" style=\"display:none\"><\/div><\/div>\n            <\/div>\n                <div style=\"clear:both\"><\/div><div class=\"mashsb-toggle-container\"><\/div><\/aside>\n            <!-- Share buttons by mashshare.net - Version: 4.0.47-->\n<ul class=\"wp-block-list\"><li>Se llev\u00f3 a cabo el cuarto Encuentro Cultural Regional, ahora en Huejutla de Reyes, con la participaci\u00f3n de 12 municipios.<\/li><li>Pr\u00f3ximamente ser\u00e1n realizados en Mineral del Monte, Tenango de Doria, Tepeapulco y Zimap\u00e1n.<\/li><\/ul>\n\n\n\n<p><em>Por Redacci\u00f3n\/Zunoticia<\/em><\/p>\n\n\n\n<p><strong>Huejutla, Hgo. &#8211; <\/strong>Durante el cuarto Encuentro Cultural Regional realizado en Huejutla de Reyes, Tania Meza Escorza, titular de la Secretar\u00eda de Cultura de Hidalgo, asegur\u00f3 que su administraci\u00f3n tiene como base el compromiso del gobernador Julio Menchaca Salazar, que es trabajar sin una visi\u00f3n centralista en las regiones de la entidad.<\/p>\n\n\n\n<p>En el Centro Cultural Regional de la Huasteca Hidalguense, coment\u00f3 que la dependencia que dirige jam\u00e1s tratar\u00e1 de imponer a los enlaces municipales estrategias de pol\u00edtica cultural, \u201cporque ustedes saben mejor que nosotros lo que sucede en sus municipios; se trata de compartir experiencias y para nosotros es un gusto comenzar a construir esta red regional\u201d, detall\u00f3.<\/p>\n\n\n\n<p>Adem\u00e1s de Huejutla, en el evento participaron los enlaces de cultura de los municipios de Atlapexco, Calnali, Huautla, Huazalingo, Jaltoc\u00e1n, Pisaflores, San Felipe Orizatl\u00e1n, Tepehuac\u00e1n de Guerrero, Tlanchinol, Xochiatipan y Yahualica, para crear una agenda com\u00fan con dos proyectos principales: la apertura oficial del Centro Cultural Regional de la Huasteca y la organizaci\u00f3n para el Festival de la Huasteca, que tendr\u00e1 como sede a Hidalgo luego de varios a\u00f1os.<\/p>\n\n\n\n<figure class=\"wp-block-image size-large is-resized\"><img fetchpriority=\"high\" decoding=\"async\" src=\"https:\/\/www.zunoticia.com\/noticias-de-hidalgo\/wp-content\/uploads\/2022\/11\/1116-Trabajamos-con-las-regiones-de-Hidalgo-sin-vision-centralista-Tania-Meza_02-1-1024x657.jpg\" alt=\"\" class=\"wp-image-455028\" width=\"610\" height=\"391\" srcset=\"https:\/\/www.zunoticia.com\/noticias-de-hidalgo\/wp-content\/uploads\/2022\/11\/1116-Trabajamos-con-las-regiones-de-Hidalgo-sin-vision-centralista-Tania-Meza_02-1-1024x657.jpg 1024w, https:\/\/www.zunoticia.com\/noticias-de-hidalgo\/wp-content\/uploads\/2022\/11\/1116-Trabajamos-con-las-regiones-de-Hidalgo-sin-vision-centralista-Tania-Meza_02-1-300x192.jpg 300w, https:\/\/www.zunoticia.com\/noticias-de-hidalgo\/wp-content\/uploads\/2022\/11\/1116-Trabajamos-con-las-regiones-de-Hidalgo-sin-vision-centralista-Tania-Meza_02-1-768x493.jpg 768w, https:\/\/www.zunoticia.com\/noticias-de-hidalgo\/wp-content\/uploads\/2022\/11\/1116-Trabajamos-con-las-regiones-de-Hidalgo-sin-vision-centralista-Tania-Meza_02-1-1536x985.jpg 1536w, https:\/\/www.zunoticia.com\/noticias-de-hidalgo\/wp-content\/uploads\/2022\/11\/1116-Trabajamos-con-las-regiones-de-Hidalgo-sin-vision-centralista-Tania-Meza_02-1-1568x1006.jpg 1568w, https:\/\/www.zunoticia.com\/noticias-de-hidalgo\/wp-content\/uploads\/2022\/11\/1116-Trabajamos-con-las-regiones-de-Hidalgo-sin-vision-centralista-Tania-Meza_02-1.jpg 1595w\" sizes=\"(max-width: 610px) 100vw, 610px\" \/><\/figure>\n\n\n\n<p>\u201cEste ser\u00e1 un gobierno a ras de tierra, como dice el gobernador Julio Menchaca, porque conocemos la problem\u00e1tica general de las instancias de la cultura, pero nadie mejor que ustedes para decirnos espec\u00edficamente c\u00f3mo la han vivido y resuelto en la regi\u00f3n Huasteca, ustedes nos ense\u00f1an a nosotros a trav\u00e9s de la experiencia\u201d, declar\u00f3 Meza Escorza.<\/p>\n\n\n\n<p>Agreg\u00f3 que el objetivo de estos encuentros regionales es crear v\u00ednculos con los enlaces de cultura municipales y con la comunidad art\u00edstica para facilitar el trabajo y conocer los procedimientos.<\/p>\n\n\n\n<p>\u201cEn estos encuentros regionales hemos descubierto que hay instancias municipales de la cultura que no saben que tienen presupuesto, esta reuni\u00f3n es para tejer lazos y para que nos cuenten sus experiencias desde la regi\u00f3n Huasteca, c\u00f3mo resuelven problemas, con el fin de que nosotros podamos ofrecerles soluciones y sean ustedes quienes determinen si les sirven o no\u201d, coment\u00f3.<\/p>\n\n\n\n<p>Por su parte, en representaci\u00f3n del presidente municipal de Huejutla, Daniel Andrade Zurutuza, el director de desarrollo humano, Sotero Ram\u00edrez Ram\u00edrez, destac\u00f3 la importancia de dar difusi\u00f3n a la riqueza cultural de la Huasteca hidalguense.<\/p>\n\n\n\n<figure class=\"wp-block-image size-large\"><img decoding=\"async\" width=\"1024\" height=\"655\" src=\"https:\/\/www.zunoticia.com\/noticias-de-hidalgo\/wp-content\/uploads\/2022\/11\/1116-Trabajamos-con-las-regiones-de-Hidalgo-sin-vision-centralista-Tania-Meza_03-1-1024x655.jpg\" alt=\"\" class=\"wp-image-455029\" srcset=\"https:\/\/www.zunoticia.com\/noticias-de-hidalgo\/wp-content\/uploads\/2022\/11\/1116-Trabajamos-con-las-regiones-de-Hidalgo-sin-vision-centralista-Tania-Meza_03-1-1024x655.jpg 1024w, https:\/\/www.zunoticia.com\/noticias-de-hidalgo\/wp-content\/uploads\/2022\/11\/1116-Trabajamos-con-las-regiones-de-Hidalgo-sin-vision-centralista-Tania-Meza_03-1-300x192.jpg 300w, https:\/\/www.zunoticia.com\/noticias-de-hidalgo\/wp-content\/uploads\/2022\/11\/1116-Trabajamos-con-las-regiones-de-Hidalgo-sin-vision-centralista-Tania-Meza_03-1-768x491.jpg 768w, https:\/\/www.zunoticia.com\/noticias-de-hidalgo\/wp-content\/uploads\/2022\/11\/1116-Trabajamos-con-las-regiones-de-Hidalgo-sin-vision-centralista-Tania-Meza_03-1-1536x983.jpg 1536w, https:\/\/www.zunoticia.com\/noticias-de-hidalgo\/wp-content\/uploads\/2022\/11\/1116-Trabajamos-con-las-regiones-de-Hidalgo-sin-vision-centralista-Tania-Meza_03-1-1568x1003.jpg 1568w, https:\/\/www.zunoticia.com\/noticias-de-hidalgo\/wp-content\/uploads\/2022\/11\/1116-Trabajamos-con-las-regiones-de-Hidalgo-sin-vision-centralista-Tania-Meza_03-1.jpg 1596w\" sizes=\"(max-width: 1024px) 100vw, 1024px\" \/><\/figure>\n\n\n\n<p>Tambi\u00e9n acudieron Irma Balderas Arrieta, subsecretaria de Innovaci\u00f3n y Emprendimiento Cultural; Diana Rangel Z\u00fa\u00f1iga, directora del Consejo Estatal para la Cultura y las Artes de Hidalgo (Cecultah); Daniela P\u00e9rez Mart\u00ednez, directora general de Arte Popular e Ind\u00edgena; Yatzin Montiel Vargas, directora general de Patrimonio Cultural, as\u00ed como Nydia Ramos Casta\u00f1eda, directora general de Bibliotecas y Fomento Editorial.<\/p>\n\n\n\n<p>El objetivo es promover el acercamiento entre los enlaces de cultura municipal y la dependencia estatal para mejorar los procesos de gesti\u00f3n cultural, se han llevado a cabo en Zacualtip\u00e1n de \u00c1ngeles, Huichapan, Ixmiquilpan y Huejutla, sin embargo, pr\u00f3ximamente tambi\u00e9n ser\u00e1n realizados en Mineral del Monte, Tenango de Doria, Tepeapulco y Zimap\u00e1n.<\/p>\n","protected":false},"excerpt":{"rendered":"<p>Se llev\u00f3 a cabo el cuarto Encuentro Cultural Regional, ahora en Huejutla de Reyes, con la participaci\u00f3n de 12 municipios. Pr\u00f3ximamente ser\u00e1n realizados en Mineral del Monte, Tenango de Doria, Tepeapulco y Zimap\u00e1n. Por Redacci\u00f3n\/Zunoticia Huejutla, Hgo. &#8211; Durante el cuarto Encuentro Cultural Regional realizado en Huejutla de Reyes, Tania Meza Escorza, titular de la&hellip; <a class=\"more-link\" href=\"https:\/\/www.zunoticia.com\/noticias-de-hidalgo\/2022\/11\/16\/trabajamos-con-las-regiones-de-hidalgo-sin-vision-centralista-tania-meza\/\">Seguir leyendo <span class=\"screen-reader-text\">Trabajamos con las regiones de Hidalgo sin visi\u00f3n centralista: Tania Meza<\/span><\/a><\/p>\n","protected":false},"author":12,"featured_media":455027,"comment_status":"closed","ping_status":"open","sticky":false,"template":"","format":"standard","meta":{"rop_custom_images_group":[],"rop_custom_messages_group":[],"rop_publish_now":"initial","rop_publish_now_accounts":{"facebook_10159540855086992_322828327761733":""},"rop_publish_now_history":[],"rop_publish_now_status":"pending","footnotes":""},"categories":[181],"tags":[121],"class_list":["post-455026","post","type-post","status-publish","format-standard","has-post-thumbnail","hentry","category-huejutla","tag-huejutla","entry"],"_links":{"self":[{"href":"https:\/\/www.zunoticia.com\/noticias-de-hidalgo\/wp-json\/wp\/v2\/posts\/455026","targetHints":{"allow":["GET"]}}],"collection":[{"href":"https:\/\/www.zunoticia.com\/noticias-de-hidalgo\/wp-json\/wp\/v2\/posts"}],"about":[{"href":"https:\/\/www.zunoticia.com\/noticias-de-hidalgo\/wp-json\/wp\/v2\/types\/post"}],"author":[{"embeddable":true,"href":"https:\/\/www.zunoticia.com\/noticias-de-hidalgo\/wp-json\/wp\/v2\/users\/12"}],"replies":[{"embeddable":true,"href":"https:\/\/www.zunoticia.com\/noticias-de-hidalgo\/wp-json\/wp\/v2\/comments?post=455026"}],"version-history":[{"count":1,"href":"https:\/\/www.zunoticia.com\/noticias-de-hidalgo\/wp-json\/wp\/v2\/posts\/455026\/revisions"}],"predecessor-version":[{"id":455030,"href":"https:\/\/www.zunoticia.com\/noticias-de-hidalgo\/wp-json\/wp\/v2\/posts\/455026\/revisions\/455030"}],"wp:featuredmedia":[{"embeddable":true,"href":"https:\/\/www.zunoticia.com\/noticias-de-hidalgo\/wp-json\/wp\/v2\/media\/455027"}],"wp:attachment":[{"href":"https:\/\/www.zunoticia.com\/noticias-de-hidalgo\/wp-json\/wp\/v2\/media?parent=455026"}],"wp:term":[{"taxonomy":"category","embeddable":true,"href":"https:\/\/www.zunoticia.com\/noticias-de-hidalgo\/wp-json\/wp\/v2\/categories?post=455026"},{"taxonomy":"post_tag","embeddable":true,"href":"https:\/\/www.zunoticia.com\/noticias-de-hidalgo\/wp-json\/wp\/v2\/tags?post=455026"}],"curies":[{"name":"wp","href":"https:\/\/api.w.org\/{rel}","templated":true}]}}